{"id":54193,"date":"2025-07-03T17:12:08","date_gmt":"2025-07-03T17:12:08","guid":{"rendered":"https:\/\/ikimisli.tr\/?p=54193"},"modified":"2025-07-03T17:12:08","modified_gmt":"2025-07-03T17:12:08","slug":"merkez-bankasi-devam-dedi-uzmanlar-ikiye-ayrildi","status":"publish","type":"post","link":"https:\/\/ikimisli.tr\/index.php\/2025\/07\/03\/merkez-bankasi-devam-dedi-uzmanlar-ikiye-ayrildi\/","title":{"rendered":"Merkez Bankas\u0131 devam dedi: Uzmanlar ikiye ayr\u0131ld\u0131"},"content":{"rendered":"<p>T\u00fcrkiye Cumhuriyet Merkez Bankas\u0131 mart ay\u0131 faiz karar\u0131 toplant\u0131s\u0131nda faizleri beklentiler dahilinde 250 baz puan indirerek y\u00fczde 42,5 d\u00fczeyine \u00e7ekti.\u00a0<\/p>\n<p>Banka, 2024 Aral\u0131k ve 2025 Ocak&#8217;ta faiz kararlar\u0131nda \u00fcst \u00fcste 250&#8217;\u015fer baz puan indirime giderek siyaset faizini y\u00fczde 50 d\u00fczeyine \u00e7ekmi\u015fti.<\/p>\n<p>Peki ekonomistler Merkez Bankas\u0131&#8217;n\u0131n karar\u0131n\u0131 nas\u0131l k\u0131ymetlendirdi? \u0130\u015fte o de\u011ferlendirmeler&#8230;\u00a0<\/p>\n<p>Merkez Ba\u015fekonomisti Hakan Kara, piyasa beklentilerine paralel oldu\u011funu s\u00f6yleyerek, &#8220;Merkez Bankas\u0131 s\u00fcrpriz yapmad\u0131. S\u0131k\u0131c\u0131 para siyaseti yeterlidir.&#8221; a\u00e7\u0131klamas\u0131nda bulundu.Ekonomist \u0130ris Cibre, Merkez Bankas\u0131&#8217;n\u0131n gelecek kararlar\u0131na ait de\u011ferlendirmelerde bulunarak, birinci a\u00e7\u0131kland\u0131\u011f\u0131nda, Merkez Beklenti do\u011frultusunda, negatif sonuca yol a\u00e7mayan\/a\u00e7mayacak ger\u00e7ek bir ad\u0131m att\u0131<\/p>\n<p>Ana metinde k\u0131ymetli bir de\u011fi\u015fim yok. Yaln\u0131zca, &#8220;Kurul at\u0131lacak ad\u0131mlar\u0131 enflasyon g\u00f6r\u00fcn\u00fcm\u00fc odakl\u0131, ihtiyatl\u0131 ve toplant\u0131 bazl\u0131 bir yakla\u015f\u0131mla belirleyecektir&#8221;<br \/>c\u00fcmlesine, &#8220;politika faizi ad\u0131mlar\u0131&#8221; olarak vurgu yapm\u0131\u015f<\/p>\n<p>Kurda rastgele bir hareket olmamas\u0131 da karar\u0131 destekliyor Tahviller stabil, Borsada bir d\u00fczeltme esasen grafikte g\u00f6r\u00fcn\u00fcyordu, ufaktan geldi&#8221; dedi. Daha sonra ise Cibre, &#8220;Kurul at\u0131lacak ad\u0131mlar\u0131 enflasyon g\u00f6r\u00fcn\u00fcm\u00fc odakl\u0131, ihtiyatl\u0131 ve toplant\u0131 bazl\u0131 bir yakla\u015f\u0131mla belirleyecektir&#8221; c\u00fcmlesine, &#8220;politika faizi ad\u0131mlar\u0131 olarak vurgu yapm\u0131\u015f. Yani, bilhassa diyor ki Her toplant\u0131da faiz indirece\u011fime g\u00fcvenmeyin&#8221; a\u00e7\u0131klamas\u0131nda bulundu.<\/p>\n<p>Ekonomist Tun\u00e7 \u015eat\u0131ro\u011flu, enflasyona dikkat \u00e7ekerek, &#8220;Enflasyon kestirimini ge\u00e7en ay \u00fcst revize edip art\u0131k \u00fcst\u00fcne faiz indirdiler. Enflasyon lobisi kazan\u0131yor.&#8221; de\u011ferlendirmesinde bulundu.<\/p>\n<p>\u00a0<\/p>\n","protected":false},"excerpt":{"rendered":"<p>T\u00fcrkiye Cumhuriyet Merkez Bankas\u0131 mart ay\u0131 faiz karar\u0131 toplant\u0131s\u0131nda faizleri 250 baz puan indirerek y\u00fczde 42,5 d\u00fczeyine \u00e7ekti. Karar\u0131n akabinde ekonomistler faiz indirim ihtimallerini k\u0131ymetlendirdi. \u0130\u015fte ekonomistlerin de\u011ferlendirmeleri&#8230;<\/p>\n","protected":false},"author":1,"featured_media":54194,"comment_status":"open","ping_status":"open","sticky":false,"template":"","format":"standard","meta":{"footnotes":""},"categories":[24],"tags":[5136,49,176,1622],"class_list":["post-54193","post","type-post","status-publish","format-standard","has-post-thumbnail","hentry","category-ekonomi","tag-adim","tag-enflasyon","tag-faiz","tag-merkez"],"_links":{"self":[{"href":"https:\/\/ikimisli.tr\/index.php\/wp-json\/wp\/v2\/posts\/54193","targetHints":{"allow":["GET"]}}],"collection":[{"href":"https:\/\/ikimisli.tr\/index.php\/wp-json\/wp\/v2\/posts"}],"about":[{"href":"https:\/\/ikimisli.tr\/index.php\/wp-json\/wp\/v2\/types\/post"}],"author":[{"embeddable":true,"href":"https:\/\/ikimisli.tr\/index.php\/wp-json\/wp\/v2\/users\/1"}],"replies":[{"embeddable":true,"href":"https:\/\/ikimisli.tr\/index.php\/wp-json\/wp\/v2\/comments?post=54193"}],"version-history":[{"count":1,"href":"https:\/\/ikimisli.tr\/index.php\/wp-json\/wp\/v2\/posts\/54193\/revisions"}],"predecessor-version":[{"id":54195,"href":"https:\/\/ikimisli.tr\/index.php\/wp-json\/wp\/v2\/posts\/54193\/revisions\/54195"}],"wp:featuredmedia":[{"embeddable":true,"href":"https:\/\/ikimisli.tr\/index.php\/wp-json\/wp\/v2\/media\/54194"}],"wp:attachment":[{"href":"https:\/\/ikimisli.tr\/index.php\/wp-json\/wp\/v2\/media?parent=54193"}],"wp:term":[{"taxonomy":"category","embeddable":true,"href":"https:\/\/ikimisli.tr\/index.php\/wp-json\/wp\/v2\/categories?post=54193"},{"taxonomy":"post_tag","embeddable":true,"href":"https:\/\/ikimisli.tr\/index.php\/wp-json\/wp\/v2\/tags?post=54193"}],"curies":[{"name":"wp","href":"https:\/\/api.w.org\/{rel}","templated":true}]}}