{"id":54199,"date":"2025-07-03T17:36:10","date_gmt":"2025-07-03T17:36:10","guid":{"rendered":"https:\/\/ikimisli.tr\/?p=54199"},"modified":"2025-07-03T17:36:10","modified_gmt":"2025-07-03T17:36:10","slug":"rtukun-hedefinde-lgbt-var-2025-lgbt-ile-mucadele-yili-ilan-edildi","status":"publish","type":"post","link":"https:\/\/ikimisli.tr\/index.php\/2025\/07\/03\/rtukun-hedefinde-lgbt-var-2025-lgbt-ile-mucadele-yili-ilan-edildi\/","title":{"rendered":"RT\u00dcK&#8217;\u00fcn hedefinde LGBT var: 2025, &#8216;LGBT ile m\u00fccadele&#8217; y\u0131l\u0131 ilan edildi"},"content":{"rendered":"<p>Radyo ve Televizyon \u00dcst Kurulu (RT\u00dcK) ve Bilgi Teknolojileri ve \u0130leti\u015fim Kurumu (BTK) temsilcilerinin, T\u00fcrkiye B\u00fcy\u00fck Millet Meclisi&#8217;nde (TBMM) \u00c7ocu\u011fa Kar\u015f\u0131 \u015eiddet ve \u0130stismar\u0131 Ara\u015ft\u0131rma Komisyonu\u2019na yapt\u0131klar\u0131 sunumda, LGBT z\u0131dd\u0131 tabirler dikkat \u00e7ekti. Sunumda, her iki kurumun yetkilileri, LGBT i\u00e7eriklerine kar\u015f\u0131 s\u0131k\u0131 bir tav\u0131r sergilediklerini ve bu mevzuda al\u0131nacak tedbirler hakk\u0131nda a\u00e7\u0131klamalar yapt\u0131.<\/p>\n<p>RT\u00dcK Lider Yard\u0131mc\u0131s\u0131 Feyzullah Tecirli, 2025 y\u0131l\u0131n\u0131n &#8220;aile y\u0131l\u0131&#8221; ilan edilmesiyle birlikte, &#8220;LGBT ile \u00e7aba y\u0131l\u0131&#8221; olarak belirlenen bir g\u00fcndem olu\u015fturduklar\u0131n\u0131 belirtti. Tecirli, bu \u00e7er\u00e7evede ekran ba\u011f\u0131ml\u0131l\u0131\u011f\u0131 ve LGBT i\u00e7erikleriyle \u00e7abay\u0131 ana temalar olarak ele ald\u0131klar\u0131n\u0131 vurgulad\u0131. Tecirli, &#8220;Sans\u00fcr uygulamaktan \u00e7ok aile ve \u00e7ocuk dostu hareketleri destekliyoruz&#8221; formunda s\u00f6z kulland\u0131.<\/p>\n<p>BTK Lider Yard\u0131mc\u0131s\u0131 Abd\u00fclkerim G\u00fcn ise \u015fu s\u00f6zleri kulland\u0131:<\/p>\n<p>&#8220;BTK olarak inan\u00e7l\u0131 internet hizmeti manas\u0131nda, filtreleme ba\u011flam\u0131nda biz \u00e7ocu\u011fa odaklan\u0131yoruz fakat LGBT i\u00e7eriklerine asla m\u00fcsaade vermiyoruz. Bu ba\u011flamda \u00e7ok say\u0131da dernek \u015fu bu ile daval\u0131\u011f\u0131z, bundan da asla gocunmuyoruz, asla m\u00fcsaade vermiyoruz.\u201d<\/p>\n","protected":false},"excerpt":{"rendered":"<p>RT\u00dcK Lider Yard\u0131mc\u0131s\u0131 Feyzullah Tecirli, &#8220;2025 y\u0131l\u0131n\u0131 LGBT ile u\u011fra\u015f y\u0131l\u0131 ilan ettik&#8221; a\u00e7\u0131klamas\u0131n\u0131 yapt\u0131. Birebir a\u00e7\u0131klamaya ek olarak, BTK Lider Yard\u0131mc\u0131s\u0131 Abd\u00fclkerim G\u00fcn ise, &#8220;LGBT i\u00e7eriklerine asla m\u00fcsaade vermiyoruz&#8221; tabirini kulland\u0131.<\/p>\n","protected":false},"author":1,"featured_media":54200,"comment_status":"open","ping_status":"open","sticky":false,"template":"","format":"standard","meta":{"footnotes":""},"categories":[25],"tags":[2052],"class_list":["post-54199","post","type-post","status-publish","format-standard","has-post-thumbnail","hentry","category-gundem","tag-lgbt"],"_links":{"self":[{"href":"https:\/\/ikimisli.tr\/index.php\/wp-json\/wp\/v2\/posts\/54199","targetHints":{"allow":["GET"]}}],"collection":[{"href":"https:\/\/ikimisli.tr\/index.php\/wp-json\/wp\/v2\/posts"}],"about":[{"href":"https:\/\/ikimisli.tr\/index.php\/wp-json\/wp\/v2\/types\/post"}],"author":[{"embeddable":true,"href":"https:\/\/ikimisli.tr\/index.php\/wp-json\/wp\/v2\/users\/1"}],"replies":[{"embeddable":true,"href":"https:\/\/ikimisli.tr\/index.php\/wp-json\/wp\/v2\/comments?post=54199"}],"version-history":[{"count":1,"href":"https:\/\/ikimisli.tr\/index.php\/wp-json\/wp\/v2\/posts\/54199\/revisions"}],"predecessor-version":[{"id":54201,"href":"https:\/\/ikimisli.tr\/index.php\/wp-json\/wp\/v2\/posts\/54199\/revisions\/54201"}],"wp:featuredmedia":[{"embeddable":true,"href":"https:\/\/ikimisli.tr\/index.php\/wp-json\/wp\/v2\/media\/54200"}],"wp:attachment":[{"href":"https:\/\/ikimisli.tr\/index.php\/wp-json\/wp\/v2\/media?parent=54199"}],"wp:term":[{"taxonomy":"category","embeddable":true,"href":"https:\/\/ikimisli.tr\/index.php\/wp-json\/wp\/v2\/categories?post=54199"},{"taxonomy":"post_tag","embeddable":true,"href":"https:\/\/ikimisli.tr\/index.php\/wp-json\/wp\/v2\/tags?post=54199"}],"curies":[{"name":"wp","href":"https:\/\/api.w.org\/{rel}","templated":true}]}}