{"id":54370,"date":"2025-07-04T02:48:05","date_gmt":"2025-07-04T02:48:05","guid":{"rendered":"https:\/\/ikimisli.tr\/?p=54370"},"modified":"2025-07-04T02:48:05","modified_gmt":"2025-07-04T02:48:05","slug":"iskiden-o-iddialara-iliskin-aciklama-geldi","status":"publish","type":"post","link":"https:\/\/ikimisli.tr\/index.php\/2025\/07\/04\/iskiden-o-iddialara-iliskin-aciklama-geldi\/","title":{"rendered":"\u0130SK\u0130&#8217;den o iddialara ili\u015fkin a\u00e7\u0131klama geldi"},"content":{"rendered":"<p>\u0130SK\u0130, kelam konusu b\u00f6lgedeki at\u0131k su meselesine kal\u0131c\u0131 bir tahlil getirmek gayesiyle projelendirme \u00e7al\u0131\u015fmalar\u0131n\u0131n tamamland\u0131\u011f\u0131n\u0131 ve boru itme usul\u00fcyle \u00e7izginin yenilenmesi i\u00e7in gerekli ruhsatlar\u0131n al\u0131nd\u0131\u011f\u0131n\u0131 belirtti. A\u00e7\u0131klamada, 10 \u015eubat 2025 prestijiyle imalat \u00e7al\u0131\u015fmalar\u0131na ba\u015fland\u0131\u011f\u0131 ve bu durumun Etraf, \u015eehircilik ve \u0130klim De\u011fi\u015fikli\u011fi Vilayet M\u00fcd\u00fcrl\u00fc\u011f\u00fc\u2019ne bildirildi\u011fi tabir edildi.<\/p>\n<p>\u0130SK\u0130, altyap\u0131 \u00e7al\u0131\u015fmalar\u0131n\u0131n devam ederken, t\u0131pk\u0131 b\u00f6lgede ikinci sefer idari para cezas\u0131 kesildi\u011fini, fakat bu cezaya kar\u015f\u0131 hukuk m\u00fc\u015favirli\u011fi taraf\u0131ndan itirazda bulunulaca\u011f\u0131 bilgisini verdi. Ayr\u0131yeten, y\u00fcr\u00fct\u00fclen altyap\u0131 \u00e7al\u0131\u015fmalar\u0131n\u0131n tamamlanmas\u0131yla birlikte b\u00f6lgedeki at\u0131k sular\u0131n ar\u0131tma tesislerine y\u00f6nlendirilerek Bo\u011faz\u2019a at\u0131k su giri\u015finin engellenece\u011fi vurguland\u0131.<\/p>\n<p><strong>\u00c7evre Bakanl\u0131\u011f\u0131&#8217;ndan \u0130dari Para Cezas\u0131<\/strong><\/p>\n<p>\u00d6te yandan, Etraf, \u015eehircilik ve \u0130klim De\u011fi\u015fikli\u011fi Bakanl\u0131\u011f\u0131, b\u00f6lgedeki gerekli \u00f6nlemlerin al\u0131nmad\u0131\u011f\u0131n\u0131 belirterek, ikinci kere denize evsel at\u0131k su de\u015farj\u0131 yap\u0131ld\u0131\u011f\u0131n\u0131 duyurdu. Bakanl\u0131k, \u0130SK\u0130&#8217;ye \u00c7evre Kanunu kapsam\u0131nda 2 milyon 674 bin TL mebla\u011f\u0131nda idari para cezas\u0131 uyguland\u0131\u011f\u0131n\u0131 a\u00e7\u0131klad\u0131.<\/p>\n<p>\u0130SK\u0130, hususa ait tart\u0131\u015fmalar\u0131n devam etti\u011fini belirtirken, t\u00fczel s\u00fcrecin takip edilece\u011fi ve b\u00f6lgedeki altyap\u0131 \u00e7al\u0131\u015fmalar\u0131n\u0131n tamamlanarak at\u0131k su meselesini kal\u0131c\u0131 olarak tahlile kavu\u015fturmay\u0131 hedeflediklerini s\u00f6z etti.<\/p>\n","protected":false},"excerpt":{"rendered":"<p>\u0130stanbul Su ve Kanalizasyon Y\u00f6netimi (\u0130SK\u0130), \u00dcsk\u00fcdar Kuleli Mahallesi&#8217;nde ikinci defa denize at\u0131k su de\u015farj\u0131 yap\u0131ld\u0131\u011f\u0131na dair ortaya at\u0131lan arg\u00fcmanlara resmi a\u00e7\u0131klama yaparak cevap verdi.<\/p>\n","protected":false},"author":1,"featured_media":54371,"comment_status":"open","ping_status":"open","sticky":false,"template":"","format":"standard","meta":{"footnotes":""},"categories":[25],"tags":[1574,2358],"class_list":["post-54370","post","type-post","status-publish","format-standard","has-post-thumbnail","hentry","category-gundem","tag-atik-su","tag-bolgede"],"_links":{"self":[{"href":"https:\/\/ikimisli.tr\/index.php\/wp-json\/wp\/v2\/posts\/54370","targetHints":{"allow":["GET"]}}],"collection":[{"href":"https:\/\/ikimisli.tr\/index.php\/wp-json\/wp\/v2\/posts"}],"about":[{"href":"https:\/\/ikimisli.tr\/index.php\/wp-json\/wp\/v2\/types\/post"}],"author":[{"embeddable":true,"href":"https:\/\/ikimisli.tr\/index.php\/wp-json\/wp\/v2\/users\/1"}],"replies":[{"embeddable":true,"href":"https:\/\/ikimisli.tr\/index.php\/wp-json\/wp\/v2\/comments?post=54370"}],"version-history":[{"count":1,"href":"https:\/\/ikimisli.tr\/index.php\/wp-json\/wp\/v2\/posts\/54370\/revisions"}],"predecessor-version":[{"id":54372,"href":"https:\/\/ikimisli.tr\/index.php\/wp-json\/wp\/v2\/posts\/54370\/revisions\/54372"}],"wp:featuredmedia":[{"embeddable":true,"href":"https:\/\/ikimisli.tr\/index.php\/wp-json\/wp\/v2\/media\/54371"}],"wp:attachment":[{"href":"https:\/\/ikimisli.tr\/index.php\/wp-json\/wp\/v2\/media?parent=54370"}],"wp:term":[{"taxonomy":"category","embeddable":true,"href":"https:\/\/ikimisli.tr\/index.php\/wp-json\/wp\/v2\/categories?post=54370"},{"taxonomy":"post_tag","embeddable":true,"href":"https:\/\/ikimisli.tr\/index.php\/wp-json\/wp\/v2\/tags?post=54370"}],"curies":[{"name":"wp","href":"https:\/\/api.w.org\/{rel}","templated":true}]}}