{"id":5455,"date":"2025-01-21T02:24:02","date_gmt":"2025-01-21T02:24:02","guid":{"rendered":"https:\/\/ikimisli.tr\/?p=5455"},"modified":"2025-01-21T02:24:02","modified_gmt":"2025-01-21T02:24:02","slug":"emekli-tas-kaynatti-simseke-para-topladi","status":"publish","type":"post","link":"https:\/\/ikimisli.tr\/index.php\/2025\/01\/21\/emekli-tas-kaynatti-simseke-para-topladi\/","title":{"rendered":"Emekli ta\u015f kaynatt\u0131 \u015eim\u015fek\u2019e para toplad\u0131"},"content":{"rendered":"<p>Enflasyonu d\u00fc\u015f\u00fcrme mazeretiyle yap\u0131lan d\u00fc\u015f\u00fck art\u0131r\u0131mlar ve ak\u0131l d\u0131\u015f\u0131 uygulamalara reaksiyonlar dinmiyor. Personel, emekli, memur, engelli toplumun her k\u0131sm\u0131 \u00e7abucak her g\u00fcn bir yerde aksiyon yap\u0131yor. \u0130ktidar \u015fu ana kadar bu aksiyonlar\u0131 g\u00f6rmezden gelip kulak t\u0131kad\u0131 ve bu hareketlerin her ge\u00e7en g\u00fcn artmas\u0131na sebep oldu. D\u00fcn emekliler Ankara\u2019da T\u00fcrkiye \u0130statistik Kurumu (T\u00dc\u0130K) binas\u0131n\u0131n \u00f6n\u00fcnde oturma aksiyonu yapt\u0131, tencerede ta\u015f kaynat\u0131p Hazine ve Maliye Bakan\u0131 Mehmet \u015eim\u015fek i\u00e7in para toplad\u0131. T\u00fcrkiye Devrimci Emek\u00e7i Sendikalar\u0131 Konfederasyonu (D\u0130SK) da \u0130stanbul\u2019da yapt\u0131\u011f\u0131 bas\u0131n a\u00e7\u0131klamas\u0131nda 2025\u2019te sokaklar\u0131 terk etmeyeceklerini s\u00f6yledi. Engelliler ise ara\u00e7 al\u0131mlar\u0131nda yap\u0131lan de\u011fi\u015fikliklere reaksiyon i\u00e7in Hazine ve Maliye Bakanl\u0131\u011f\u0131 \u00f6n\u00fcnde topland\u0131.<\/p>\n<p>T\u00dc\u0130K\u2019in \u00f6n\u00fcndeki aksiyonda a\u00e7\u0131klama yapan T\u00fcm Emekliler Sendikas\u0131 Ba\u015fkan\u0131 Salman H\u00fcrkarde\u015f, \u201c\u0130ktidar bizlerden tekrar sab\u0131r istiyor. Ger\u00e7ek enflasyonu y\u0131llard\u0131r T\u00dc\u0130K marifetiyle gizliyorlar\u201d dedi.<\/p>\n<p><img decoding=\"async\" src=\"https:\/\/ikimisli.tr\/wp-content\/uploads\/2025\/01\/emekli-tas-kaynatti-simseke-para-topladi-0-R5hZ8xcl.jpg\"\/><\/p>\n<p><em>D\u0130SK \u00f6rg\u00fctlenme daveti yapt\u0131.<\/em><\/p>\n<p><strong>HAKLARIMIZI S\u00d6KE S\u00d6KE ALACA\u011eIZ<\/strong><\/p>\n<p>T\u00fcrkiye Sakatlar Konfederasyonu, Memur-Sen, Engelliler Konfederasyonu ve Hak-\u0130\u015f \u00fcyelerinin engelliler aksiyonuna CHP Genel Lider Yard\u0131mc\u0131s\u0131 Aylin Nazl\u0131aka da kat\u0131ld\u0131. Engelliler, \u201cBize tahlil \u00fcretmeyen devlet tekerlekli sandalyemizi el arabas\u0131 ile ta\u015f\u0131mam\u0131z\u0131 bekliyor\u201d dedi. A\u00e7\u0131klamada, \u201cSon devirde engelli haklar\u0131na y\u00f6nelik sistematik hak kay\u0131plar\u0131 yap\u0131ld\u0131. Y\u00f6netmelik de\u011fi\u015fikli\u011fiyle binlerce bak\u0131ma muhta\u00e7 engelli birey mukadderat\u0131na terk edildi\u2019\u2019 denildi. \u0130stanbul\u2019daki bas\u0131n a\u00e7\u0131klamas\u0131nda konu\u015fan D\u0130SK Ba\u015fkan\u0131 Arzu \u00c7erkezo\u011flu ise, \u201cYeni y\u0131lda t\u00fcm personel ayk\u0131r\u0131s\u0131 siyasetlerin sorumlusu olan iktidar kar\u015f\u0131s\u0131nda daha fazla gen\u00e7, daha fazla bayan, daha fazla emek\u00e7i dayan\u0131\u015fmas\u0131 ile g\u00fc\u00e7lenmi\u015f, haklar\u0131n\u0131 talep etmekle kalmay\u0131p s\u00f6ke s\u00f6ke alan bir emek gayretini bulacak\u201d dedi.<\/p>\n<p><img decoding=\"async\" src=\"https:\/\/ikimisli.tr\/wp-content\/uploads\/2025\/01\/emekli-tas-kaynatti-simseke-para-topladi-1-SKXfDxCa.jpg\"\/><\/p>\n<p><em>\u015eim\u015fek i\u00e7in para toplad\u0131lar.<\/em><\/p>\n<p><b><span>\u00c7ocuklar\u0131m\u0131z\u0131 so\u011fanla doyurmaya \u00e7al\u0131\u015f\u0131yoruz<\/span><\/b><\/p>\n<p>T\u00dc\u0130K\u00f6n\u00fcnde toplanan emekliler, tencerede ta\u015f kaynatt\u0131 ve yere mendil a\u00e7\u0131p Hazine Maliye Bakan\u0131 Mehmet \u015eim\u015fek i\u00e7in para toplad\u0131. Emekliler ka\u011f\u0131tlara \u201cMehmet \u015eim\u015fek\u2019e Yard\u0131m\u201d yaz\u0131p dilendi. \u015eim\u015fek i\u00e7in verilen en b\u00fcy\u00fck para 5 lira oldu. Emekliler hareketin sonunda ta\u015f kaynatt\u0131\u011f\u0131 tencereyi T\u00dc\u0130K\u2019in \u00f6n\u00fcne b\u0131rakt\u0131 ve \u201cMutfakta keder ve ta\u015f kayn\u0131yor\u201d dediler.\u00a0 Elindeki so\u011fan\u0131 ve fi\u015fini g\u00f6steren bir emekli, \u201cBu so\u011fan 4.50 TL. \u00c7ocuklar\u0131m\u0131z\u0131 lakin so\u011fanla doyurmaya \u00e7al\u0131\u015f\u0131yoruz\u201d dedi. \u00d6teki bir emekli ise \u015f\u00f6yle isyan etti: \u201cPazarda bir file lakin bin 500 TL\u2019ye doluyor. O da bir hafta yetiyor. Emekliye geriye kalan \u00fc\u00e7 hafta ta\u015f kaynat\u0131n diyorlar.\u201d<\/p>\n<p><b><span>Y\u0131l boyunca sokaklarday\u0131z<\/span><\/b><\/p>\n<p>\u0130stanbul\u2019daki aksiyonda konu\u015fan D\u0130SK Genel Ba\u015fkan\u0131 Arzu \u00c7erkezo\u011flu, \u201cY\u0131l boyunca, daima olarak meydanlarda olmaya devam edece\u011fiz. Sokaklar\u0131 ve meydanlar\u0131 asla terk etmeyece\u011fiz. Sesimizin, hareketlerimizin, etkimizin g\u00fc\u00e7lenmesi i\u00e7in daha fazlas\u0131n\u0131 yapmam\u0131z gerekti\u011fi de a\u00e7\u0131k. 2025 y\u0131l\u0131n\u0131 kad\u0131n\u0131-erke\u011fi, beyaz yakal\u0131s\u0131-mavi yakal\u0131s\u0131, t\u00fcm i\u015fkollar\u0131nda \u00e7al\u0131\u015fan ve taban ya\u015famaya mahk\u00fbm edilmek istenen T\u00fcrkiye\u2019nin d\u00f6rt bir yan\u0131ndaki s\u0131n\u0131f karde\u015flerimizle bulu\u015faca\u011f\u0131m\u0131z bir y\u0131l olarak g\u00f6r\u00fcyoruz\u201d dedi.<\/p>\n<p><img decoding=\"async\" src=\"https:\/\/ikimisli.tr\/wp-content\/uploads\/2025\/01\/emekli-tas-kaynatti-simseke-para-topladi-2-QWTBimxb.jpg\"\/><\/p>\n<p><b><span>\u2018Engellinin s\u0131rt\u0131ndan iktisat d\u00fczelmez\u2019<\/span><\/b><\/p>\n<p>Hazine ve Maliye Bakanl\u0131\u011f\u0131 \u00f6n\u00fcnde konu\u015fan Memur-Sen Engelli Komitesi Lideri Ahmet D\u00f6nmez, \u201cEy Maliye yetkilileri, engelliler kald\u0131r\u0131mlarda y\u00fcr\u00fcyemiyor, otob\u00fcslere binemiyor, yola \u00e7\u0131kma \u00f6zg\u00fcrl\u00fcklerini de siz ellerinden ald\u0131n\u0131z. Size mutluluklar diliyorum\u201d dedi. A\u00e7\u0131klama s\u0131ras\u0131nda \u201cEngellinin s\u0131rt\u0131ndan iktisat d\u00fczelmez\u201d, \u201cHaklardan de\u011fil, israftan tasarruf\u201d, \u201cEngelliye \u00f6zg\u00fcrl\u00fck, topluma zenginlik\u201d, \u201cArac\u0131ma dokunma, \u00f6zg\u00fcrl\u00fc\u011fe yol ver\u2019\u201d sloganlar\u0131 at\u0131ld\u0131.<\/p>\n","protected":false},"excerpt":{"rendered":"<p>Yeni y\u0131l yoksulluk art\u0131r\u0131mlar\u0131na kar\u015f\u0131 aksiyonlarla ba\u015flad\u0131. \u00c7abucak her g\u00fcn farkl\u0131 bir emekli, emek\u00e7i, memur, engelli hareketi yap\u0131l\u0131yor. Aksiyonlarda yarat\u0131c\u0131l\u0131k da art\u0131yor. Engelliler el arabas\u0131, emekliler ta\u015f kaynatt\u0131klar\u0131 tencereler getirdi.<\/p>\n","protected":false},"author":1,"featured_media":5456,"comment_status":"open","ping_status":"open","sticky":false,"template":"","format":"standard","meta":{"footnotes":""},"categories":[24],"tags":[1462,259,849,228,1461],"class_list":["post-5455","post","type-post","status-publish","format-standard","has-post-thumbnail","hentry","category-ekonomi","tag-emek","tag-engelli","tag-eylem","tag-hak","tag-tas"],"_links":{"self":[{"href":"https:\/\/ikimisli.tr\/index.php\/wp-json\/wp\/v2\/posts\/5455","targetHints":{"allow":["GET"]}}],"collection":[{"href":"https:\/\/ikimisli.tr\/index.php\/wp-json\/wp\/v2\/posts"}],"about":[{"href":"https:\/\/ikimisli.tr\/index.php\/wp-json\/wp\/v2\/types\/post"}],"author":[{"embeddable":true,"href":"https:\/\/ikimisli.tr\/index.php\/wp-json\/wp\/v2\/users\/1"}],"replies":[{"embeddable":true,"href":"https:\/\/ikimisli.tr\/index.php\/wp-json\/wp\/v2\/comments?post=5455"}],"version-history":[{"count":1,"href":"https:\/\/ikimisli.tr\/index.php\/wp-json\/wp\/v2\/posts\/5455\/revisions"}],"predecessor-version":[{"id":5460,"href":"https:\/\/ikimisli.tr\/index.php\/wp-json\/wp\/v2\/posts\/5455\/revisions\/5460"}],"wp:featuredmedia":[{"embeddable":true,"href":"https:\/\/ikimisli.tr\/index.php\/wp-json\/wp\/v2\/media\/5456"}],"wp:attachment":[{"href":"https:\/\/ikimisli.tr\/index.php\/wp-json\/wp\/v2\/media?parent=5455"}],"wp:term":[{"taxonomy":"category","embeddable":true,"href":"https:\/\/ikimisli.tr\/index.php\/wp-json\/wp\/v2\/categories?post=5455"},{"taxonomy":"post_tag","embeddable":true,"href":"https:\/\/ikimisli.tr\/index.php\/wp-json\/wp\/v2\/tags?post=5455"}],"curies":[{"name":"wp","href":"https:\/\/api.w.org\/{rel}","templated":true}]}}