{"id":54558,"date":"2025-07-04T13:00:09","date_gmt":"2025-07-04T13:00:09","guid":{"rendered":"https:\/\/ikimisli.tr\/?p=54558"},"modified":"2025-07-04T13:00:09","modified_gmt":"2025-07-04T13:00:09","slug":"devlet-bahcelinin-saglik-durumu-nasil-mhpden-aciklama-var","status":"publish","type":"post","link":"https:\/\/ikimisli.tr\/index.php\/2025\/07\/04\/devlet-bahcelinin-saglik-durumu-nasil-mhpden-aciklama-var\/","title":{"rendered":"Devlet Bah\u00e7eli&#8217;nin sa\u011fl\u0131k durumu nas\u0131l? MHP&#8217;den a\u00e7\u0131klama var"},"content":{"rendered":"<p>TBMM Ba\u015fkanvekili Celal Adan, MHP \u0130stanbul Vilayet Te\u015fkilat\u0131n\u0131n d\u00fczenledi\u011fi iftar program\u0131na kat\u0131ld\u0131. Vatanda\u015flarla bir ortaya gelen Adan bir m\u00fchlet sohbet etti.<\/p>\n<p>Ard\u0131ndan iftar \u00e7ad\u0131r\u0131na gelen vatanda\u015flara yemek ikram\u0131nda bulundu.<\/p>\n<p><b>BAH\u00c7EL\u0130&#8217;N\u0130N SIHHAT DURUMU NASIL?<\/b><\/p>\n<p>Gazetecilerin sorular\u0131n\u0131 yan\u0131tlayan Celal Adan, Devlet Bah\u00e7eli&#8217;nin akt\u00fcel s\u0131hhat durumuyla ilgili bilgi payla\u015ft\u0131.<\/p>\n<p>NTV&#8217;de yer alan habere nazaran, Adan, &#8220;Say\u0131n genel liderimiz T\u00fcrk siyasetinin yeti\u015ftirdi\u011fi en b\u00fcy\u00fck devlet adam\u0131d\u0131r. Sa\u011fl\u0131kl\u0131d\u0131r s\u0131hhatlidir. Bir s\u00fcre\u00e7 ya\u015f\u0131yoruz. Bug\u00fcn ya\u015fad\u0131\u011f\u0131m\u0131z \u015fu s\u00fcre\u00e7te de g\u00fcndemi belirlemeye g\u00fcndemle ilgili niyetleri payla\u015fmaya devam etmektedir.&#8221; dedi.<\/p>\n<p><b>\u0130MRALI&#8217;NIN S\u0130LAH BIRAKMA \u00c7A\u011eRISI<\/b><\/p>\n<p>Adan&#8217;\u0131n g\u00fcndeminde MHP Lideri Devlet Bah\u00e7eli&#8217;nin selamla\u015fmas\u0131yla ba\u015flay\u0131p \u0130mral\u0131&#8217;dan yap\u0131lan davetle devam eden s\u00fcre\u00e7 de vard\u0131.<\/p>\n<p>Celal Adan, &#8220;Genel Liderimiz Devlet Bah\u00e7eli taraf\u0131ndan ortaya konulan irade, Yesevi&#8217;nin nefesi, Mevlana&#8217;n\u0131n sesiyle bir karde\u015flik destan\u0131na d\u00f6n\u00fc\u015fm\u00fc\u015ft\u00fcr. Cumhurba\u015fkan\u0131 say\u0131n Recep Tayyip Erdo\u011fan&#8217;\u0131n ard\u0131nda durdu\u011fu o \u00e7\u0131k\u0131\u015f\u0131n bug\u00fcn y\u00fczde 99&#8217;u taraf\u0131ndan kabul g\u00f6rm\u00fc\u015ft\u00fcr.&#8221; diye konu\u015ftu.<\/p>\n","protected":false},"excerpt":{"rendered":"<p>TBMM Ba\u015fkanvekili Celal Adan, MHP Genel Ba\u015fkan\u0131 Devlet Bah\u00e7eli&#8217;nin sa\u011fl\u0131k durumunun g\u00fczel oldu\u011funu ve T\u00fcrk siyasetindeki faal rol\u00fcn\u00fcn devam etti\u011fini belirtti.<\/p>\n","protected":false},"author":1,"featured_media":54559,"comment_status":"open","ping_status":"open","sticky":false,"template":"","format":"standard","meta":{"footnotes":""},"categories":[25],"tags":[7437],"class_list":["post-54558","post","type-post","status-publish","format-standard","has-post-thumbnail","hentry","category-gundem","tag-adan"],"_links":{"self":[{"href":"https:\/\/ikimisli.tr\/index.php\/wp-json\/wp\/v2\/posts\/54558","targetHints":{"allow":["GET"]}}],"collection":[{"href":"https:\/\/ikimisli.tr\/index.php\/wp-json\/wp\/v2\/posts"}],"about":[{"href":"https:\/\/ikimisli.tr\/index.php\/wp-json\/wp\/v2\/types\/post"}],"author":[{"embeddable":true,"href":"https:\/\/ikimisli.tr\/index.php\/wp-json\/wp\/v2\/users\/1"}],"replies":[{"embeddable":true,"href":"https:\/\/ikimisli.tr\/index.php\/wp-json\/wp\/v2\/comments?post=54558"}],"version-history":[{"count":1,"href":"https:\/\/ikimisli.tr\/index.php\/wp-json\/wp\/v2\/posts\/54558\/revisions"}],"predecessor-version":[{"id":54560,"href":"https:\/\/ikimisli.tr\/index.php\/wp-json\/wp\/v2\/posts\/54558\/revisions\/54560"}],"wp:featuredmedia":[{"embeddable":true,"href":"https:\/\/ikimisli.tr\/index.php\/wp-json\/wp\/v2\/media\/54559"}],"wp:attachment":[{"href":"https:\/\/ikimisli.tr\/index.php\/wp-json\/wp\/v2\/media?parent=54558"}],"wp:term":[{"taxonomy":"category","embeddable":true,"href":"https:\/\/ikimisli.tr\/index.php\/wp-json\/wp\/v2\/categories?post=54558"},{"taxonomy":"post_tag","embeddable":true,"href":"https:\/\/ikimisli.tr\/index.php\/wp-json\/wp\/v2\/tags?post=54558"}],"curies":[{"name":"wp","href":"https:\/\/api.w.org\/{rel}","templated":true}]}}