{"id":5474,"date":"2025-01-21T03:59:58","date_gmt":"2025-01-21T03:59:58","guid":{"rendered":"https:\/\/ikimisli.tr\/?p=5474"},"modified":"2025-01-21T03:59:58","modified_gmt":"2025-01-21T03:59:58","slug":"mersinin-akdeniz-belediyesi-dem-partili-es-baskanlari-gozaltinda","status":"publish","type":"post","link":"https:\/\/ikimisli.tr\/index.php\/2025\/01\/21\/mersinin-akdeniz-belediyesi-dem-partili-es-baskanlari-gozaltinda\/","title":{"rendered":"Mersin&#8217;in Akdeniz Belediyesi DEM Partili E\u015f Ba\u015fkanlar\u0131 g\u00f6zalt\u0131nda"},"content":{"rendered":"<p>Mersin&#8217;in Akdeniz Belediyesi&#8217;nde Halklar\u0131n E\u015fitlik ve Demokrasi Partisi (DEM Parti) idaresindeki e\u015f liderler Ho\u015fyar Sar\u0131y\u0131ld\u0131z ve Nuriye Arslan ile birtak\u0131m meclis \u00fcyeleri g\u00f6zalt\u0131na al\u0131nd\u0131. Sabah saatlerinde ger\u00e7ekle\u015fen konut bask\u0131nlar\u0131n\u0131n akabinde belediye binas\u0131 polisler taraf\u0131ndan ablukaya al\u0131nd\u0131.<\/p>\n<p>G\u00f6zalt\u0131na al\u0131nanlar ortas\u0131nda Belediye Meclis \u00dcyeleri \u00d6zg\u00fcr \u00c7a\u011flar, Hikmet Bak\u0131rhan ve Neslihan Oru\u00e7 da bulunuyor. G\u00f6zalt\u0131 s\u00fcre\u00e7leri s\u0131ras\u0131nda belediye binas\u0131 etraf\u0131nda geni\u015f g\u00fcvenlik tedbirleri al\u0131nd\u0131\u011f\u0131 bildirildi.<\/p>\n<p>DEM Parti Mersin Milletvekili Ali Bozan, toplumsal medya hesab\u0131ndan yapt\u0131\u011f\u0131 a\u00e7\u0131klamada g\u00f6zalt\u0131lar\u0131 &#8220;siyasi kumpas&#8221; olarak nitelendirerek \u015funlar\u0131 s\u00f6yledi:<\/p>\n<p>&#8220;Akdeniz Belediye E\u015fba\u015fkanlar\u0131m\u0131z Ho\u015fyar Sar\u0131y\u0131ld\u0131z ve Nuriye Arslan ile Meclis \u00fcyelerimiz siyasi kumpasla g\u00f6zalt\u0131na al\u0131nd\u0131. Mersin\u2019in huzuru tekrar kayy\u0131mla bozulmaya \u00e7al\u0131\u015f\u0131l\u0131yor. Bu irade gasp\u0131 te\u015febb\u00fcs\u00fcn\u00fc Mersin kabul etmeyecektir. Ba\u015fta Mersin\u2019in se\u00e7ilmi\u015fleri olmak \u00fczere t\u00fcm halk\u0131m\u0131z\u0131, Akdeniz Belediyesi\u2019nin gasp edilmesine kar\u015f\u0131 iradesine sahip \u00e7\u0131kmaya davet ediyoruz.&#8221;<\/p>\n<p>Olayla ilgili \u015fimdi resmi bir a\u00e7\u0131klama yap\u0131lmazken, g\u00f6zalt\u0131lar\u0131n m\u00fcnasebeti konusunda da bilgi verilmedi.<\/p>\n","protected":false},"excerpt":{"rendered":"<p>Mersin&#8217;in Akdeniz Belediyesi&#8217;nde Halklar\u0131n E\u015fitlik ve Demokrasi Partisi (DEM Parti) idaresindeki e\u015f liderler Ho\u015fyar Sar\u0131y\u0131ld\u0131z ve Nuriye Arslan ile birtak\u0131m meclis \u00fcyeleri g\u00f6zalt\u0131na al\u0131nd\u0131. Sabah saatlerinde ger\u00e7ekle\u015fen konut bask\u0131nlar\u0131n\u0131n akabinde &#8230;<\/p>\n","protected":false},"author":1,"featured_media":5475,"comment_status":"open","ping_status":"open","sticky":false,"template":"","format":"standard","meta":{"footnotes":""},"categories":[25],"tags":[40,1138,1318],"class_list":["post-5474","post","type-post","status-publish","format-standard","has-post-thumbnail","hentry","category-gundem","tag-belediye","tag-gozalti","tag-mersin"],"_links":{"self":[{"href":"https:\/\/ikimisli.tr\/index.php\/wp-json\/wp\/v2\/posts\/5474","targetHints":{"allow":["GET"]}}],"collection":[{"href":"https:\/\/ikimisli.tr\/index.php\/wp-json\/wp\/v2\/posts"}],"about":[{"href":"https:\/\/ikimisli.tr\/index.php\/wp-json\/wp\/v2\/types\/post"}],"author":[{"embeddable":true,"href":"https:\/\/ikimisli.tr\/index.php\/wp-json\/wp\/v2\/users\/1"}],"replies":[{"embeddable":true,"href":"https:\/\/ikimisli.tr\/index.php\/wp-json\/wp\/v2\/comments?post=5474"}],"version-history":[{"count":1,"href":"https:\/\/ikimisli.tr\/index.php\/wp-json\/wp\/v2\/posts\/5474\/revisions"}],"predecessor-version":[{"id":5476,"href":"https:\/\/ikimisli.tr\/index.php\/wp-json\/wp\/v2\/posts\/5474\/revisions\/5476"}],"wp:featuredmedia":[{"embeddable":true,"href":"https:\/\/ikimisli.tr\/index.php\/wp-json\/wp\/v2\/media\/5475"}],"wp:attachment":[{"href":"https:\/\/ikimisli.tr\/index.php\/wp-json\/wp\/v2\/media?parent=5474"}],"wp:term":[{"taxonomy":"category","embeddable":true,"href":"https:\/\/ikimisli.tr\/index.php\/wp-json\/wp\/v2\/categories?post=5474"},{"taxonomy":"post_tag","embeddable":true,"href":"https:\/\/ikimisli.tr\/index.php\/wp-json\/wp\/v2\/tags?post=5474"}],"curies":[{"name":"wp","href":"https:\/\/api.w.org\/{rel}","templated":true}]}}