{"id":54800,"date":"2025-07-13T18:24:05","date_gmt":"2025-07-13T18:24:05","guid":{"rendered":"https:\/\/ikimisli.tr\/?p=54800"},"modified":"2025-07-13T18:24:05","modified_gmt":"2025-07-13T18:24:05","slug":"sardes-antik-kenti-unesco-dunya-mirasi-listesine-girdi","status":"publish","type":"post","link":"https:\/\/ikimisli.tr\/index.php\/2025\/07\/13\/sardes-antik-kenti-unesco-dunya-mirasi-listesine-girdi\/","title":{"rendered":"Sardes Antik Kenti, UNESCO D\u00fcnya Miras\u0131 Listesi&#8217;ne girdi"},"content":{"rendered":"<p>Lidya uygarl\u0131\u011f\u0131n\u0131n ba\u015f\u015fehri olan Sardes, sadece mimari kal\u0131nt\u0131lar\u0131yla de\u011fil, d\u00fcnyan\u0131n birinci madeni paras\u0131n\u0131n bas\u0131ld\u0131\u011f\u0131 yer olmas\u0131yla da tarihte de\u011ferli bir yere sahip. Bakan Ersoy, bu kadim co\u011frafyan\u0131n art\u0131k t\u00fcm insanl\u0131\u011f\u0131n ortak miras\u0131 olarak kay\u0131t alt\u0131na al\u0131nd\u0131\u011f\u0131n\u0131 belirterek, \u201c20 metre kal\u0131nl\u0131\u011f\u0131ndaki surlar\u0131 ve 7 bin 500 hektarl\u0131k dev nekropol alan\u0131yla Lidya uygarl\u0131\u011f\u0131n\u0131n zenginli\u011fini yans\u0131t\u0131yor\u201d dedi.<\/p>\n<p><img decoding=\"async\" src=\"https:\/\/ikimisli.tr\/wp-content\/uploads\/2025\/07\/sardes-antik-kenti-unesco-dunya-mirasi-listesine-girdi-0-JB2Y2QPW.jpg\"\/><\/p>\n<p><b>UNESCO&#8217;DAN KARAR OY B\u0130RL\u0130\u011e\u0130 \u0130LE \u00c7IKTI<\/b><\/p>\n<p>Sardes ve Bin Doruklar b\u00f6lgesi, 2013 y\u0131l\u0131ndan bu yana UNESCO\u2019nun D\u00fcnya Miras\u0131 S\u00fcreksiz Listesi\u2019nde yer al\u0131yordu. Paris\u2019te ger\u00e7ekle\u015ftirilen 47. D\u00fcnya Miras Komitesi Toplant\u0131s\u0131\u2019nda al\u0131nan kararla bu tarihi alan, UNESCO\u2019nun 3 numaral\u0131 kriteri kapsam\u0131nda, oy birli\u011fiyle kal\u0131c\u0131 listeye al\u0131nd\u0131. Bu kriter, \u201cbenzersiz bir k\u00fclt\u00fcrel gelene\u011fi ya da uygarl\u0131\u011f\u0131 temsil eden yap\u0131lar ve alanlar\u201d i\u00e7in kullan\u0131l\u0131yor.<\/p>\n<p><img decoding=\"async\" src=\"https:\/\/ikimisli.tr\/wp-content\/uploads\/2025\/07\/sardes-antik-kenti-unesco-dunya-mirasi-listesine-girdi-1-SdLETDpQ.jpg\"\/><\/p>\n<p><b>KAZI \u00c7ALI\u015eMALARI S\u00dcR\u00dcYOR<\/b><\/p>\n<p>K\u00fclt\u00fcr ve Turizm Bakanl\u0131\u011f\u0131\u2019ndan yap\u0131lan a\u00e7\u0131klamada, Sardes Hafriyat Ba\u015fkanl\u0131\u011f\u0131 \u00f6nc\u00fcl\u00fc\u011f\u00fcnde b\u00f6lgede hem arkeolojik kaz\u0131lar\u0131n hem de m\u00fcdafaa ve onar\u0131m \u00e7al\u0131\u015fmalar\u0131n\u0131n ulusal ve milletleraras\u0131 i\u015f birlikleriyle s\u00fcrd\u00fc\u011f\u00fc s\u00f6z edildi. Alan, Lidya uygarl\u0131\u011f\u0131na dair g\u00fc\u00e7l\u00fc mimari, mezar yap\u0131lar\u0131 ve kent planlamas\u0131 \u00f6rnekleriyle dikkat \u00e7ekiyor.<\/p>\n<p><img decoding=\"async\" src=\"https:\/\/ikimisli.tr\/wp-content\/uploads\/2025\/07\/sardes-antik-kenti-unesco-dunya-mirasi-listesine-girdi-2-15FDznst.jpg\"\/><\/p>\n<p><b>GECE M\u00dcZEC\u0130L\u0130\u011e\u0130 S\u00dcR\u00dcYOR<\/b><\/p>\n<p>Bakan Ersoy, Sardes Antik Kenti\u2019ni daha fazla ziyaret\u00e7iye ula\u015ft\u0131rmak maksad\u0131yla gece m\u00fczecili\u011fi uygulamas\u0131n\u0131n s\u00fcrd\u00fc\u011f\u00fcn\u00fc vurgulayarak, bu e\u015fsiz atmosferi deneyimlemek isteyen herkesi b\u00f6lgeye davet etti.<\/p>\n<p>T\u00fcrkiye\u2019nin UNESCO Listesindeki K\u00fclt\u00fcrel Miras Say\u0131s\u0131 22\u2019ye Y\u00fckseldi<br \/>Bu son geli\u015fmeyle birlikte T\u00fcrkiye&#8217;nin UNESCO D\u00fcnya Miras Listesi&#8217;ndeki k\u00fclt\u00fcrel miras say\u0131s\u0131 22\u2019ye y\u00fckselmi\u015f oldu. Anadolu\u2019nun g\u00fc\u00e7l\u00fc tarihi katmanlar\u0131n\u0131 memleketler aras\u0131 seviyede tan\u0131tma eforu ise artarak s\u00fcr\u00fcyor.<\/p>\n<p>\u00a0<\/p>\n","protected":false},"excerpt":{"rendered":"<p>T\u00fcrkiye\u2019nin k\u00fclt\u00fcrel miras haritas\u0131na bir y\u0131ld\u0131z daha eklendi. Manisa&#8217;n\u0131n Salihli il\u00e7esinde yer alan Sardes Antik Kenti ve Bin Zirveler Lidya T\u00fcm\u00fcl\u00fcsleri, UNESCO D\u00fcnya Miras\u0131 Listesi&#8217;ne resmi olarak kabul edildi. K\u00fclt\u00fcr ve Turizm Bakan\u0131 Mehmet Nuri Ersoy, geli\u015fmeyi toplumsal medya hesab\u0131ndan \u201cSardes Antik Kenti ve Bin Doruklar Lidya T\u00fcm\u00fcl\u00fcsleri, UNESCO ailesine kat\u0131larak 22. k\u00fclt\u00fcrel hazinemiz oldu\u201d kelamlar\u0131yla duyurdu.<\/p>\n","protected":false},"author":1,"featured_media":54801,"comment_status":"open","ping_status":"open","sticky":false,"template":"","format":"standard","meta":{"footnotes":""},"categories":[44],"tags":[1036,6145],"class_list":["post-54800","post","type-post","status-publish","format-standard","has-post-thumbnail","hentry","category-yasam","tag-miras","tag-unesco"],"_links":{"self":[{"href":"https:\/\/ikimisli.tr\/index.php\/wp-json\/wp\/v2\/posts\/54800","targetHints":{"allow":["GET"]}}],"collection":[{"href":"https:\/\/ikimisli.tr\/index.php\/wp-json\/wp\/v2\/posts"}],"about":[{"href":"https:\/\/ikimisli.tr\/index.php\/wp-json\/wp\/v2\/types\/post"}],"author":[{"embeddable":true,"href":"https:\/\/ikimisli.tr\/index.php\/wp-json\/wp\/v2\/users\/1"}],"replies":[{"embeddable":true,"href":"https:\/\/ikimisli.tr\/index.php\/wp-json\/wp\/v2\/comments?post=54800"}],"version-history":[{"count":1,"href":"https:\/\/ikimisli.tr\/index.php\/wp-json\/wp\/v2\/posts\/54800\/revisions"}],"predecessor-version":[{"id":54805,"href":"https:\/\/ikimisli.tr\/index.php\/wp-json\/wp\/v2\/posts\/54800\/revisions\/54805"}],"wp:featuredmedia":[{"embeddable":true,"href":"https:\/\/ikimisli.tr\/index.php\/wp-json\/wp\/v2\/media\/54801"}],"wp:attachment":[{"href":"https:\/\/ikimisli.tr\/index.php\/wp-json\/wp\/v2\/media?parent=54800"}],"wp:term":[{"taxonomy":"category","embeddable":true,"href":"https:\/\/ikimisli.tr\/index.php\/wp-json\/wp\/v2\/categories?post=54800"},{"taxonomy":"post_tag","embeddable":true,"href":"https:\/\/ikimisli.tr\/index.php\/wp-json\/wp\/v2\/tags?post=54800"}],"curies":[{"name":"wp","href":"https:\/\/api.w.org\/{rel}","templated":true}]}}