{"id":54823,"date":"2025-07-13T19:36:04","date_gmt":"2025-07-13T19:36:04","guid":{"rendered":"https:\/\/ikimisli.tr\/?p=54823"},"modified":"2025-07-13T19:36:04","modified_gmt":"2025-07-13T19:36:04","slug":"islam-memisten-altin-borcu-olanlara-uyari-kritik-gun-sali","status":"publish","type":"post","link":"https:\/\/ikimisli.tr\/index.php\/2025\/07\/13\/islam-memisten-altin-borcu-olanlara-uyari-kritik-gun-sali\/","title":{"rendered":"\u0130slam Memi\u015f&#8217;ten alt\u0131n borcu olanlara uyar\u0131! Kritik g\u00fcn Sal\u0131"},"content":{"rendered":"<p>Para piyasalar\u0131 ve Alt\u0131n konusunda uzman analist \u0130slam Memi\u015f, Sal\u0131 G\u00fcn\u00fcne Dikkat ba\u015fl\u0131\u011f\u0131yla kritik bir g\u00f6r\u00fcnt\u00fc yay\u0131nlad\u0131. Memi\u015f birikimini alt\u0131n ve dolara yat\u0131ran milyonlarca vatanda\u015f\u0131 bilhassa kar\u015f\u0131t k\u00f6\u015fe olma ihtimaline kar\u015f\u0131 uyard\u0131.<\/p>\n<p><b>SALI G\u00dcN\u00dcNE D\u0130KKAT<\/b><\/p>\n<p>\u0130slam Memi\u015f g\u00f6r\u00fcnt\u00fcde en b\u00fcy\u00fck ikaz\u0131n\u0131 resmi tatil g\u00fcn\u00fc olan 15 Temmuz 2025 Sal\u0131 g\u00fcn\u00fcne ait yapt\u0131. Piyasalar\u0131n merakla bekledi\u011fi ABD enflasyon verisinin de o g\u00fcn a\u00e7\u0131klanaca\u011f\u0131n\u0131 s\u00f6yleyen Memi\u015f, \u015fu tabirleri kulland\u0131:<\/p>\n<p>&#8220;Sal\u0131 g\u00fcn\u00fc T\u00fcrkiye&#8217;de resmi tatil oldu\u011fundan \u00f6t\u00fcr\u00fc bankalar ve Borsa \u0130stanbul kapal\u0131 olacak. Lakin global piyasalar a\u00e7\u0131k olacak ve ABD verisiyle sert dalgalanmalar ya\u015fanabilir. Bankac\u0131l\u0131k uygulamas\u0131ndaki makas aral\u0131klar\u0131 \u00e7ok a\u00e7\u0131k olaca\u011f\u0131ndan o g\u00fcn ani bir atak yapmak isteyenler b\u00fcy\u00fck ziyan edebilir. Konum almak isteyenler ya pazartesi g\u00fcn\u00fcn\u00fc kullanmal\u0131 ya da \u00e7ar\u015famba g\u00fcn\u00fcn\u00fc beklemeli&#8221;<\/p>\n<p><img decoding=\"async\" src=\"https:\/\/ikimisli.tr\/wp-content\/uploads\/2025\/07\/islam-memisten-altin-borcu-olanlara-uyari-kritik-gun-sali-0-vbL9RkcD.jpg\"\/><\/p>\n<p><b>ALTINDA SABIR GEREK\u0130YOR<\/b><\/p>\n<p>Alt\u0131n fiyatlar\u0131nda son periyottaki d\u00fc\u015f\u00fc\u015f\u00fcn de \u00fczerinde duran Memi\u015f \u015fu tabirleri kulland\u0131:<\/p>\n<p>&#8220;Gram Alt\u0131ndan iki hafta evvel 4 Bin 185 liraya kadar geriledi\u011finde al\u0131m yapanlar \u015fansl\u0131yd\u0131. Biz ortalamm\u0131z\u0131 4 Bin 204 liraya getiril d\u00f6nemi kapatm\u0131\u015ft\u0131k. Y\u0131l sonu gram alt\u0131nda 4 Bin 500 lira maksad\u0131n\u0131 koruyoruz.&#8221;<\/p>\n<p>&#8220;Ons Alt\u0131nda 3 Bin 500 dolar d\u00fczeyini kas\u0131m ay\u0131na kadar beklemeye devam ediyoruz. \u0130ki hafta evvel ya\u015fanan d\u00fc\u015f\u00fc ve dinlenme s\u00fcreci benim nazar\u0131mda bitti&#8221;<\/p>\n<p><img decoding=\"async\" src=\"https:\/\/ikimisli.tr\/wp-content\/uploads\/2025\/07\/islam-memisten-altin-borcu-olanlara-uyari-kritik-gun-sali-1-NTzaXlfE.jpeg\"\/><\/p>\n<p><b>DOLARDA GER\u0130 \u00c7EK\u0130LME BEKLENT\u0130S\u0130<\/b><\/p>\n<p>40 TL band\u0131n\u0131 g\u00f6ren dolar i\u00e7inde konu\u015fan \u0130slam Memi\u015f, k\u0131sa vadede 40 lira alt\u0131na sarmak isteyen bir kur g\u00f6rebilir diyerek \u015funlar\u0131 s\u00f6yled:<\/p>\n<p>&#8220;Y\u0131l sonu 45 lira gayemiz devam ediyor. 40 liran\u0131n alt\u0131 tekrar al\u0131c\u0131lar\u0131 getirir ve kuru \u00fcst ta\u015f\u0131r&#8221;<\/p>\n","protected":false},"excerpt":{"rendered":"<p>Piyasa analisti \u0130slam Memi\u015f&#8217;ten dikkat \u00e7eken bir ikaz geldi. Piyasalar\u0131 alt\u00fcst edecek kritik geli\u015fmeler i\u00e7in Sal\u0131 g\u00fcn\u00fcn\u00fc i\u015faret eden Memi\u015f, alt\u0131n, dolar ve g\u00fcm\u00fc\u015f i\u00e7in kritik ikazlarda bulundu<\/p>\n","protected":false},"author":1,"featured_media":54824,"comment_status":"open","ping_status":"open","sticky":false,"template":"","format":"standard","meta":{"footnotes":""},"categories":[24],"tags":[782,174,2837],"class_list":["post-54823","post","type-post","status-publish","format-standard","has-post-thumbnail","hentry","category-ekonomi","tag-altin","tag-lira","tag-memis"],"_links":{"self":[{"href":"https:\/\/ikimisli.tr\/index.php\/wp-json\/wp\/v2\/posts\/54823","targetHints":{"allow":["GET"]}}],"collection":[{"href":"https:\/\/ikimisli.tr\/index.php\/wp-json\/wp\/v2\/posts"}],"about":[{"href":"https:\/\/ikimisli.tr\/index.php\/wp-json\/wp\/v2\/types\/post"}],"author":[{"embeddable":true,"href":"https:\/\/ikimisli.tr\/index.php\/wp-json\/wp\/v2\/users\/1"}],"replies":[{"embeddable":true,"href":"https:\/\/ikimisli.tr\/index.php\/wp-json\/wp\/v2\/comments?post=54823"}],"version-history":[{"count":1,"href":"https:\/\/ikimisli.tr\/index.php\/wp-json\/wp\/v2\/posts\/54823\/revisions"}],"predecessor-version":[{"id":54827,"href":"https:\/\/ikimisli.tr\/index.php\/wp-json\/wp\/v2\/posts\/54823\/revisions\/54827"}],"wp:featuredmedia":[{"embeddable":true,"href":"https:\/\/ikimisli.tr\/index.php\/wp-json\/wp\/v2\/media\/54824"}],"wp:attachment":[{"href":"https:\/\/ikimisli.tr\/index.php\/wp-json\/wp\/v2\/media?parent=54823"}],"wp:term":[{"taxonomy":"category","embeddable":true,"href":"https:\/\/ikimisli.tr\/index.php\/wp-json\/wp\/v2\/categories?post=54823"},{"taxonomy":"post_tag","embeddable":true,"href":"https:\/\/ikimisli.tr\/index.php\/wp-json\/wp\/v2\/tags?post=54823"}],"curies":[{"name":"wp","href":"https:\/\/api.w.org\/{rel}","templated":true}]}}