{"id":54865,"date":"2025-07-13T22:00:05","date_gmt":"2025-07-13T22:00:05","guid":{"rendered":"https:\/\/ikimisli.tr\/?p=54865"},"modified":"2025-07-13T22:00:05","modified_gmt":"2025-07-13T22:00:05","slug":"26-katli-binada-korkutan-yangin-biri-bebek-3-olu-39-yarali","status":"publish","type":"post","link":"https:\/\/ikimisli.tr\/index.php\/2025\/07\/13\/26-katli-binada-korkutan-yangin-biri-bebek-3-olu-39-yarali\/","title":{"rendered":"26 katl\u0131 binada korkutan yang\u0131n: Biri bebek 3 \u00f6l\u00fc, 39 yaral\u0131"},"content":{"rendered":"<p>Yang\u0131n, saat 22.00 s\u0131ralar\u0131nda \u00c7ankaya\u2019da iki adet y\u00fcksek katl\u0131 binan\u0131n bulundu\u011fu sitedeki bir apartmanda \u00e7\u0131kt\u0131. 24 katl\u0131 bir binan\u0131n 4\u2019\u00fcnc\u00fc kat\u0131ndaki dairede \u015fimdi belirlenemeyen nedenle \u00e7\u0131kan yang\u0131nda alevler s\u00fcratle yay\u0131ld\u0131.<\/p>\n<p><img decoding=\"async\" src=\"https:\/\/ikimisli.tr\/wp-content\/uploads\/2025\/07\/26-katli-binada-korkutan-yangin-biri-bebek-3-olu-39-yarali-0-AZLuWAYp.jpg\"\/><\/p>\n<p>Daire k\u0131sa m\u00fcddette alev topuna d\u00f6nerken, dumanlar t\u00fcm binay\u0131 sard\u0131. Dumandan etkilenen daire sakinleri panik ve endi\u015fe ile meskenlerini tahliye etmeye \u00e7al\u0131\u015f\u0131rken, 112 Acil Davet Merkezine haber verildi. \u0130hbar\u0131 \u00fczerine adrese itfaiye, polis, AFAD, UMKE ve s\u0131hhat tak\u0131mlar\u0131 sevk edildi.<\/p>\n<p><img decoding=\"async\" src=\"https:\/\/ikimisli.tr\/wp-content\/uploads\/2025\/07\/26-katli-binada-korkutan-yangin-biri-bebek-3-olu-39-yarali-1-PWOXKurE.jpg\"\/><\/p>\n<p>Ekipler, \u00f6ncelikle \u00f6nlem emeliyle binan\u0131n elektri\u011fini ve do\u011fal gaz s\u0131n\u0131r\u0131n\u0131 kapatt\u0131. \u0130tfaiye vazifelileri ise yang\u0131na m\u00fcdahale ba\u015flat\u0131rken, can pazar\u0131n\u0131n ya\u015fand\u0131\u011f\u0131 binada duman nedeniyle mahsur kalan \u00e7ok say\u0131da ki\u015fi \u00fcst katlara y\u00f6neldi. Bir yandan s\u00f6nd\u00fcrme \u00e7al\u0131\u015fmalar\u0131n\u0131 s\u00fcrd\u00fcren tak\u0131mlar, ba\u015fka taraftan da merdivenli itfaiye arac\u0131 ile mahsur kalan vatanda\u015flar\u0131 kurtard\u0131. Tahliye edilen ve dumandan etkilenen \u00e7ok say\u0131da vatanda\u015fa olay yerinde bekleyen s\u0131hhat gruplar\u0131 birinci m\u00fcdahaleyi yapt\u0131. \u00c7ok derecede dumana maruz kalan \u015fah\u0131slar ise hastanelere sevk edildi.<\/p>\n<p><strong>4 SAAT SONRA DENET\u0130M ALTINA ALINDI<\/strong><\/p>\n<p>Yang\u0131n, itfaiye tak\u0131mlar\u0131n\u0131n yakla\u015f\u0131k 4 saat s\u00fcren \u00e7al\u0131\u015fmas\u0131 sonucunda denetim alt\u0131na al\u0131nd\u0131. Tak\u0131mlar\u0131n binadaki so\u011futma \u00e7al\u0131\u015fmalar\u0131 devam ediyor.<\/p>\n<p>\u0130tfaiye tak\u0131mlar\u0131ndan al\u0131nan bilgiye nazaran, yang\u0131nda 7&#8217;si itfaiye eri, 39 ki\u015fi dumandan hafif formda etkilendi.112 Acil S\u0131hhat gruplar\u0131 ise olay yerinde 26 ki\u015finin ayakta tedavisini ger\u00e7ekle\u015ftirirken, 20 ki\u015fi de Ankara Bilkent \u015eehir Hastanesi, Etlik Kent Hastanesi ile Gazi \u00dcniversitesi T\u0131p Fak\u00fcltesi Hastanesi&#8217;ne sevk edildi.<\/p>\n<p>Hastaneye sevk edilen yaral\u0131lardan birinin durumunun a\u011f\u0131r oldu\u011fu \u00f6\u011frenildi.<\/p>\n<p><strong>1\u2019i BEBEK 3 K\u0130\u015e\u0130N\u0130N CANSIZ V\u00dcCUDUNA ULA\u015eILDI<\/strong><\/p>\n<p>\u0130tfaiye gruplar\u0131n\u0131n a\u011f\u0131r m\u00fcdahalesiyle yang\u0131n denetim alt\u0131na al\u0131nd\u0131. Tak\u0131mlar\u0131n yapt\u0131\u011f\u0131 denetimde 1\u2019i bebek 3 ki\u015finin hayat\u0131n\u0131 kaybetti\u011fi belirlendi. \u00d6lenlerin Aras \u015eahin (3.5 ayl\u0131k), H\u00fcsniye \u00c7elik \u015eahin ve Muharrem \u00c7etinkaya oldu\u011fu a\u00e7\u0131kland\u0131.<\/p>\n<p>Yo\u011fun duman nedeniyle daire sakinlerinin binaya giri\u015fine m\u00fcsaade verilmedi. \u0130tfaiye tak\u0131mlar\u0131 duman\u0131n tahliye edilmesi i\u00e7in \u00e7al\u0131\u015fma ba\u015flatt\u0131. Vatanda\u015flar\u0131n muhta\u00e7l\u0131klar\u0131 i\u00e7in UMKE tak\u0131mlar\u0131 b\u00f6lgede \u2018Acil m\u00fcdahale \u00e7ad\u0131r\u0131\u2019 kurdu. Yaral\u0131lar\u0131n tedavilerine de burada devam ediliyor. Cumhuriyet savc\u0131l\u0131\u011f\u0131 yang\u0131n\u0131n \u00e7\u0131k\u0131\u015f nedeninin i\u00e7in soru\u015fturma ba\u015flatt\u0131.  <\/p>\n<p><strong>MANSUR YAVA\u015e: YANGIN ELEKTR\u0130K \u015eAFTINDAN \u00c7IKTI<\/strong><\/p>\n<p>Kurtarma \u00e7al\u0131\u015fmalar\u0131n\u0131 yerinde takip eden Ankara B\u00fcy\u00fck\u015fehir Belediye Ba\u015fkan\u0131 Mansur Yava\u015f, &#8220;Yang\u0131n, elektrik \u015faft\u0131ndan \u00e7\u0131karak \u00fcst katlara yay\u0131lm\u0131\u015f. Dumandan etkilenen 26 apartman sakini ve 2 itfaiyeci hastaneye g\u00f6t\u00fcr\u00fcld\u00fc.&#8221; a\u00e7\u0131klamas\u0131n\u0131 yapt\u0131.<\/p>\n<p><img decoding=\"async\" src=\"https:\/\/ikimisli.tr\/wp-content\/uploads\/2025\/07\/26-katli-binada-korkutan-yangin-biri-bebek-3-olu-39-yarali-2-I4EvDPLp.jpg\"\/><\/p>\n","protected":false},"excerpt":{"rendered":"<p>\u00c7ankaya il\u00e7esinde site i\u00e7erisindeki y\u00fcksek katl\u0131 bir binan\u0131n 4\u2019\u00fcnc\u00fc kat\u0131nda \u00e7\u0131kan yang\u0131n, panik ve deh\u015fete neden oldu. Binada mahsur kalanlar itfaiye arac\u0131yla kurtar\u0131l\u0131rken, can pazar\u0131n\u0131n ya\u015fand\u0131\u011f\u0131 yang\u0131nda 1\u2019i bebek 3 ki\u015fi hayat\u0131n\u0131 kaybetti. Yang\u0131nda 7&#8217;si itfaiye eri, 39 ki\u015fi dumandan etkilendi. Hastaneye sevk edilen yaral\u0131lardan birinin durumu a\u011f\u0131r.<\/p>\n","protected":false},"author":1,"featured_media":54866,"comment_status":"open","ping_status":"open","sticky":false,"template":"","format":"standard","meta":{"footnotes":""},"categories":[25],"tags":[235,3256,449,64],"class_list":["post-54865","post","type-post","status-publish","format-standard","has-post-thumbnail","hentry","category-gundem","tag-calisma","tag-duman","tag-itfaiye","tag-yangin"],"_links":{"self":[{"href":"https:\/\/ikimisli.tr\/index.php\/wp-json\/wp\/v2\/posts\/54865","targetHints":{"allow":["GET"]}}],"collection":[{"href":"https:\/\/ikimisli.tr\/index.php\/wp-json\/wp\/v2\/posts"}],"about":[{"href":"https:\/\/ikimisli.tr\/index.php\/wp-json\/wp\/v2\/types\/post"}],"author":[{"embeddable":true,"href":"https:\/\/ikimisli.tr\/index.php\/wp-json\/wp\/v2\/users\/1"}],"replies":[{"embeddable":true,"href":"https:\/\/ikimisli.tr\/index.php\/wp-json\/wp\/v2\/comments?post=54865"}],"version-history":[{"count":1,"href":"https:\/\/ikimisli.tr\/index.php\/wp-json\/wp\/v2\/posts\/54865\/revisions"}],"predecessor-version":[{"id":54870,"href":"https:\/\/ikimisli.tr\/index.php\/wp-json\/wp\/v2\/posts\/54865\/revisions\/54870"}],"wp:featuredmedia":[{"embeddable":true,"href":"https:\/\/ikimisli.tr\/index.php\/wp-json\/wp\/v2\/media\/54866"}],"wp:attachment":[{"href":"https:\/\/ikimisli.tr\/index.php\/wp-json\/wp\/v2\/media?parent=54865"}],"wp:term":[{"taxonomy":"category","embeddable":true,"href":"https:\/\/ikimisli.tr\/index.php\/wp-json\/wp\/v2\/categories?post=54865"},{"taxonomy":"post_tag","embeddable":true,"href":"https:\/\/ikimisli.tr\/index.php\/wp-json\/wp\/v2\/tags?post=54865"}],"curies":[{"name":"wp","href":"https:\/\/api.w.org\/{rel}","templated":true}]}}