{"id":54902,"date":"2025-07-13T23:48:04","date_gmt":"2025-07-13T23:48:04","guid":{"rendered":"https:\/\/ikimisli.tr\/?p=54902"},"modified":"2025-07-13T23:48:04","modified_gmt":"2025-07-13T23:48:04","slug":"imzalar-atildi-bayragi-belli-oldu-yeni-ulke-resmen-kuruluyor","status":"publish","type":"post","link":"https:\/\/ikimisli.tr\/index.php\/2025\/07\/13\/imzalar-atildi-bayragi-belli-oldu-yeni-ulke-resmen-kuruluyor\/","title":{"rendered":"\u0130mzalar at\u0131ld\u0131 bayra\u011f\u0131 belli oldu: Yeni \u00fclke resmen kuruluyor"},"content":{"rendered":"<p>Fransa&#8217;n\u0131n Bougival kentinde, Yeni Kaledonya&#8217;n\u0131n gelece\u011fine ait tarihi bir muahede imzaland\u0131. Fransa&#8217;ya ba\u011fl\u0131 \u00f6zerk bir yap\u0131 olarak kurulacak Yeni Kaledonya devleti, ba\u011f\u0131ms\u0131zl\u0131k yanl\u0131lar\u0131 ile Paris h\u00fck\u00fcmeti destek\u00e7ilerini ortak bir tabanda bulu\u015fturdu.<\/p>\n<p><b>PLANLARI ANLATTILAR<\/b><\/p>\n<p>Fransa\u2019n\u0131n deniza\u015f\u0131r\u0131 topra\u011f\u0131 olan Yeni Kaledonya\u2019n\u0131n kurumsal stat\u00fcs\u00fcn\u00fc belirleyen 13 sayfal\u0131k mutabakat, Ada&#8217;n\u0131n siyasi baht\u0131n\u0131 yine \u015fekillendiriyor. Bougival&#8217;de ger\u00e7ekle\u015fen g\u00f6r\u00fc\u015fmelerin akabinde taraflar, Fransa b\u00fcnyesinde \u00f6zel stat\u00fcl\u00fc bir devlet kurulmas\u0131 konusunda uzla\u015ft\u0131.<\/p>\n<p>Anla\u015fmaya nazaran, Yeni Kaledonya vatanda\u015fl\u0131\u011f\u0131 resmen tan\u0131mlanacak. Bu vatanda\u015fl\u0131\u011fa sahip olanlar, birebir vakitte Frans\u0131z vatanda\u015f\u0131 olarak kabul edilecek. Bu unsur, Ada halk\u0131n\u0131n hem mahall\u00ee kimli\u011fini hem de Fransa ile olan ba\u011f\u0131n\u0131 m\u00fcdafaay\u0131 ama\u00e7l\u0131yor.<\/p>\n<p><img decoding=\"async\" src=\"https:\/\/ikimisli.tr\/wp-content\/uploads\/2025\/07\/imzalar-atildi-bayragi-belli-oldu-yeni-ulke-resmen-kuruluyor-0-qJW6Wc78.jpg\"\/><\/p>\n<p><b>SE\u00c7\u0130MLERE ORTA VER\u0130LECEK<\/b><\/p>\n<p>Yeni Kaledonya&#8217;da 2025 y\u0131l\u0131 boyunca rastgele bir se\u00e7im yap\u0131lmayacak. 2026\u2019da d\u00fczenlenecek belediye se\u00e7imlerine ise yaln\u0131zca Ada\u2019da do\u011fmu\u015f olanlar ya da kesintisiz en az 15 y\u0131l burada ikamet etmi\u015f bireyler kat\u0131labilecek. Bu d\u00fczenleme, lokal halk\u0131n siyasi temsil g\u00fcc\u00fcn\u00fc art\u0131rmay\u0131 hedefliyor.<\/p>\n<p><b>N\u0130KEL KAYNAKLARINA STRATEJ\u0130K PLAN<\/b><\/p>\n<p>Ada\u2019n\u0131n en de\u011ferli yeralt\u0131 kayna\u011f\u0131 olan nikel i\u00e7in kapsaml\u0131 bir stratejik plan haz\u0131rlanacak. Ekonomik ba\u011f\u0131ms\u0131zl\u0131k ve s\u00fcrd\u00fcr\u00fclebilir kalk\u0131nma a\u00e7\u0131s\u0131ndan bu kaynak, Yeni Kaledonya\u2019n\u0131n en b\u00fcy\u00fck kozlar\u0131ndan biri olarak \u00f6ne \u00e7\u0131k\u0131yor.<\/p>\n<p><b>HALK REFERANDUMA G\u0130DECEK<\/b><\/p>\n<p>Anla\u015fman\u0131n son formu, Yeni Kaledonya halk\u0131n\u0131n oyuna sunulacak. Referandum yoluyla Ada halk\u0131, bu yeni yap\u0131lanmay\u0131 onaylama ya da reddetme hakk\u0131na sahip olacak.<\/p>\n<p><b>ULUSLARARASI TANINMA YOLU A\u00c7ILDI<\/b><\/p>\n<p>Anla\u015fman\u0131n kabul edilmesi durumunda, memleketler aras\u0131 kamuoyunun Fransa b\u00fcnyesindeki Yeni Kaledonya devletini tan\u0131mas\u0131 bekleniyor. Frans\u0131z bas\u0131n\u0131 ise s\u00fcreci \u201ctarihi\u201d olarak nitelendirerek geli\u015fmenin ehemmiyetine dikkat \u00e7ekti.<\/p>\n","protected":false},"excerpt":{"rendered":"<p>Yeni Kaledonya, art\u0131k kendi bayra\u011f\u0131n\u0131 dalgaland\u0131rmaya haz\u0131rlan\u0131yor. Bougival&#8217;da imzalanan mutabakatla, ada halk\u0131 ile Paris idaresi ortas\u0131nda Fransa\u2019ya ba\u011fl\u0131 fakat kendi kimli\u011fini ta\u015f\u0131yan \u00f6zel stat\u00fcl\u00fc bir Yeni Kaledonya devleti i\u00e7in birinci ad\u0131m resmen at\u0131ld\u0131.<\/p>\n","protected":false},"author":1,"featured_media":54903,"comment_status":"open","ping_status":"open","sticky":false,"template":"","format":"standard","meta":{"footnotes":""},"categories":[43],"tags":[141,284,864,635,7465],"class_list":["post-54902","post","type-post","status-publish","format-standard","has-post-thumbnail","hentry","category-dunya","tag-ada","tag-anlasma","tag-fransa","tag-halk","tag-yeni-kaledonya"],"_links":{"self":[{"href":"https:\/\/ikimisli.tr\/index.php\/wp-json\/wp\/v2\/posts\/54902","targetHints":{"allow":["GET"]}}],"collection":[{"href":"https:\/\/ikimisli.tr\/index.php\/wp-json\/wp\/v2\/posts"}],"about":[{"href":"https:\/\/ikimisli.tr\/index.php\/wp-json\/wp\/v2\/types\/post"}],"author":[{"embeddable":true,"href":"https:\/\/ikimisli.tr\/index.php\/wp-json\/wp\/v2\/users\/1"}],"replies":[{"embeddable":true,"href":"https:\/\/ikimisli.tr\/index.php\/wp-json\/wp\/v2\/comments?post=54902"}],"version-history":[{"count":1,"href":"https:\/\/ikimisli.tr\/index.php\/wp-json\/wp\/v2\/posts\/54902\/revisions"}],"predecessor-version":[{"id":54905,"href":"https:\/\/ikimisli.tr\/index.php\/wp-json\/wp\/v2\/posts\/54902\/revisions\/54905"}],"wp:featuredmedia":[{"embeddable":true,"href":"https:\/\/ikimisli.tr\/index.php\/wp-json\/wp\/v2\/media\/54903"}],"wp:attachment":[{"href":"https:\/\/ikimisli.tr\/index.php\/wp-json\/wp\/v2\/media?parent=54902"}],"wp:term":[{"taxonomy":"category","embeddable":true,"href":"https:\/\/ikimisli.tr\/index.php\/wp-json\/wp\/v2\/categories?post=54902"},{"taxonomy":"post_tag","embeddable":true,"href":"https:\/\/ikimisli.tr\/index.php\/wp-json\/wp\/v2\/tags?post=54902"}],"curies":[{"name":"wp","href":"https:\/\/api.w.org\/{rel}","templated":true}]}}