{"id":55060,"date":"2025-07-14T08:36:02","date_gmt":"2025-07-14T08:36:02","guid":{"rendered":"https:\/\/ikimisli.tr\/?p=55060"},"modified":"2025-07-14T08:36:02","modified_gmt":"2025-07-14T08:36:02","slug":"kibris-gazisi-yarim-asirlik-otomobiliyle-gazilik-hatiralarini-yasatiyor","status":"publish","type":"post","link":"https:\/\/ikimisli.tr\/index.php\/2025\/07\/14\/kibris-gazisi-yarim-asirlik-otomobiliyle-gazilik-hatiralarini-yasatiyor\/","title":{"rendered":"K\u0131br\u0131s gazisi, yar\u0131m as\u0131rl\u0131k otomobiliyle gazilik hat\u0131ralar\u0131n\u0131 ya\u015fat\u0131yor"},"content":{"rendered":"<p>Ye\u015filova, 20 Temmuz 1974&#8217;te K\u0131br\u0131s Bar\u0131\u015f Harekat\u0131&#8217;na kat\u0131ld\u0131 ve 15 ay misyon yapt\u0131.<\/p>\n<p>Harekat s\u0131ras\u0131nda g\u00f6r\u00fcp b\u00fcy\u00fck hayranl\u0131k duydu\u011fu arabaya sahip olmay\u0131 hayal eden Ye\u015filova, terhis olduktan sonra birebir model arabas\u0131 sat\u0131n ald\u0131.<\/p>\n<p>Y\u0131llard\u0131r g\u00f6z\u00fc \u00fczere bakt\u0131\u011f\u0131 arabas\u0131yla Gaziantep sokaklar\u0131nda dola\u015fan Ye\u015filova, gazilik an\u0131lar\u0131n\u0131 ya\u015fatmaya devam ediyor.<\/p>\n<p><b>&#8211; &#8220;Arabaya b\u00fcy\u00fck bir sevgim ve a\u015fk\u0131m var&#8221;<\/b><\/p>\n<p>\u00d6zkan Ye\u015filova, arabas\u0131yla ortas\u0131nda duygusal bir ba\u011f olu\u015ftu\u011funu s\u00f6yledi.<\/p>\n<p>Otomobiline adeta g\u00f6z\u00fc \u00fczere bakt\u0131\u011f\u0131n\u0131 anlatan Ye\u015filova, \u015funlar\u0131 kaydetti:<\/p>\n<p>&#8220;Bu otomobile b\u00fcy\u00fck bir sevgim var, yani a\u015fk diyelim. Birinci \u00e7\u0131kt\u0131\u011f\u0131 g\u00fcnden beri seviyorum. Bana vakit zaman &#8216;Sat, yerli bir otomobil al.&#8217; diyenler oldu lakin satmad\u0131m. Otomobilim art\u0131k klasik ve \u015fu anda antika. \u015eimdiyse herkes &#8216;\u0130yi ki satmam\u0131\u015fs\u0131n.&#8217; diyerek takdir ediyor. Trafi\u011fe \u00e7\u0131kt\u0131\u011f\u0131mda be\u015ferler g\u00fcl\u00fcms\u00fcyor, el sall\u0131yor, ilgi g\u00f6steriyor. Bu da beni \u00e7ok keyifli ediyor.&#8221;<\/p>\n<p>Otomobilinin cam\u0131nda ta\u015f\u0131d\u0131\u011f\u0131 Muharip Gaziler Derne\u011fi armas\u0131yla ba\u015fka bir gurur ya\u015fad\u0131\u011f\u0131n\u0131 lisana getiren Ye\u015filova, o g\u00fcnlerin \u015fiddetli fakat unutulmaz an\u0131lar\u0131n\u0131 arabas\u0131yla yine ya\u015fad\u0131\u011f\u0131n\u0131 belirtti.<\/p>\n<p>Arac\u0131n\u0131 sak\u0131narak kulland\u0131\u011f\u0131n\u0131 s\u00f6z eden Ye\u015filova, &#8220;Eskiden otomobille kent d\u0131\u015f\u0131na \u00e7\u0131kard\u0131m lakin art\u0131k yapm\u0131yorum. Mod\u00fcl bulmak zorla\u015ft\u0131, ziyan gelmesinden tela\u015f ediyorum. Otomobilimi satmamam\u0131n nedeni yaln\u0131zca bir ara\u00e7 de\u011fil, bu bir sevda. Gazilikle birlikte ya\u015fayan, o y\u0131llar\u0131n ruhunu ta\u015f\u0131yan bir otomobil.&#8221; dedi.<\/p>\n<p>Otomobilin bak\u0131m\u0131na b\u00fcy\u00fck de\u011fer verdi\u011fini anlatan Ye\u015filova, &#8220;Arabam\u0131n bir c\u0131vatas\u0131na kadar her mod\u00fcl\u00fc yepyenidir. \u00d6zg\u00fcn olmayan bir \u015fey takmam.&#8221; tabirini kulland\u0131.<\/p>\n","protected":false},"excerpt":{"rendered":"<p>Gaziantep&#8217;te ya\u015fayan 72 ya\u015f\u0131ndaki K\u0131br\u0131s gazisi \u00d6zkan Ye\u015filova, K\u0131br\u0131s Bar\u0131\u015f Harekat\u0131 s\u0131ras\u0131nda g\u00f6r\u00fcp hayran kald\u0131\u011f\u0131 araban\u0131n birebirini sat\u0131n alarak yakla\u015f\u0131k yar\u0131m as\u0131rd\u0131r hem gazilik an\u0131lar\u0131n\u0131 ya\u015fat\u0131yor hem de nostaljiye seyahat yap\u0131yor.<\/p>\n","protected":false},"author":1,"featured_media":55061,"comment_status":"open","ping_status":"open","sticky":false,"template":"","format":"standard","meta":{"footnotes":""},"categories":[25],"tags":[772,6299,7476],"class_list":["post-55060","post","type-post","status-publish","format-standard","has-post-thumbnail","hentry","category-gundem","tag-araba","tag-otomobili","tag-yesilova"],"_links":{"self":[{"href":"https:\/\/ikimisli.tr\/index.php\/wp-json\/wp\/v2\/posts\/55060","targetHints":{"allow":["GET"]}}],"collection":[{"href":"https:\/\/ikimisli.tr\/index.php\/wp-json\/wp\/v2\/posts"}],"about":[{"href":"https:\/\/ikimisli.tr\/index.php\/wp-json\/wp\/v2\/types\/post"}],"author":[{"embeddable":true,"href":"https:\/\/ikimisli.tr\/index.php\/wp-json\/wp\/v2\/users\/1"}],"replies":[{"embeddable":true,"href":"https:\/\/ikimisli.tr\/index.php\/wp-json\/wp\/v2\/comments?post=55060"}],"version-history":[{"count":1,"href":"https:\/\/ikimisli.tr\/index.php\/wp-json\/wp\/v2\/posts\/55060\/revisions"}],"predecessor-version":[{"id":55062,"href":"https:\/\/ikimisli.tr\/index.php\/wp-json\/wp\/v2\/posts\/55060\/revisions\/55062"}],"wp:featuredmedia":[{"embeddable":true,"href":"https:\/\/ikimisli.tr\/index.php\/wp-json\/wp\/v2\/media\/55061"}],"wp:attachment":[{"href":"https:\/\/ikimisli.tr\/index.php\/wp-json\/wp\/v2\/media?parent=55060"}],"wp:term":[{"taxonomy":"category","embeddable":true,"href":"https:\/\/ikimisli.tr\/index.php\/wp-json\/wp\/v2\/categories?post=55060"},{"taxonomy":"post_tag","embeddable":true,"href":"https:\/\/ikimisli.tr\/index.php\/wp-json\/wp\/v2\/tags?post=55060"}],"curies":[{"name":"wp","href":"https:\/\/api.w.org\/{rel}","templated":true}]}}