{"id":5528,"date":"2025-01-21T07:59:58","date_gmt":"2025-01-21T07:59:58","guid":{"rendered":"https:\/\/ikimisli.tr\/?p=5528"},"modified":"2025-01-21T07:59:58","modified_gmt":"2025-01-21T07:59:58","slug":"sinirdan-gecmeyen-midemizden-gececek-mi","status":"publish","type":"post","link":"https:\/\/ikimisli.tr\/index.php\/2025\/01\/21\/sinirdan-gecmeyen-midemizden-gececek-mi\/","title":{"rendered":"S\u0131n\u0131rdan ge\u00e7meyen midemizden ge\u00e7ecek mi?"},"content":{"rendered":"<p>\u0130ncir, limon, \u00fcz\u00fcm, nar, domates&#8230; T\u00fcrkiye&#8217;den Avrupa&#8217;ya ihra\u00e7 edilirken \u00fczerinde pestisit kal\u0131nt\u0131s\u0131 oldu\u011fu gerek\u00e7esiyle \u00e7ok say\u0131da eser iade edildi. Vatanda\u015flar\u0131n akl\u0131nda da pestisitli eserler sofram\u0131za m\u0131 geliyor sorusu yatarken Tar\u0131m ve Orman Bakan\u0131 da a\u00e7\u0131klama yapt\u0131.\u00a0<\/p>\n<p>Bakan Yumakl\u0131, pestisit konusunda Avrupa Birli\u011fi ile tam ahenk i\u00e7erisinde olduklar\u0131n\u0131 s\u00f6ylerken 223 unsurun de yasakland\u0131\u011f\u0131n\u0131 hat\u0131rlatt\u0131.\u00a0<\/p>\n<p>Yumakl\u0131, &#8220;Elbette bilgilendirme ve e\u011fitimlerimizi \u00e7ok a\u011f\u0131r formda yap\u0131yoruz. \u015euur, alg\u0131 s\u0131k\u0131nt\u0131s\u0131, yan\u0131lg\u0131l\u0131 ya da eksiklik olan yerlere bilhassa tespitlerimizle ilgili a\u011f\u0131rla\u015farak buradaki problemli alanlar\u0131 \u00e7\u00f6zmeye \u00e7al\u0131\u015f\u0131yoruz.&#8221; dedi.\u00a0<\/p>\n<p>Yumakl\u0131 \u015fu tabirleri kulland\u0131:\u00a0<\/p>\n<p>-Burada yanl\u0131\u015f bir alg\u0131 var. Yaln\u0131zca ihracata giden eserler denetleniyormu\u015f ya da tahlil ediliyormu\u015f \u00fczere. Tarladan, hallere kadar bir\u00e7ok noktada da yurt i\u00e7inde arkada\u015flar\u0131m\u0131z kontrollerini yapmaya devam ediyor.\u00a0<\/p>\n<p><b>&#8220;SON \u00dc\u00c7 YILDA 250 B\u0130N PEST\u0130S\u0130T KONTROL\u00dc YAPILDI&#8221;<\/b><\/p>\n<p>-Son 3 y\u0131lda 250 bin pestisit kontrol\u00fc yap\u0131ld\u0131. Bu \u00e7ok b\u00fcy\u00fck bir oran. Ben bunun sonucundaki oran\u0131 vermek isterim. \u00a0<\/p>\n<p><b>&#8220;PEST\u0130S\u0130T KALINTI \u00d6L\u00c7\u00dcS\u00dcN\u00dc Y\u00dcZDE 35 ORANINDA AZALTTIK&#8221;<\/b><\/p>\n<p>-Sadece ihra\u00e7 edilen eserler de\u011fil, yurt i\u00e7indeki zira\u00ee eserler de tarladan sofraya kadar s\u0131k\u0131 kontrolden ge\u00e7iyor. Yapt\u0131\u011f\u0131m\u0131z denetimlerle pestisit kal\u0131nt\u0131 \u00f6l\u00e7\u00fcs\u00fcn\u00fc y\u00fczde 35 oran\u0131nda azaltt\u0131k.\u00a0<\/p>\n<p>-Biz bunu k\u00e2fi g\u00f6rm\u00fcyoruz. B\u00fct\u00fcn gayemiz m\u00fcmk\u00fcn oldu\u011fu kadar s\u0131f\u0131ra yakla\u015ft\u0131rmak.\u00a0<\/p>\n<p>-Denetimleri art\u0131rarak pestisit kal\u0131nt\u0131 \u00f6l\u00e7\u00fcs\u00fcn\u00fc daha da azaltacak, vatanda\u015flar\u0131m\u0131z\u0131n emniyetli besine ula\u015fmas\u0131n\u0131 sa\u011flamak i\u00e7in kararl\u0131l\u0131kla \u00e7al\u0131\u015fmaya devam edece\u011fiz.<\/p>\n","protected":false},"excerpt":{"rendered":"<p>Avrupa&#8217;n\u0131n T\u00fcrkiye&#8217;den ihra\u00e7 edilen birtak\u0131m tar\u0131m eserlerini &#8216;veto&#8217; etmesinin akabinde Tar\u0131m ve Orman Bakanl\u0131\u011f\u0131 pestisitlere ili\u015fkin kal\u0131nt\u0131 limitlerini d\u00fczenlemi\u015fti. Bakan Yumakl\u0131&#8217;dan da a\u00e7\u0131klama geldi.<\/p>\n","protected":false},"author":1,"featured_media":5529,"comment_status":"open","ping_status":"open","sticky":false,"template":"","format":"standard","meta":{"footnotes":""},"categories":[25],"tags":[1476,75],"class_list":["post-5528","post","type-post","status-publish","format-standard","has-post-thumbnail","hentry","category-gundem","tag-pestisit","tag-urun"],"_links":{"self":[{"href":"https:\/\/ikimisli.tr\/index.php\/wp-json\/wp\/v2\/posts\/5528","targetHints":{"allow":["GET"]}}],"collection":[{"href":"https:\/\/ikimisli.tr\/index.php\/wp-json\/wp\/v2\/posts"}],"about":[{"href":"https:\/\/ikimisli.tr\/index.php\/wp-json\/wp\/v2\/types\/post"}],"author":[{"embeddable":true,"href":"https:\/\/ikimisli.tr\/index.php\/wp-json\/wp\/v2\/users\/1"}],"replies":[{"embeddable":true,"href":"https:\/\/ikimisli.tr\/index.php\/wp-json\/wp\/v2\/comments?post=5528"}],"version-history":[{"count":1,"href":"https:\/\/ikimisli.tr\/index.php\/wp-json\/wp\/v2\/posts\/5528\/revisions"}],"predecessor-version":[{"id":5530,"href":"https:\/\/ikimisli.tr\/index.php\/wp-json\/wp\/v2\/posts\/5528\/revisions\/5530"}],"wp:featuredmedia":[{"embeddable":true,"href":"https:\/\/ikimisli.tr\/index.php\/wp-json\/wp\/v2\/media\/5529"}],"wp:attachment":[{"href":"https:\/\/ikimisli.tr\/index.php\/wp-json\/wp\/v2\/media?parent=5528"}],"wp:term":[{"taxonomy":"category","embeddable":true,"href":"https:\/\/ikimisli.tr\/index.php\/wp-json\/wp\/v2\/categories?post=5528"},{"taxonomy":"post_tag","embeddable":true,"href":"https:\/\/ikimisli.tr\/index.php\/wp-json\/wp\/v2\/tags?post=5528"}],"curies":[{"name":"wp","href":"https:\/\/api.w.org\/{rel}","templated":true}]}}