{"id":55315,"date":"2025-07-14T22:36:01","date_gmt":"2025-07-14T22:36:01","guid":{"rendered":"https:\/\/ikimisli.tr\/?p=55315"},"modified":"2025-07-14T22:36:01","modified_gmt":"2025-07-14T22:36:01","slug":"kararmis-sozcu-tv-ekraninda-bugun-6-gun","status":"publish","type":"post","link":"https:\/\/ikimisli.tr\/index.php\/2025\/07\/14\/kararmis-sozcu-tv-ekraninda-bugun-6-gun\/","title":{"rendered":"Kararm\u0131\u015f S\u00d6ZC\u00dc TV  ekran\u0131nda bug\u00fcn! 6. G\u00fcn"},"content":{"rendered":"<p><strong>\u0130Y\u0130 PART\u0130 K\u00dcME BA\u015eKANVEK\u0130L\u0130 BU\u011eRA KAVUNCU&#8217;DAN \u00c7A\u011eRI<\/strong><\/p>\n<p><strong>\u0130Y\u0130 Parti K\u00fcme Ba\u015fkanvekili Bu\u011fra Kavuncu, Serap Belovac\u0131kl\u0131&#8217;n\u0131n sorular\u0131n\u0131 yan\u0131tlad\u0131.<\/strong><\/p>\n<p>Ter\u00f6r \u00f6rg\u00fct\u00fc temsili silah b\u0131rakma merasimi ger\u00e7ekle\u015ftirdi. D\u00fczg\u00fcn Parti\u2019nin s\u00fcrece itirazlar\u0131 nedir?<\/p>\n<p>Tamamen bir oyun. G\u00f6stermelik bir avu\u00e7 ter\u00f6ristle bu i\u015fin neticelendi\u011fini d\u00fc\u015f\u00fcnmek b\u00fcy\u00fck bir safl\u0131k. Silahlar\u0131n ne incelemesi yap\u0131ld\u0131 ne ayr\u0131nt\u0131s\u0131na bak\u0131ld\u0131, t\u0131pk\u0131 vakitte silah teslim etmek \u00fczere bir durum da kelam konusu de\u011fil. Silahlar\u0131n yak\u0131lmas\u0131 asl\u0131nda d\u0131\u015far\u0131ya verilen bir ileti. Kimse \u201cBen pi\u015fman\u0131m\u201d demiyor, kimse teslim al\u0131nm\u0131yor. Bilakis \u015fu an PKK\u2019da bir zafer havas\u0131 var. Ter\u00f6r \u00f6rg\u00fct\u00fc temel emellerinden vazge\u00e7medi, yaln\u0131zca bir tiyatro oynan\u0131yor.<\/p>\n<p><img decoding=\"async\" src=\"https:\/\/ikimisli.tr\/wp-content\/uploads\/2025\/07\/kararmis-sozcu-tv-ekraninda-bugun-6-gun-0-tpReF45V.jpg\"\/><\/p>\n<p><strong>&#8220;PKK, T\u00dcRK\u0130YE TERSLER\u0130YLE TIPKI \u00c7\u0130ZG\u0130DE&#8221;<\/strong><\/p>\n<p>Lozan\u2018a sald\u0131ran, Cumhuriyet\u2019e lisan uzatan bir anlay\u0131\u015f var. Bu birebir vakitte Lozan\u2019la yedi d\u00fcveli g\u00f6men T\u00fcrk Milletiyle u\u011fra\u015f edemeyen g\u00fc\u00e7lere verilen bir bildiri. T\u00fcrkiye tersleriyle PKK b\u00fcsb\u00fct\u00fcn birebir \u00e7izgide. \u201cErmeni Soyk\u0131r\u0131m\u0131 vard\u0131r\u201ddeyip, Talat Pa\u015fa i\u00e7in \u201ckatil\u201d diyebilen bir yap\u0131n\u0131n T\u00fcrkiye Cumhuriyeti devletinden neler bekleyece\u011fi, neler isteyece\u011fi \u00e7ok a\u00e7\u0131k ortadad\u0131r. <br \/>Demokratik toplum ismi alt\u0131nda asl\u0131nda d\u00f6rt kantonlu bir yap\u0131n\u0131n olu\u015fturulmas\u0131n\u0131n haz\u0131rl\u0131klar\u0131 yap\u0131l\u0131yor. Apo\u2019nun ge\u00e7mi\u015fte sundu\u011fu modeli g\u00f6r\u00fcyorsunuz ve bu model ulusal devlet unsuruna tamamen kar\u015f\u0131.<\/p>\n<p><strong>&#8220;DEM PART\u0130 CUMHUR \u0130TT\u0130FAKI&#8217;NIN ORTA\u011eIDIR&#8221;<\/strong><\/p>\n<p>DEM Parti bug\u00fcn Cumhur \u0130ttifak\u0131&#8217;n\u0131n orta\u011f\u0131d\u0131r. Bir masa var, bu masada AKP, MHP ve DEM oturuyor. Masan\u0131n alt\u0131nda PKK var. PKK\u2019y\u0131 saklay\u0131p sonra da aklama etab\u0131na ge\u00e7ecekler. Masan\u0131n gerisinde b\u00fcsb\u00fct\u00fcn milletleraras\u0131 odaklar. Ufak bir z\u00fcmrenin menfaati u\u011fruna, Erdo\u011fan\u2019\u0131n odakta olaca\u011f\u0131 bir anayasa de\u011fi\u015fikli\u011fi u\u011fruna \u00fclke ate\u015fe at\u0131l\u0131yor.<\/p>\n<p><strong>Ter\u00f6ristba\u015f\u0131n\u0131n s\u00fcre\u00e7te muhatap al\u0131nmas\u0131na yorumunuz nedir?<\/strong><\/p>\n<p>Bir siyasi yap\u0131y\u0131 muhatap almak yerine eli kanl\u0131 bir katilin ba\u015f\u0131n\u0131 \u00e7ekti\u011fi ve onun muhatap al\u0131nd\u0131\u011f\u0131 bir s\u00fcrecin olu\u015fturulmas\u0131 \u00e7ok b\u00fcy\u00fck manalar ta\u015f\u0131maktad\u0131r. Kurul kuruldu\u011funa bakmay\u0131n, bir manas\u0131 olmayacak zira ter\u00f6r \u00f6rg\u00fct\u00fc eleba\u015f\u0131 \u00fczerinden parlamenter sistem b\u00fcsb\u00fct\u00fcn by-pass ediliyor.<\/p>\n<p>\u0130kincisi bu ter\u00f6r \u00f6rg\u00fct\u00fc lideri me\u015frula\u015ft\u0131r\u0131larak b\u00fct\u00fcn T\u00fcrk Milletine, eli kanl\u0131 bu katilin asl\u0131nda legal bir ba\u015fkan oldu\u011funu, bug\u00fcn ona \u201csay\u0131n\u201d diyenlerin de hakl\u0131 \u00e7\u0131kar\u0131lmas\u0131 i\u00e7in bir alt yer olu\u015fturuluyor. Bu bir\u00e7ok ihanet odaklar\u0131na c\u00fcret verecektir.<\/p>\n<p>Ter\u00f6ristba\u015f\u0131n\u0131n cezaevinden \u00e7\u0131kar\u0131lmas\u0131 bu milletin vicdan\u0131nda kapanmayacak bir yara a\u00e7ar. O yara da en ba\u015fta Cumhur \u0130ttifak\u0131\u2019n\u0131 yakar. T\u00fcrk milleti her badireden \u00e7\u0131kar, yolunu bulur, lakin yap\u0131lanlar\u0131 ve sorumlular\u0131n\u0131 asla unutmaz.<\/p>\n<p>S\u0131f\u0131rdan bir tarih yaratmak istiyorlar. T\u00fcrk tarihi hi\u00e7 ya\u015fanmam\u0131\u015f, bilimsel ba\u011flamda yokmu\u015f \u00fczere karma bir tarih yarat\u0131yorlar. Bu tarih \u00fcmmet\u00e7i bir ba\u011flama sahip. Millet olabilmeye dair rastgele bir \u015fey bar\u0131nd\u0131rm\u0131yor.<\/p>\n<p>Buradan T\u00fcrk akademisyenlere ve tarih\u00e7ilere de bir davet yap\u0131yorum. 1930\u2019larda ortaya at\u0131lan T\u00fcrk tarih tezine en b\u00fcy\u00fck itiraz prensipli ve onurlu bilim adamlar\u0131ndan, T\u00fcrk milliyet\u00e7ilerinden geldi. Bug\u00fcn yeni ve T\u00fcrk\u2019s\u00fcz bir tarih anlat\u0131s\u0131na kar\u015f\u0131 akademi ve bilim adamlar\u0131 direkt yans\u0131s\u0131n\u0131 koymal\u0131. Anadolu\u2019yu Anadolu yapan binlerce y\u0131ll\u0131k birlikteli\u011fimiz ve bu birlikteli\u011fin odaklar\u0131n\u0131 b\u00f6lmeye kalkarsan\u0131z bu i\u015fin sonu \u201cL\u00fcbnanla\u015fma\u201d noktas\u0131na kadar sarfiyat&#8230;<\/p>\n<p><img decoding=\"async\" src=\"https:\/\/ikimisli.tr\/wp-content\/uploads\/2025\/07\/kararmis-sozcu-tv-ekraninda-bugun-6-gun-1-v2RWJR7s.jpg\"\/><\/p>\n<p><b><span>&#8216;TBMM \u00e7at\u0131s\u0131 alt\u0131nda \u015feffaf formda y\u00fcr\u00fct\u00fclecek bir s\u00fcre\u00e7 i\u00e7in erken se\u00e7im yap\u0131lmas\u0131 \u015fartt\u0131r&#8217;<\/span><\/b><\/p>\n<p><strong>Damla Do\u011fan Tuncel sordu, G\u00fcvenlik Siyasetleri Ara\u015ft\u0131rmac\u0131s\u0131 Burak Y\u0131ld\u0131r\u0131m tek tek anlatt\u0131.<\/strong><\/p>\n<p><strong>PKK taraf\u0131ndan \u2018silah b\u0131rakma\u2019 de\u011fil, \u2018silah yakma\u2019 merasimi yap\u0131lmas\u0131 dikkat \u00e7ekti. Bu sembolik fark\u0131n gerisinde sizce nas\u0131l bir bildiri yat\u0131yor? Bu tercihin sizce bir sebebi olabilir mi? <\/strong><\/p>\n<p>Spek\u00fclatif olmakla birlikte; silahlar\u0131n teslim edilmesi yerine yak\u0131lmas\u0131n\u0131n tercih edilmesi \u00f6rg\u00fct \u00fcyelerinin s\u00fcre\u00e7le ilgili tam bir mutabakata varmam\u0131\u015f olmas\u0131yla ilgili olarak okunabilir. Silahlar\u0131n teslimi \u015farts\u0131z bir teslimiyet manas\u0131na gelece\u011finden \u00f6rg\u00fct arac\u0131larla bile olsa bu manzaray\u0131 vermek istememi\u015f olabilir. Bu durum ter\u00f6r \u00f6rg\u00fct\u00fcndeki ruh halini de yans\u0131t\u0131yor olabilir.<\/p>\n<p><strong>\u201cADALET DUYGUSU TATM\u0130N OLURSA KALICI BARI\u015e \u0130N\u015eA ED\u0130L\u0130R\u201d<\/strong><\/p>\n<p>Di\u011fer yandan bu durumun tali olmayan sak\u0131ncalar\u0131 da var. Silahlar\u0131n teslim ve kay\u0131t alt\u0131na al\u0131nmas\u0131; bu silahlar\u0131n ter\u00f6r \u00f6rg\u00fct\u00fcne nas\u0131l temin edildi\u011fiyle ilgili t\u00fcrel ve diplomatik te\u015febb\u00fcslerin yap\u0131lmas\u0131 k\u0131ymetli bir konuydu.<\/p>\n<p>B\u00f6ylece T\u00fcrkiye ilerideki s\u00fcre\u00e7lerde ter\u00f6r \u00f6rg\u00fct\u00fcne takviye veren istihbarat \u00f6rg\u00fctleri ve devletlerle girece\u011fi uyu\u015fmazl\u0131klarda k\u0131ymetli bir koza sahip olabilirdi. Lakin bundan vazge\u00e7ildi\u011fine ve silahlar\u0131n yak\u0131lmalar\u0131na raz\u0131 olundu\u011funa \u015fahit olduk. Bunun b\u00fcy\u00fck bir yan\u0131lg\u0131 oldu\u011funu belirtmek gerekiyor.<\/p>\n<p><strong>Uzun m\u00fcddettir konu\u015fulan \u201cTer\u00f6rs\u00fcz T\u00fcrkiye\u201d s\u00fcreci, evvelki te\u015febb\u00fcslerin bilakis toplumsal istek eksikli\u011fiyle ele\u015ftiriliyor. Buna ra\u011fmen, T\u00fcrkiye\u2019den \u00fcnl\u00fc isimlerin de yer ald\u0131\u011f\u0131 geni\u015f bir heyetin kat\u0131ld\u0131\u011f\u0131 ve \u00fclkede g\u00f6zya\u015flar\u0131yla izlenen bu geli\u015fmeler, kamuoyunun s\u00fcrece bak\u0131\u015f\u0131n\u0131 sizce nas\u0131l tesirler? Bu tablo, toplumsal me\u015fruiyet a\u00e7\u0131s\u0131ndan yeni bir taban yaratabilir mi?<\/strong><\/p>\n<p>Teoride toplumsal istek \u00fcretimi i\u00e7in kamuoyunda bilinen ve h\u00fcrmet duyulan isimlerin inisiyatif almalar\u0131 k\u0131ymetli bir katk\u0131 sunar. Bu isimlerin toplumun her b\u00f6l\u00fcm\u00fcnde kar\u015f\u0131l\u0131\u011f\u0131 olmas\u0131 beklenirken mevcut tabloda bu t\u0131p bir kar\u015f\u0131l\u0131\u011f\u0131n olmad\u0131\u011f\u0131n\u0131 da g\u00f6r\u00fcyoruz. \u00d6b\u00fcr yandan toplumsal iste\u011fin in\u015fas\u0131 i\u00e7in temel \u00f6l\u00e7\u00fct adaletin ve hakkaniyetin sa\u011flanmas\u0131 gerekmektedir. \u0130\u015flenen kabahatlerin cezaland\u0131r\u0131lmas\u0131, emsal c\u00fcr\u00fcmlerin gelecekte i\u015flenmesinin \u00f6n\u00fcne ge\u00e7ecek ad\u0131mlar\u0131n at\u0131lmas\u0131 gerekir.<\/p>\n<p>Toplumun adalet duygusu tatmin oldu\u011funda kal\u0131c\u0131 bir bar\u0131\u015f in\u015fa edilmi\u015f olur. Devletler kendilerine kar\u015f\u0131 i\u015flenmi\u015f c\u00fcr\u00fcmleri affetse bile bireylere kar\u015f\u0131 i\u015flenmi\u015f hatalar\u0131 affetme hakk\u0131na sahip de\u011fildir. \u0130\u00e7inde bulundu\u011fumuz s\u00fcre\u00e7te ise taraflar\u0131n geride b\u0131rakt\u0131\u011f\u0131m\u0131z 41 y\u0131l\u0131 hi\u00e7 olmam\u0131\u015f \u00fczere kabul etmesi \u00fczerinden \u015fekillenen bir tablo var. Bu durumda yak\u0131nlar\u0131n\u0131 kaybeden T\u00fcrkler ve K\u00fcrtler i\u00e7in adil bir anlat\u0131 tasarlanamaz. Her \u015feyden \u00f6te bu s\u00fcrecin kendisi bir hedeften \u00f6te bir ara\u00e7 \u00fczere kurgulan\u0131yor. Ara\u00e7salla\u015fm\u0131\u015f bir bar\u0131\u015f\u0131n ahlaki ve t\u00fczel kar\u015f\u0131l\u0131\u011f\u0131 da zay\u0131f olur.<\/p>\n<p>Son olarak bu bar\u0131\u015f\u0131n zarurili\u011fi \u00e7ok zay\u0131f bir b\u00f6lgesel konjonkt\u00fcr anlat\u0131s\u0131yla yasalla\u015ft\u0131r\u0131lmaya \u00e7al\u0131\u015f\u0131l\u0131yor. Bu anlat\u0131n\u0131n temelsizli\u011fi bir yana; vatanda\u015f\u0131na ahlaken ve hukuken hak teslim etmek yerine b\u00f6lgesel geli\u015fmeler nedeniyle yakla\u015fman\u0131n da yasal bir kar\u015f\u0131l\u0131\u011f\u0131 yoktur. Kamuoyunun s\u00fcrece tam olarak ikna olmamas\u0131ndaki temel m\u00fcnasebetler de bunlard\u0131r.<\/p>\n<p><strong>\u201cREJ\u0130M\u0130N N\u0130TEL\u0130\u011e\u0130 \u0130LE \u0130LG\u0130L\u0130 TARTI\u015eMALAR G\u00dcNDEME GELECEKT\u0130R\u201d<\/strong><\/p>\n<p><strong>T\u00f6rende \u201cdemokratik entegrasyon\u201d vurgusu yap\u0131ld\u0131; s\u00fcrecin yasal ve anayasal d\u00fczenlemelerle s\u00fcrd\u00fcr\u00fclmesi gerekti\u011fi lisana getirildi. \u00c7abucak sonraki g\u00fcn Cumhurba\u015fkan\u0131 Erdo\u011fan\u2019\u0131n yapt\u0131\u011f\u0131 ve \u2018tarihi\u2019 olarak nitelendirilen konu\u015fma \u00f6ncesi farkl\u0131 beklentiler ve kulis yorumlar\u0131 g\u00fcndeme geldi. T\u00fcm bu geli\u015fmeler \u0131\u015f\u0131\u011f\u0131nda, sizce T\u00fcrkiye bundan sonra nas\u0131l bir yol haritas\u0131na y\u00f6nelebilir? S\u00fcre\u00e7 siyasal, t\u00fcrel ve toplumsal d\u00fczlemde nas\u0131l \u015fekillenmeli?<\/strong><\/p>\n<p>Kulislerin \u00f6tesinde bir anayasa \u0131slahat\u0131 taraflarca a\u00e7\u0131k bir halde dillendirilmektedir. Bununla ilgili bir kurul kurulaca\u011f\u0131 da tabir ediliyor. Bu ba\u011flamda rejimin niteli\u011fiyle ilgili tart\u0131\u015fmalar da g\u00fcndeme gelecektir.<\/p>\n<p>\u0130dealinde, TBMM \u00e7at\u0131s\u0131 alt\u0131nda \u015feffaf bir bi\u00e7imde y\u00fcr\u00fct\u00fclecek bir s\u00fcre\u00e7 i\u00e7in bir erken se\u00e7im yap\u0131lmas\u0131 kaidedir. Bu sayede se\u00e7men oy verece\u011fi milletvekillerinin tam olarak hangi bahisle ilgili nas\u0131l bir irade ortaya koyaca\u011f\u0131n\u0131 bilerek tercih yapabilir. Hatta se\u00e7ilecek yeni meclis daha k\u00fc\u00e7\u00fck bir komiteyle de\u011fil b\u00fct\u00fcn olarak mevzuyu ele alabilir.<\/p>\n<p>Toplumsal iste\u011fin in\u015fa edilebilmesi i\u00e7in bundan daha g\u00fc\u00e7l\u00fc bir taban de kurgulanamaz. Lakin iktidar bunun yerine \u015fu anda mevcut meclis aritmeti\u011fi \u00fczerinden bir hesap yap\u0131yor. Elbette bunun siyasi sonu\u00e7lar\u0131 da s\u00fcrecin devam\u0131n\u0131 etkileyebilir. Halk\u0131n iradesine kar\u015f\u0131n bir se\u00e7kin uzla\u015f\u0131s\u0131yla fiili bir durum yaratmak da kal\u0131c\u0131 sonu\u00e7lar \u00fcretmeyebilir.<\/p>\n","protected":false},"excerpt":{"rendered":"<p>D\u00fczg\u00fcn Partili Bu\u011fra Kavuncu, Serap Belovac\u0131kl\u0131\u2019n\u0131n sorular\u0131n\u0131 yan\u0131tlad\u0131, Damla Do\u011fan Tuncel, g\u00fcvenlik uzman\u0131 Burak Y\u0131ld\u0131r\u0131m\u2019la konu\u015ftu.<\/p>\n","protected":false},"author":1,"featured_media":55316,"comment_status":"open","ping_status":"open","sticky":false,"template":"","format":"standard","meta":{"footnotes":""},"categories":[25],"tags":[84,2459,847,1746,163],"class_list":["post-55315","post","type-post","status-publish","format-standard","has-post-thumbnail","hentry","category-gundem","tag-silah","tag-tarih","tag-teror-orgutu","tag-toplum","tag-turk"],"_links":{"self":[{"href":"https:\/\/ikimisli.tr\/index.php\/wp-json\/wp\/v2\/posts\/55315","targetHints":{"allow":["GET"]}}],"collection":[{"href":"https:\/\/ikimisli.tr\/index.php\/wp-json\/wp\/v2\/posts"}],"about":[{"href":"https:\/\/ikimisli.tr\/index.php\/wp-json\/wp\/v2\/types\/post"}],"author":[{"embeddable":true,"href":"https:\/\/ikimisli.tr\/index.php\/wp-json\/wp\/v2\/users\/1"}],"replies":[{"embeddable":true,"href":"https:\/\/ikimisli.tr\/index.php\/wp-json\/wp\/v2\/comments?post=55315"}],"version-history":[{"count":1,"href":"https:\/\/ikimisli.tr\/index.php\/wp-json\/wp\/v2\/posts\/55315\/revisions"}],"predecessor-version":[{"id":55319,"href":"https:\/\/ikimisli.tr\/index.php\/wp-json\/wp\/v2\/posts\/55315\/revisions\/55319"}],"wp:featuredmedia":[{"embeddable":true,"href":"https:\/\/ikimisli.tr\/index.php\/wp-json\/wp\/v2\/media\/55316"}],"wp:attachment":[{"href":"https:\/\/ikimisli.tr\/index.php\/wp-json\/wp\/v2\/media?parent=55315"}],"wp:term":[{"taxonomy":"category","embeddable":true,"href":"https:\/\/ikimisli.tr\/index.php\/wp-json\/wp\/v2\/categories?post=55315"},{"taxonomy":"post_tag","embeddable":true,"href":"https:\/\/ikimisli.tr\/index.php\/wp-json\/wp\/v2\/tags?post=55315"}],"curies":[{"name":"wp","href":"https:\/\/api.w.org\/{rel}","templated":true}]}}