{"id":55375,"date":"2025-07-15T01:23:59","date_gmt":"2025-07-15T01:23:59","guid":{"rendered":"https:\/\/ikimisli.tr\/?p=55375"},"modified":"2025-07-15T01:23:59","modified_gmt":"2025-07-15T01:23:59","slug":"dem-partide-es-baskanlik-karmasasi-istifa-etti-ama-hala-gorevde-gibi","status":"publish","type":"post","link":"https:\/\/ikimisli.tr\/index.php\/2025\/07\/15\/dem-partide-es-baskanlik-karmasasi-istifa-etti-ama-hala-gorevde-gibi\/","title":{"rendered":"DEM Parti&#8217;de \u2018E\u015f Ba\u015fkanl\u0131k\u2019 karma\u015fas\u0131\u2026 \u0130stifa etti ama hala g\u00f6revde gibi"},"content":{"rendered":"<p>Elaz\u0131\u011f&#8217;\u0131n Karako\u00e7an il\u00e7esinde 31 Mart yerel se\u00e7imlerinde DEM Parti&#8217;den Belediye E\u015f Ba\u015fkan\u0131 olarak se\u00e7ilen Song\u00fcl D\u00fczg\u00fcn, ge\u00e7ti\u011fimiz ay kamuoyuna yapt\u0131\u011f\u0131 sert a\u00e7\u0131klamalarla hem partisinden hem de belediyedeki vazifesinden istifa etti. D\u00fczg\u00fcn\u2019\u00fcn a\u00e7\u0131klamalar\u0131 DEM Parti i\u00e7inde b\u00fcy\u00fck yank\u0131 uyand\u0131r\u0131rken, parti k\u0131sa m\u00fchlet i\u00e7inde D\u00fczg\u00fcn\u2019\u00fcn yerine belediye meclis \u00fcyesi Eda Durmu\u015f\u2019un atand\u0131\u011f\u0131n\u0131 duyurdu. Lakin ortadan haftalar ge\u00e7mesine kar\u015f\u0131n partinin resmi internet sitesinde hala Song\u00fcl D\u00fczg\u00fcn\u2019\u00fcn isminin e\u015f lider olarak yer almas\u0131 ba\u015flar\u0131 kar\u0131\u015ft\u0131rd\u0131.<\/p>\n<p><b>SONG\u00dcL D\u00dcZG\u00dcN \u0130ST\u0130FA ETT\u0130, YER\u0130NE EDA DURMU\u015e ATANDI<\/b><\/p>\n<p>31 Mart yerel se\u00e7imlerinde DEM Parti\u2019den Karako\u00e7an Belediyesi E\u015f Ba\u015fkan\u0131 se\u00e7ilen Song\u00fcl D\u00fczg\u00fcn, k\u0131sa m\u00fcddet evvel vazifesinden ve partisinden istifa etti\u011fini duyurdu. \u0130stifas\u0131n\u0131 kamuoyuna sert s\u00f6zlerle a\u00e7\u0131klayan D\u00fczg\u00fcn, belediyedeki ba\u015fka e\u015f lider Cafer O\u011fur\u2019u ama\u00e7 alm\u0131\u015f, partinin i\u00e7 i\u015fleyi\u015fini de ele\u015ftirmi\u015fti. DEM Parti, istifan\u0131n akabinde yapt\u0131\u011f\u0131 a\u00e7\u0131klamada D\u00fczg\u00fcn\u2019\u00fcn tezlerini reddederken, Karako\u00e7an Belediye Meclis \u00dcyesi Eda Durmu\u015f\u2019un yeni e\u015f lider olarak g\u00f6revlendirildi\u011fini kamuoyuna ilan etti.<\/p>\n<p><b>DEM PART\u0130\u2019DEN SERT CEVAP: \u0130LKELERE AYKIRI DAVRANDI<\/b><\/p>\n<p>Parti taraf\u0131ndan yap\u0131lan a\u00e7\u0131klamada Song\u00fcl D\u00fczg\u00fcn\u2019\u00fcn e\u015f ba\u015fkanl\u0131k g\u00f6revini parti unsurlar\u0131na kar\u015f\u0131t halde y\u00fcr\u00fctt\u00fc\u011f\u00fc savunuldu. A\u00e7\u0131klamada \u015fu s\u00f6zlere yer verildi:<\/p>\n<p>\u201cG\u00f6rev m\u00fcddeti boyunca bayan \u00f6zg\u00fcrl\u00fck prensiplerini temel almayan, e\u015f ba\u015fkanl\u0131k ideolojimizi yok sayan, erkek e\u015f lider hakk\u0131nda temelsiz telaffuzlar \u00fcreterek gaye g\u00f6steren ve halk\u0131n beklentilerini temel almak yerine kimi \u00e7evrelere endeksli bir \u00e7al\u0131\u015fma y\u00fcr\u00fcten bir yakla\u015f\u0131m sergilemi\u015ftir.\u201d<\/p>\n<p><b>RESM\u0130 S\u0130TEDE HALA SONG\u00dcL D\u00dcZG\u00dcN YAZIYOR<\/b><\/p>\n<p>DEM Parti&#8217;nin yeni e\u015f lider olarak Eda Durmu\u015f&#8217;u g\u00f6revlendirmesine kar\u015f\u0131n, partinin resmi internet sitesinde Karako\u00e7an Belediyesi e\u015f liderleri ortas\u0131nda h\u00e2l\u00e2 Song\u00fcl D\u00fczg\u00fcn\u2019\u00fcn isminin yer almas\u0131 dikkat \u00e7ekiyor. Parti idaresinden bu durumla ilgili rastgele bir a\u00e7\u0131klama yap\u0131lmazken, ya\u015fanan \u00e7eli\u015fki kamuoyunda \u201cParti i\u00e7inde yeni bir kriz mi var?\u201d sorular\u0131n\u0131 g\u00fcndeme getirdi.<\/p>\n","protected":false},"excerpt":{"rendered":"<p>Elaz\u0131\u011f&#8217;\u0131n Karako\u00e7an il\u00e7esinde DEM Parti\u2019den se\u00e7ilen Belediye E\u015f Ba\u015fkan\u0131 Song\u00fcl D\u00fczg\u00fcn, sert a\u00e7\u0131klamalarla hem partisinden hem misyonundan istifa etti. Yerine meclis \u00fcyesi Eda Durmu\u015f atanmas\u0131na kar\u015f\u0131n, partinin resmi internet sitesinde h\u00e2l\u00e2 D\u00fczg\u00fcn\u2019\u00fcn isminin yer almas\u0131 dikkat \u00e7ekti.<\/p>\n","protected":false},"author":1,"featured_media":55376,"comment_status":"open","ping_status":"open","sticky":false,"template":"","format":"standard","meta":{"footnotes":""},"categories":[25],"tags":[40,480,7493,445,189],"class_list":["post-55375","post","type-post","status-publish","format-standard","has-post-thumbnail","hentry","category-gundem","tag-belediye","tag-dem-parti","tag-es-baskan","tag-istifa","tag-parti"],"_links":{"self":[{"href":"https:\/\/ikimisli.tr\/index.php\/wp-json\/wp\/v2\/posts\/55375","targetHints":{"allow":["GET"]}}],"collection":[{"href":"https:\/\/ikimisli.tr\/index.php\/wp-json\/wp\/v2\/posts"}],"about":[{"href":"https:\/\/ikimisli.tr\/index.php\/wp-json\/wp\/v2\/types\/post"}],"author":[{"embeddable":true,"href":"https:\/\/ikimisli.tr\/index.php\/wp-json\/wp\/v2\/users\/1"}],"replies":[{"embeddable":true,"href":"https:\/\/ikimisli.tr\/index.php\/wp-json\/wp\/v2\/comments?post=55375"}],"version-history":[{"count":1,"href":"https:\/\/ikimisli.tr\/index.php\/wp-json\/wp\/v2\/posts\/55375\/revisions"}],"predecessor-version":[{"id":55377,"href":"https:\/\/ikimisli.tr\/index.php\/wp-json\/wp\/v2\/posts\/55375\/revisions\/55377"}],"wp:featuredmedia":[{"embeddable":true,"href":"https:\/\/ikimisli.tr\/index.php\/wp-json\/wp\/v2\/media\/55376"}],"wp:attachment":[{"href":"https:\/\/ikimisli.tr\/index.php\/wp-json\/wp\/v2\/media?parent=55375"}],"wp:term":[{"taxonomy":"category","embeddable":true,"href":"https:\/\/ikimisli.tr\/index.php\/wp-json\/wp\/v2\/categories?post=55375"},{"taxonomy":"post_tag","embeddable":true,"href":"https:\/\/ikimisli.tr\/index.php\/wp-json\/wp\/v2\/tags?post=55375"}],"curies":[{"name":"wp","href":"https:\/\/api.w.org\/{rel}","templated":true}]}}