{"id":55381,"date":"2025-07-15T01:48:00","date_gmt":"2025-07-15T01:48:00","guid":{"rendered":"https:\/\/ikimisli.tr\/?p=55381"},"modified":"2025-07-15T01:48:00","modified_gmt":"2025-07-15T01:48:00","slug":"chpli-tanrikulundan-dedasa-bu-asiri-sicaklarda-vatandaslara-eziyet-etmeyin","status":"publish","type":"post","link":"https:\/\/ikimisli.tr\/index.php\/2025\/07\/15\/chpli-tanrikulundan-dedasa-bu-asiri-sicaklarda-vatandaslara-eziyet-etmeyin\/","title":{"rendered":"CHP&#8217;li Tanr\u0131kulu&#8217;ndan DEDA\u015e&#8217;a: Bu a\u015f\u0131r\u0131 s\u0131caklarda vatanda\u015flara eziyet etmeyin"},"content":{"rendered":"<p>CHPDiyarbak\u0131r Milletvekili, TBMM \u0130nsan Haklar\u0131n\u0131 \u0130nceleme Komitesi Ba\u015fkanvekili Sezgin Tanr\u0131kulu \u015fikayetlerin artt\u0131\u011f\u0131n\u0131 belirtirken DEDA\u015e&#8217;\u0131n altyap\u0131s\u0131n\u0131n uygun hale getirilmesi gerekti\u011fini s\u00f6yledi.\u00a0<\/p>\n<p>Tanr\u0131kulu, &#8220;Diyarbak\u0131r&#8217;da DEDA\u015e&#8217;\u0131n \u00f6n\u00fcndeyim. DEDA\u015e, elektrik da\u011f\u0131t\u0131m \u015firketi, Diyarbak\u0131r&#8217;la birlikte 6 Vilayet&#8217;e \u015eanl\u0131urfa&#8217;ya, Mardin&#8217;e, \u015e\u0131rnak&#8217;a, Batman&#8217;a ve Siirt&#8217;e hizmet veriyor, elektrik da\u011f\u0131t\u0131m \u015firketi. Elektrik, g\u00fc\u00e7 asl\u0131nda en temel t\u00fcketim ve kamu hizmeti t\u0131pk\u0131 vakitte. Kamu hizmetlerinin de kamu kurumlar\u0131 taraf\u0131ndan kar emeli g\u00fcd\u00fclmeden yap\u0131lmas\u0131 laz\u0131m. Fakat her nas\u0131lsa sonu\u00e7ta b\u00fct\u00fcn T\u00fcrkiye&#8217;de elektrik da\u011f\u0131t\u0131m hizmetleri \u00f6zelle\u015ftirildi. ve DEDA\u015e&#8217;ta 6 Vilayet&#8217;e hizmet veriyor.&#8221; dedi. Tanr\u0131kulu \u015fu s\u00f6zleri kulland\u0131:\u00a0<\/p>\n<p>-Ama \u00f6zelle\u015fti\u011finden bu yana daima \u015fikayet var. Hem konutlardan \u015fikayet var, hem end\u00fcstricilerden hem de tar\u0131mda g\u00fc\u00e7 t\u00fcketenlerden. Altyap\u0131ya bir yat\u0131r\u0131m yap\u0131lm\u0131yor. Ya da gere\u011fince yap\u0131lm\u0131yor.<\/p>\n<p>-\u0130\u015fte \u00e7ok s\u0131caklar var. Bu s\u0131caklara uygun altyap\u0131 olmad\u0131\u011f\u0131 i\u00e7in de her yerden ar\u0131za, kesinti \u015fikayetleri geliyor. Bu \u015fikayetlerin onlarcas\u0131 bana geliyor Diyarbak\u0131r Milletvekili olarak, iletmeye \u00e7al\u0131\u015f\u0131yorum. Lakin \u015fu bilinsin, bilhassa tar\u0131mda, bu mevsimde ve konutlarda, end\u00fcstride g\u00fc\u00e7 t\u00fcketimi a\u011f\u0131r.<\/p>\n<p>-DEDA\u015e&#8217;\u0131n buna uygun altyap\u0131s\u0131n\u0131n uygun hale getirilmesi laz\u0131m. Ve yurtta\u015flar\u0131m\u0131za, hem\u015fehrilerimize eziyet etmemesi laz\u0131m.Ben hem DEDA\u015e yetkililerini uyar\u0131yorum hem de denetleyecek kurumlar\u0131 bir defa daha uyar\u0131yorum. Bu \u00e7ok s\u0131caklarda yurtta\u015flar\u0131m\u0131za, \u00e7ift\u00e7ilerimize ve\u00a0 sanayicilerimize eziyet etmeyin.<\/p>\n","protected":false},"excerpt":{"rendered":"<p>CHP Diyarbak\u0131r Milletvekili Sezgin Tanr\u0131kulu DEDA\u015e&#8217;\u0131n \u00f6n\u00fcnden seslendi.<\/p>\n","protected":false},"author":1,"featured_media":55382,"comment_status":"open","ping_status":"open","sticky":false,"template":"","format":"standard","meta":{"footnotes":""},"categories":[25],"tags":[7494,799,1015],"class_list":["post-55381","post","type-post","status-publish","format-standard","has-post-thumbnail","hentry","category-gundem","tag-dedas","tag-hizmet","tag-sikayet"],"_links":{"self":[{"href":"https:\/\/ikimisli.tr\/index.php\/wp-json\/wp\/v2\/posts\/55381","targetHints":{"allow":["GET"]}}],"collection":[{"href":"https:\/\/ikimisli.tr\/index.php\/wp-json\/wp\/v2\/posts"}],"about":[{"href":"https:\/\/ikimisli.tr\/index.php\/wp-json\/wp\/v2\/types\/post"}],"author":[{"embeddable":true,"href":"https:\/\/ikimisli.tr\/index.php\/wp-json\/wp\/v2\/users\/1"}],"replies":[{"embeddable":true,"href":"https:\/\/ikimisli.tr\/index.php\/wp-json\/wp\/v2\/comments?post=55381"}],"version-history":[{"count":1,"href":"https:\/\/ikimisli.tr\/index.php\/wp-json\/wp\/v2\/posts\/55381\/revisions"}],"predecessor-version":[{"id":55383,"href":"https:\/\/ikimisli.tr\/index.php\/wp-json\/wp\/v2\/posts\/55381\/revisions\/55383"}],"wp:featuredmedia":[{"embeddable":true,"href":"https:\/\/ikimisli.tr\/index.php\/wp-json\/wp\/v2\/media\/55382"}],"wp:attachment":[{"href":"https:\/\/ikimisli.tr\/index.php\/wp-json\/wp\/v2\/media?parent=55381"}],"wp:term":[{"taxonomy":"category","embeddable":true,"href":"https:\/\/ikimisli.tr\/index.php\/wp-json\/wp\/v2\/categories?post=55381"},{"taxonomy":"post_tag","embeddable":true,"href":"https:\/\/ikimisli.tr\/index.php\/wp-json\/wp\/v2\/tags?post=55381"}],"curies":[{"name":"wp","href":"https:\/\/api.w.org\/{rel}","templated":true}]}}