{"id":55533,"date":"2025-07-15T10:35:59","date_gmt":"2025-07-15T10:35:59","guid":{"rendered":"https:\/\/ikimisli.tr\/?p=55533"},"modified":"2025-07-15T10:35:59","modified_gmt":"2025-07-15T10:35:59","slug":"kilosu-600-bin-tlye-firlayinca-jandarma-tarlada-nobet-tutmaya-basladi","status":"publish","type":"post","link":"https:\/\/ikimisli.tr\/index.php\/2025\/07\/15\/kilosu-600-bin-tlye-firlayinca-jandarma-tarlada-nobet-tutmaya-basladi\/","title":{"rendered":"Kilosu 600 bin TL&#8217;ye f\u0131rlay\u0131nca Jandarma tarlada n\u00f6bet tutmaya ba\u015flad\u0131"},"content":{"rendered":"<p>T\u00fcrkiye&#8217;de k\u0131ymetli k\u0131sm\u0131 Karab\u00fck&#8217;\u00fcn Safranbolu il\u00e7esinde yeti\u015ftirilen &#8216;safran&#8217;, son y\u0131llarda artan bedeliyle \u00e7ift\u00e7iler kadar tarla h\u0131rs\u0131zlar\u0131n da ilgi oda\u011f\u0131na d\u00f6n\u00fc\u015ft\u00fc.\u00a0<\/p>\n<p>Normal ko\u015fullar alt\u0131nda ekim ve kas\u0131m ay\u0131nda hasad\u0131 yap\u0131lan bedelli bitki, temmuz ve a\u011fustosta topra\u011fa ekiliyor. Ge\u00e7ti\u011fimiz y\u0131l 450 bin liradan sat\u0131lan safran\u0131n kilogram fiyat\u0131n\u0131n bu y\u0131l 600 bin liraya kadar \u00e7\u0131kmas\u0131 beklenirken, kendisi kadar tohum ve so\u011fanlar\u0131 da bedelli olan safran i\u00e7in tarlalarda gece g\u00fcnd\u00fcz n\u00f6bet tutuluyor.\u00a0<\/p>\n<p><img decoding=\"async\" src=\"https:\/\/ikimisli.tr\/wp-content\/uploads\/2025\/07\/kilosu-600-bin-tlye-firlayinca-jandarma-tarlada-nobet-tutmaya-basladi-0-NOeI9kWg.jpg\"\/><\/p>\n<p><strong>JANDARMALAR TARLA DEVR\u0130YES\u0130NDE\u00a0<\/strong><\/p>\n<p>T\u00fcrkiye&#8217;de son y\u0131llarda art\u0131\u015f g\u00f6steren tarla h\u0131rs\u0131zl\u0131\u011f\u0131na kar\u015f\u0131 f\u0131nd\u0131k ve f\u0131st\u0131k \u00fczere pahal\u0131 eserleri korumak i\u00e7in n\u00f6bet tutan Jandarma tak\u0131mlar\u0131, safran tohumlar\u0131n\u0131n ekildi\u011fi tarlalarda da h\u0131rs\u0131zlara g\u00f6z a\u00e7t\u0131rm\u0131yor.\u00a0<\/p>\n<p>Termal g\u00f6r\u00fc\u015f merceklerinin ve drone kameralar\u0131n u\u00e7uruldu\u011fu tarlalarda g\u00fcvenlik tedbirleri son d\u00fczeylere \u00e7\u0131kar\u0131l\u0131rken, sonbahar mevsiminde hasat edilecek safranlar\u0131n tamam\u0131na yak\u0131n\u0131 ise yurt d\u0131\u015f\u0131na sat\u0131l\u0131yor. Havalar\u0131n hemen \u0131s\u0131nmas\u0131 nedeniyle, k\u0131\u015f so\u011fuklar\u0131 bast\u0131rmadan evvel mahsul\u00fc toplamak i\u00e7in bu y\u0131l erken ekim yapmaya ba\u015flayan \u00e7ift\u00e7iler Jandarma ile birlikte tarlalar\u0131nda d\u00f6n\u00fc\u015f\u00fcml\u00fc n\u00f6bet tutuyor.\u00a0<\/p>\n<p><img decoding=\"async\" src=\"https:\/\/ikimisli.tr\/wp-content\/uploads\/2025\/07\/kilosu-600-bin-tlye-firlayinca-jandarma-tarlada-nobet-tutmaya-basladi-1-M5DxSIxN.jpg\"\/><\/p>\n<p>Ekim ay\u0131 prestijiyle safranlar\u0131n olgunla\u015fmas\u0131yla birlikte Karab\u00fck&#8217;te safranlarla dolan tarlalar, turistlerin de ilgi merkezi haline d\u00f6n\u00fc\u015f\u00fcyor.\u00a0<\/p>\n<p><\/p>\n","protected":false},"excerpt":{"rendered":"<p>Ekim ve kas\u0131m ay\u0131nda hasad\u0131 yap\u0131lan safran\u0131n kilogram fiyat\u0131n\u0131n bu y\u0131l 600 bin liray\u0131 bulmas\u0131 bekleniyor. Temmuz ve a\u011fustos ay\u0131nda ekimi yap\u0131lan bitkinin pahas\u0131n\u0131n artmas\u0131, tarlalarda safran tohumlar\u0131n\u0131n \u00e7al\u0131nmas\u0131na neden oldu. Gece g\u00fcnd\u00fcz tarlalarda n\u00f6bet tutan jandarmalar, h\u0131rs\u0131zlara g\u00f6z a\u00e7t\u0131rm\u0131yor.<\/p>\n","protected":false},"author":1,"featured_media":55534,"comment_status":"open","ping_status":"open","sticky":false,"template":"","format":"standard","meta":{"footnotes":""},"categories":[25],"tags":[1959,901],"class_list":["post-55533","post","type-post","status-publish","format-standard","has-post-thumbnail","hentry","category-gundem","tag-safran","tag-tarla"],"_links":{"self":[{"href":"https:\/\/ikimisli.tr\/index.php\/wp-json\/wp\/v2\/posts\/55533","targetHints":{"allow":["GET"]}}],"collection":[{"href":"https:\/\/ikimisli.tr\/index.php\/wp-json\/wp\/v2\/posts"}],"about":[{"href":"https:\/\/ikimisli.tr\/index.php\/wp-json\/wp\/v2\/types\/post"}],"author":[{"embeddable":true,"href":"https:\/\/ikimisli.tr\/index.php\/wp-json\/wp\/v2\/users\/1"}],"replies":[{"embeddable":true,"href":"https:\/\/ikimisli.tr\/index.php\/wp-json\/wp\/v2\/comments?post=55533"}],"version-history":[{"count":1,"href":"https:\/\/ikimisli.tr\/index.php\/wp-json\/wp\/v2\/posts\/55533\/revisions"}],"predecessor-version":[{"id":55537,"href":"https:\/\/ikimisli.tr\/index.php\/wp-json\/wp\/v2\/posts\/55533\/revisions\/55537"}],"wp:featuredmedia":[{"embeddable":true,"href":"https:\/\/ikimisli.tr\/index.php\/wp-json\/wp\/v2\/media\/55534"}],"wp:attachment":[{"href":"https:\/\/ikimisli.tr\/index.php\/wp-json\/wp\/v2\/media?parent=55533"}],"wp:term":[{"taxonomy":"category","embeddable":true,"href":"https:\/\/ikimisli.tr\/index.php\/wp-json\/wp\/v2\/categories?post=55533"},{"taxonomy":"post_tag","embeddable":true,"href":"https:\/\/ikimisli.tr\/index.php\/wp-json\/wp\/v2\/tags?post=55533"}],"curies":[{"name":"wp","href":"https:\/\/api.w.org\/{rel}","templated":true}]}}