{"id":55676,"date":"2025-07-15T17:59:59","date_gmt":"2025-07-15T17:59:59","guid":{"rendered":"https:\/\/ikimisli.tr\/?p=55676"},"modified":"2025-07-15T17:59:59","modified_gmt":"2025-07-15T17:59:59","slug":"15-temmuz-torenlerinde-ataturk-bayragi-krizi-bakanliktan-aciklama-geldi","status":"publish","type":"post","link":"https:\/\/ikimisli.tr\/index.php\/2025\/07\/15\/15-temmuz-torenlerinde-ataturk-bayragi-krizi-bakanliktan-aciklama-geldi\/","title":{"rendered":"15 Temmuz t\u00f6renlerinde Atat\u00fcrk bayra\u011f\u0131 krizi! Bakanl\u0131ktan a\u00e7\u0131klama geldi"},"content":{"rendered":"<p>15 Temmuz FET\u00d6 Darbe te\u015febb\u00fcs\u00fcn\u00fcn y\u0131l d\u00f6n\u00fcm\u00fcne \u00f6zel yap\u0131lacak etkinliklerle ilgili dikkat \u00e7eken bir kriz ya\u015fand\u0131. \u0130\u00e7i\u015fleri Bakanl\u0131\u011f\u0131&#8217;n\u0131n etkinliklere dair kentlere g\u00f6nderdi\u011fi genelgede ge\u00e7en &#8220;Etkinliklerde yaln\u0131zca T\u00fcrk Bayra\u011f\u0131na yer verilmesine ihtimam g\u00f6sterilmesi&#8221; tabiri yans\u0131lara sebep oldu.<\/p>\n<p><img decoding=\"async\" src=\"https:\/\/ikimisli.tr\/wp-content\/uploads\/2025\/07\/15-temmuz-torenlerinde-ataturk-bayragi-krizi-bakanliktan-aciklama-geldi-0-1ODBBxev.jpg\"\/><\/p>\n<p><b>&#8220;ATAT\u00dcRK&#8217;LE DERD\u0130N\u0130Z NE&#8221;<\/b><\/p>\n<p>CHP Zonguldak Milletvekili Deniz Yavuzy\u0131lmaz toplumsal medya hesab\u0131ndan o genelgeye reaksiyon g\u00f6sterdi.<\/p>\n<p>Yavuzy\u0131lmaz payla\u015f\u0131m\u0131nda \u015fu ifadeleri kulland\u0131:<\/p>\n<p>&#8220;\u0130\u00e7i\u015fleri Bakan\u0131 Ali Yerlikaya!<\/p>\n<p>15 Temmuz Demokrasi ve Ulusal Birlik G\u00fcn\u00fc\u2019nde kamu kurumlar\u0131na Atat\u00fcrk foto\u011fraf\u0131 as\u0131lmas\u0131 size \u00e7ok mu geldi?\u00a0<\/p>\n<p>Atat\u00fcrk\u2019le derdiniz nedir?<\/p>\n<p>Ay\u0131pt\u0131r, ay\u0131p!&#8221;<\/p>\n<p><img decoding=\"async\" src=\"https:\/\/ikimisli.tr\/wp-content\/uploads\/2025\/07\/15-temmuz-torenlerinde-ataturk-bayragi-krizi-bakanliktan-aciklama-geldi-1-bWfVO3w3.jpeg\"\/><\/p>\n<p><b>BAKANLIKTAN A\u00c7IKLAMA YAPILDI<\/b><\/p>\n<p>Tepkilerin artmas\u0131n\u0131n ard\u0131ndan \u0130\u00e7i\u015fleri Bakanl\u0131\u011f\u0131 resmi X hesab\u0131ndan savlara cevap verildi. Bakanl\u0131k yapt\u0131\u011f\u0131 a\u00e7\u0131klamada \u015fu s\u00f6zleri kulland\u0131:<\/p>\n<p>&#8220;\u0130\u00e7i\u015fleri Bakanl\u0131\u011f\u0131 \u0130ller \u0130daresi Genel M\u00fcd\u00fcrl\u00fc\u011f\u00fc taraf\u0131ndan \u201815 Temmuz Demokrasi ve Ulusal Birlik G\u00fcn\u00fc\u2019 vesilesiyle 25 Haziran 2025 tarihli bir genelge yay\u0131mlanm\u0131\u015ft\u0131r.<\/p>\n<p>Genelgede;<br \/>T\u00fcm ETK\u0130NL\u0130KLERDE yaln\u0131zca T\u00fcrk bayra\u011f\u0131na yer verilmesine itina g\u00f6sterilmesi\u201d gerekti\u011fi belirtilmi\u015ftir.<\/p>\n<p>Baz\u0131 toplumsal medya hesaplar\u0131nda ve haber sitelerinde sav edilen \u2018Atat\u00fcrk foto\u011fraflar\u0131n\u0131n kullan\u0131m\u0131n\u0131n yasak\u201d oldu\u011fu arg\u00fcman\u0131 al\u00e7ak bir iftirad\u0131r.\u00a0<\/p>\n<p>\u0130\u00e7i\u015fleri Bakanl\u0131\u011f\u0131m\u0131z\u0131n 2018 y\u0131l\u0131ndan itibaren yay\u0131mlad\u0131\u011f\u0131 15 Temmuz Demokrasi ve Ulusal Birlik G\u00fcn\u00fc\u2019ne ait her genelgede \u201cT\u00fcm aktiflerde yaln\u0131zca T\u00fcrk bayra\u011f\u0131na yer verilmesine itina g\u00f6sterilmesi\u201d gerekti\u011fi ibaresi yer almaktad\u0131r. Gaye; 15 Temmuz \u00fczere milletimizin birlik ve beraberli\u011finin timsali olan anma g\u00fcn\u00fcnde d\u00fczenlenen etkinliklerde siyasi partilerin de\u011fil, yaln\u0131zca T\u00dcRK BAYRA\u011eININ kullan\u0131lmas\u0131d\u0131r<\/p>\n<p>Kamuoyuna h\u00fcrmetle duyurulur.&#8221;<\/p>\n<p><img decoding=\"async\" src=\"https:\/\/ikimisli.tr\/wp-content\/uploads\/2025\/07\/15-temmuz-torenlerinde-ataturk-bayragi-krizi-bakanliktan-aciklama-geldi-2-PBK8B4RS.jpeg\"\/><\/p>\n","protected":false},"excerpt":{"rendered":"<p>CHP Zonguldak Milletvekili Deniz Yavuzy\u0131lmaz, 15 Temmuz merasimlerine ait \u015fehirlere g\u00f6nderilen \u0130\u00e7i\u015fleri Bakanl\u0131\u011f\u0131 genelgesinin 4. maddesindeki &#8220;Etkinliklerde yaln\u0131zca T\u00fcrk Bayra\u011f\u0131na yer verilmesine ihtimam g\u00f6sterilmesi&#8221; tabirine reaksiyon g\u00f6sterdi. Reaksiyonlar\u0131n akabinde Bakanl\u0131k toplumsal medya hesab\u0131ndan a\u00e7\u0131klama yapt\u0131<\/p>\n","protected":false},"author":1,"featured_media":55677,"comment_status":"open","ping_status":"open","sticky":false,"template":"","format":"standard","meta":{"footnotes":""},"categories":[25],"tags":[7527,7526],"class_list":["post-55676","post","type-post","status-publish","format-standard","has-post-thumbnail","hentry","category-gundem","tag-15-temmuz","tag-icisleri"],"_links":{"self":[{"href":"https:\/\/ikimisli.tr\/index.php\/wp-json\/wp\/v2\/posts\/55676","targetHints":{"allow":["GET"]}}],"collection":[{"href":"https:\/\/ikimisli.tr\/index.php\/wp-json\/wp\/v2\/posts"}],"about":[{"href":"https:\/\/ikimisli.tr\/index.php\/wp-json\/wp\/v2\/types\/post"}],"author":[{"embeddable":true,"href":"https:\/\/ikimisli.tr\/index.php\/wp-json\/wp\/v2\/users\/1"}],"replies":[{"embeddable":true,"href":"https:\/\/ikimisli.tr\/index.php\/wp-json\/wp\/v2\/comments?post=55676"}],"version-history":[{"count":1,"href":"https:\/\/ikimisli.tr\/index.php\/wp-json\/wp\/v2\/posts\/55676\/revisions"}],"predecessor-version":[{"id":55681,"href":"https:\/\/ikimisli.tr\/index.php\/wp-json\/wp\/v2\/posts\/55676\/revisions\/55681"}],"wp:featuredmedia":[{"embeddable":true,"href":"https:\/\/ikimisli.tr\/index.php\/wp-json\/wp\/v2\/media\/55677"}],"wp:attachment":[{"href":"https:\/\/ikimisli.tr\/index.php\/wp-json\/wp\/v2\/media?parent=55676"}],"wp:term":[{"taxonomy":"category","embeddable":true,"href":"https:\/\/ikimisli.tr\/index.php\/wp-json\/wp\/v2\/categories?post=55676"},{"taxonomy":"post_tag","embeddable":true,"href":"https:\/\/ikimisli.tr\/index.php\/wp-json\/wp\/v2\/tags?post=55676"}],"curies":[{"name":"wp","href":"https:\/\/api.w.org\/{rel}","templated":true}]}}