{"id":55769,"date":"2025-07-15T23:11:58","date_gmt":"2025-07-15T23:11:58","guid":{"rendered":"https:\/\/ikimisli.tr\/?p=55769"},"modified":"2025-07-15T23:11:58","modified_gmt":"2025-07-15T23:11:58","slug":"o-terorist-pkknin-avrupa-kasasi-cikti","status":"publish","type":"post","link":"https:\/\/ikimisli.tr\/index.php\/2025\/07\/15\/o-terorist-pkknin-avrupa-kasasi-cikti\/","title":{"rendered":"O ter\u00f6rist PKK\u2019n\u0131n Avrupa kasas\u0131 \u00e7\u0131kt\u0131"},"content":{"rendered":"<p>Irak S\u00fcleymaniye\u2019de tarihi-turistik bir ma\u011farada silahlar\u0131n\u0131 metal bir varil i\u00e7inde ate\u015fe veren 30 ki\u015filik ter\u00f6rist k\u00fcmenin ba\u015f\u0131nda yer alan \u00c7ukurcal\u0131 Behzat kod isimli Nedim Seven\u2019in ter\u00f6r \u00f6rg\u00fct\u00fc i\u00e7indeki rol\u00fc ortaya \u00e7\u0131kt\u0131. Seven\u2019in 1990\u2019da da\u011f tak\u0131m\u0131na kat\u0131ld\u0131\u011f\u0131 ve bir periyot Avrupa\u2019da PKK\u2019n\u0131n kara para ve uyu\u015fturucu trafi\u011fini denetim etti\u011fi, \u00f6rg\u00fct\u00fcn kasas\u0131 oldu\u011fu belirlendi.<\/p>\n<p><strong>D\u0130YARBAKIR\u2019A HEYET<\/strong><\/p>\n<p>Ter\u00f6rist Seven, 2007\u2019de Fransa\u2019da tutukland\u0131. Bir d\u00f6viz ofisinde 318 bin Euro ile yakalanan Nedim Seven\u2019in bu paray\u0131 uyu\u015fturucudan elde etti\u011fi tespit edildi. T\u00fcrkiye, Fransa\u2019dan Seven\u2019in iadesini istedi. Frans\u0131z istihbarat g\u00f6revlileriyle yarg\u0131 mensuplar\u0131ndan olu\u015fan 4 ki\u015filik heyet, Diyarbak\u0131r\u2019a gelip iade talepnamesini d\u00fczenleyen savc\u0131l\u0131k g\u00f6revlileriyle g\u00f6r\u00fc\u015ft\u00fc.<\/p>\n<p>Frans\u0131z heyeti ise Nedim Seven\u2019in iadesiyle ilgili ter\u00f6r savc\u0131lar\u0131na sunduklar\u0131 raporda, PKK\u2019n\u0131n Fransa\u2019da y\u0131lda yakla\u015f\u0131k 4 milyon Euro fon ismi alt\u0131nda hara\u00e7 toplad\u0131\u011f\u0131n\u0131 belirtti.<\/p>\n<p><strong>SERBEST BIRAKILDI<\/strong><\/p>\n<p>T\u00fcrkiye\u2019nin diplomatik te\u015febb\u00fcsleri sonu\u00e7suz kald\u0131, ter\u00f6rist T\u00fcrk yarg\u0131s\u0131na iade edilmedi. Fransa\u2019da yarg\u0131lanan PKK\u2019l\u0131, ABD ve Fransa istihbarat\u0131yla Almanya\u2019da toplant\u0131lar yapt\u0131\u011f\u0131n\u0131 anlatt\u0131, \u201cFrans\u0131z sakl\u0131 servisi bizim faaliyetlerimizi ve kim oldu\u011fumuzu biliyordu\u201d dedi. Mahkeme Seven\u2019i h\u00fcr b\u0131rakt\u0131.<\/p>\n<p><strong>KONGREDE DE VARDI<\/strong><\/p>\n<p>PKK\u2019l\u0131 hain, Frans\u0131z istihbarat\u0131n\u0131n da yard\u0131m\u0131yla Kandil\u2019e d\u00f6nd\u00fc. Hala hakk\u0131nda k\u0131rm\u0131z\u0131 b\u00fcltenle Interpol nezdinde arama karar\u0131 bulunan Nedim Seven, \u0130\u00e7i\u015fleri Bakanl\u0131\u011f\u0131\u2019n\u0131n da 20 milyon lira para \u00f6d\u00fcll\u00fc k\u0131rm\u0131z\u0131 kategorisinde aran\u0131yor. Ter\u00f6rist Nedim Seven 5-7 May\u0131s tarihinde PKK\u2019n\u0131n fesih kongresine delege olarak kat\u0131lm\u0131\u015ft\u0131.<\/p>\n","protected":false},"excerpt":{"rendered":"<p>Nedim Seven, Paris\u2019te kara para aklamaktan tutukland\u0131. Frans\u0131z istihbarat\u0131 \u2018yak\u0131n adam\u0131n\u0131\u2019 Kandil\u2019e g\u00f6nderdi. PKK\u2019l\u0131 hain Irak\u2019taki tiyatroda ba\u015froldeydi.<\/p>\n","protected":false},"author":1,"featured_media":55770,"comment_status":"open","ping_status":"open","sticky":false,"template":"","format":"standard","meta":{"footnotes":""},"categories":[25],"tags":[864,238],"class_list":["post-55769","post","type-post","status-publish","format-standard","has-post-thumbnail","hentry","category-gundem","tag-fransa","tag-teror"],"_links":{"self":[{"href":"https:\/\/ikimisli.tr\/index.php\/wp-json\/wp\/v2\/posts\/55769","targetHints":{"allow":["GET"]}}],"collection":[{"href":"https:\/\/ikimisli.tr\/index.php\/wp-json\/wp\/v2\/posts"}],"about":[{"href":"https:\/\/ikimisli.tr\/index.php\/wp-json\/wp\/v2\/types\/post"}],"author":[{"embeddable":true,"href":"https:\/\/ikimisli.tr\/index.php\/wp-json\/wp\/v2\/users\/1"}],"replies":[{"embeddable":true,"href":"https:\/\/ikimisli.tr\/index.php\/wp-json\/wp\/v2\/comments?post=55769"}],"version-history":[{"count":1,"href":"https:\/\/ikimisli.tr\/index.php\/wp-json\/wp\/v2\/posts\/55769\/revisions"}],"predecessor-version":[{"id":55771,"href":"https:\/\/ikimisli.tr\/index.php\/wp-json\/wp\/v2\/posts\/55769\/revisions\/55771"}],"wp:featuredmedia":[{"embeddable":true,"href":"https:\/\/ikimisli.tr\/index.php\/wp-json\/wp\/v2\/media\/55770"}],"wp:attachment":[{"href":"https:\/\/ikimisli.tr\/index.php\/wp-json\/wp\/v2\/media?parent=55769"}],"wp:term":[{"taxonomy":"category","embeddable":true,"href":"https:\/\/ikimisli.tr\/index.php\/wp-json\/wp\/v2\/categories?post=55769"},{"taxonomy":"post_tag","embeddable":true,"href":"https:\/\/ikimisli.tr\/index.php\/wp-json\/wp\/v2\/tags?post=55769"}],"curies":[{"name":"wp","href":"https:\/\/api.w.org\/{rel}","templated":true}]}}