{"id":55813,"date":"2025-07-16T01:23:57","date_gmt":"2025-07-16T01:23:57","guid":{"rendered":"https:\/\/ikimisli.tr\/?p=55813"},"modified":"2025-07-16T01:23:57","modified_gmt":"2025-07-16T01:23:57","slug":"sener-usumezsoydan-korkutan-marmara-uyarisi-iki-riskli-bolgeyi-acikladi","status":"publish","type":"post","link":"https:\/\/ikimisli.tr\/index.php\/2025\/07\/16\/sener-usumezsoydan-korkutan-marmara-uyarisi-iki-riskli-bolgeyi-acikladi\/","title":{"rendered":"\u015eener \u00dc\u015f\u00fcmezsoy&#8217;dan korkutan Marmara uyar\u0131s\u0131: \u0130ki riskli b\u00f6lgeyi a\u00e7\u0131klad\u0131"},"content":{"rendered":"<p>23 Nisan&#8217;da Silivri a\u00e7\u0131klar\u0131nda meydana gelen 6,2 b\u00fcy\u00fckl\u00fc\u011f\u00fcndeki sars\u0131nt\u0131n\u0131n yerini ger\u00e7ek bir halde \u00f6ng\u00f6ren Prof. Dr. \u015eener \u00dc\u015f\u00fcmezsoy, Marmara B\u00f6lgesi&#8217;ndeki zelzele riskine ait dikkat cazip a\u00e7\u0131klamalarda bulundu.<\/p>\n<p><b>&#8220;B\u0130L\u0130MSEL TEMELDEN YOKSUN&#8221;<\/b><\/p>\n<p>\u00dc\u015f\u00fcmezsoy, uzun m\u00fcddettir g\u00fcndemde olan &#8220;\u0130stanbul&#8217;da 7.2 b\u00fcy\u00fckl\u00fc\u011f\u00fcnde b\u00fcy\u00fck bir sars\u0131nt\u0131 olacak&#8221; bi\u00e7imindeki telaffuzlar\u0131n, yanl\u0131\u015f fay s\u0131n\u0131r\u0131 modellemelerine dayand\u0131\u011f\u0131n\u0131 savunarak bu savlar\u0131 \u201cbilimsel temelden yoksun\u201d ve \u201cas\u0131ls\u0131z\u201d olarak nitelendirdi.<\/p>\n<p>Prof. Dr. \u015eener \u00dc\u015f\u00fcmezsoy, YouTube kanal\u0131nda yay\u0131mlad\u0131\u011f\u0131 son g\u00f6r\u00fcnt\u00fcde, 1999 zelzelesinden sonra gerilimin Adalar Fay\u0131\u2019na aktar\u0131ld\u0131\u011f\u0131 ve burada 7\u2019nin \u00fczerinde bir zelzele beklendi\u011fi taraf\u0131ndaki g\u00f6r\u00fc\u015flere sert tenkitler getirdi.<\/p>\n<p><b>KUMBURGAZ \u00c7UKURU&#8217;NA D\u0130KKAT \u00c7EKT\u0130<\/b><\/p>\n<p>\u00dc\u015f\u00fcmezsoy, kendi Coulomb gerilim transferi tahlillerine dayanarak, \u0130stanbul\u2019u direkt tehdit eden as\u0131l riskin Adalar Fay\u0131 de\u011fil, Kumburgaz \u00e7ukuru i\u00e7erisindeki fay segmenti oldu\u011funu vurgulad\u0131.<\/p>\n<p>\u00dc\u015f\u00fcmezsoy, bu fay\u0131n yap\u0131s\u0131n\u0131n 10 km \u00fczere s\u0131\u011f bir derinlikte olmas\u0131ndan \u00f6t\u00fcr\u00fc b\u00fcy\u00fck bir zelzele \u00fcretemeyece\u011fini, burada beklenen sars\u0131nt\u0131n\u0131n 6.5 b\u00fcy\u00fckl\u00fc\u011f\u00fcn\u00fcn alt\u0131nda kalaca\u011f\u0131n\u0131 2002 y\u0131l\u0131ndan beri s\u00f6yledi\u011fini belirtti.<\/p>\n<p>Nisan ay\u0131nda ya\u015fanan 6.2&#8217;lik sars\u0131nt\u0131n\u0131n de bu fay \u00fczerinde meydana gelerek kendi modelini do\u011frulad\u0131\u011f\u0131n\u0131 tabir etti.<\/p>\n<p><b>ASIL B\u00dcY\u00dcK TEHL\u0130KE \u0130STANBUL&#8217;UN G\u00dcNEY\u0130NDE<\/b><\/p>\n<p>\u00dc\u015f\u00fcmezsoy, b\u00fcy\u00fck zelzele potansiyeli ta\u015f\u0131yan ve gerilim biriktirmi\u015f olan as\u0131l iki tehlikeli b\u00f6lgenin \u0130stanbul&#8217;un g\u00fcneyinde yer ald\u0131\u011f\u0131n\u0131 a\u00e7\u0131klad\u0131:<\/p>\n<p><strong>Bozburun Fay\u0131 (Armutlu Yar\u0131madas\u0131):<\/strong> 1999 G\u00f6lc\u00fck sars\u0131nt\u0131s\u0131ndan sonra gerilim y\u00fcklenen bu fay\u0131n \u015fimdi k\u0131r\u0131lmad\u0131\u011f\u0131n\u0131 ve risk ta\u015f\u0131yan ana segmentlerden biri oldu\u011funu belirtti.<\/p>\n<p><strong>&#8211; Sar\u0131k\u00f6y Fay\u0131 (G\u00fcney Marmara): <\/strong>1953 Yenice-G\u00f6nen sars\u0131nt\u0131s\u0131n\u0131n gerilim y\u00fckledi\u011fi bu fay\u0131n da G\u00fcney Marmara i\u00e7in de\u011ferli bir risk \u00f6gesi oldu\u011funu vurgulad\u0131.<\/p>\n<p>\u015eener \u00dc\u015f\u00fcmezsoy, ana ak\u0131m medyada s\u0131k\u00e7a lisana getirilen g\u00f6r\u00fc\u015flerin tersine, 1912 \u015eark\u00f6y-M\u00fcrefte sars\u0131nt\u0131s\u0131n\u0131n Tekirda\u011f ve Saros etraf\u0131ndaki sismik gerilimi b\u00fcy\u00fck \u00f6l\u00e7\u00fcde bo\u015faltt\u0131\u011f\u0131n\u0131 savundu.<\/p>\n<p>Bu nedenle, as\u0131l riskin Kumburgaz\u2019\u0131n bat\u0131s\u0131nda de\u011fil, do\u011fu kesitinde ve Marmara Denizi\u2019nin g\u00fcneyinde yer alan iki farkl\u0131 fay \u00e7izgisinde birikti\u011fini \u00f6ne s\u00fcrd\u00fc.<\/p>\n","protected":false},"excerpt":{"rendered":"<p>23 Nisan\u2019da Silivri a\u00e7\u0131klar\u0131nda meydana gelen 6,2 b\u00fcy\u00fckl\u00fc\u011f\u00fcndeki sars\u0131nt\u0131s\u0131 evvelden varsay\u0131m eden Prof. Dr. \u015eener \u00dc\u015f\u00fcmezsoy, beklenen Marmara sars\u0131nt\u0131s\u0131 hakk\u0131nda \u00e7arp\u0131c\u0131 bir de\u011ferlendirmede bulundu.<\/p>\n","protected":false},"author":1,"featured_media":55814,"comment_status":"open","ping_status":"open","sticky":false,"template":"","format":"standard","meta":{"footnotes":""},"categories":[25],"tags":[4449,1693,122,3277,7535],"class_list":["post-55813","post","type-post","status-publish","format-standard","has-post-thumbnail","hentry","category-gundem","tag-depremin","tag-fay","tag-guney","tag-stres","tag-usumezsoy"],"_links":{"self":[{"href":"https:\/\/ikimisli.tr\/index.php\/wp-json\/wp\/v2\/posts\/55813","targetHints":{"allow":["GET"]}}],"collection":[{"href":"https:\/\/ikimisli.tr\/index.php\/wp-json\/wp\/v2\/posts"}],"about":[{"href":"https:\/\/ikimisli.tr\/index.php\/wp-json\/wp\/v2\/types\/post"}],"author":[{"embeddable":true,"href":"https:\/\/ikimisli.tr\/index.php\/wp-json\/wp\/v2\/users\/1"}],"replies":[{"embeddable":true,"href":"https:\/\/ikimisli.tr\/index.php\/wp-json\/wp\/v2\/comments?post=55813"}],"version-history":[{"count":1,"href":"https:\/\/ikimisli.tr\/index.php\/wp-json\/wp\/v2\/posts\/55813\/revisions"}],"predecessor-version":[{"id":55815,"href":"https:\/\/ikimisli.tr\/index.php\/wp-json\/wp\/v2\/posts\/55813\/revisions\/55815"}],"wp:featuredmedia":[{"embeddable":true,"href":"https:\/\/ikimisli.tr\/index.php\/wp-json\/wp\/v2\/media\/55814"}],"wp:attachment":[{"href":"https:\/\/ikimisli.tr\/index.php\/wp-json\/wp\/v2\/media?parent=55813"}],"wp:term":[{"taxonomy":"category","embeddable":true,"href":"https:\/\/ikimisli.tr\/index.php\/wp-json\/wp\/v2\/categories?post=55813"},{"taxonomy":"post_tag","embeddable":true,"href":"https:\/\/ikimisli.tr\/index.php\/wp-json\/wp\/v2\/tags?post=55813"}],"curies":[{"name":"wp","href":"https:\/\/api.w.org\/{rel}","templated":true}]}}