{"id":55816,"date":"2025-07-16T01:35:58","date_gmt":"2025-07-16T01:35:58","guid":{"rendered":"https:\/\/ikimisli.tr\/?p=55816"},"modified":"2025-07-16T01:35:58","modified_gmt":"2025-07-16T01:35:58","slug":"cubbeli-ahmet-ve-egemen-bagis-birbirine-girdi-yanmaz-kefen-pazarlayicisi","status":"publish","type":"post","link":"https:\/\/ikimisli.tr\/index.php\/2025\/07\/16\/cubbeli-ahmet-ve-egemen-bagis-birbirine-girdi-yanmaz-kefen-pazarlayicisi\/","title":{"rendered":"C\u00fcbbeli Ahmet ve Egemen Ba\u011f\u0131\u015f birbirine girdi: &#8216;Yanmaz kefen pazarlay\u0131c\u0131s\u0131&#8217;"},"content":{"rendered":"<p>Ge\u00e7ti\u011fimiz y\u0131l Prag B\u00fcy\u00fckel\u00e7ili\u011finden al\u0131nan ve yeni bir vazifeye getirilmeyen H\u00e2kim Ba\u011f\u0131\u015f, Cumhurba\u015fkan\u0131 Ba\u015fda\u015fman\u0131 Yi\u011fit Bulut&#8217;un cenaze merasiminde tekrar g\u00fcndeme gelmi\u015fti. <\/p>\n<p>Cumhurba\u015fkan\u0131 Recep Tayyip Erdo\u011fan&#8217;\u0131n o\u011flu Bilal Erdo\u011fan taraf\u0131ndan eli s\u0131k\u0131lmayan ve cenazede &#8216;pas&#8217; ge\u00e7ilen Ba\u011f\u0131\u015f&#8217;\u0131n manzaralar\u0131 tart\u0131\u015fmalara neden olurken, kamuoyunda &#8216;C\u00fcbbeli Ahmet Hoca&#8217; lakab\u0131 ile bilinen Ahmet Mahmut \u00dcnl\u00fc, kelam konusu manzaralara ait bir a\u00e7\u0131klama yapt\u0131. <\/p>\n<p><img decoding=\"async\" src=\"https:\/\/ikimisli.tr\/wp-content\/uploads\/2025\/07\/cubbeli-ahmet-ve-egemen-bagis-birbirine-girdi-yanmaz-kefen-pazarlayicisi-0-iiKgHLb5.webp\"\/><\/p>\n<p><strong>\u00dcnl\u00fc, payla\u015ft\u0131\u011f\u0131 bildiride \u015funlar\u0131 s\u00f6yledi,<\/strong><\/p>\n<p>&#8220;Bilal Erdo\u011fan Beyefendi\u2019yi kalbimden All\u00e2h i\u00e7in sevmemin sebeplerinden biri daha ortaya \u00e7\u0131kt\u0131. Merh\u00fbm Yi\u011fit Bulut\u2019un cenazesinde H\u00fck\u00fcmran Ba\u011f\u0131\u015f\u2019\u0131n elini s\u0131kmam\u0131\u015f\u201d diye haberler g\u00f6r\u00fcnce merh\u00fbm Nec\u00eeb F\u00e2z\u0131l\u2019\u0131n: \u201cDindar ve kindar\u201d kelam\u0131n\u0131 hat\u0131rlad\u0131m ve \u201cHerkes ya\u011fc\u0131 olmamal\u0131yd\u0131, kimileri da d\u00eeninin kinini tutmal\u0131yd\u0131.\u201d diye d\u00fc\u015f\u00fcnd\u00fcm. All\u00e2h-u Te\u00e2l\u00e2, \u201cBakara M\u00fchleti k\u0131yamet g\u00fcn\u00fc ash\u00e2b\u0131na \u015fef\u00e2at etmek \u00fczere gelecek\u201d (M\u00fcslim, es-Sah\u00eeh, say\u0131: 804, 1\/553) had\u00ees-i \u015fer\u00eefi h\u00fcrmetine Bakara M\u00fchletini Bilal Beyefendi\u2019ye \u015fef\u00ee\u2019 eylesin ve d\u00een\u00ee hass\u00e2siyetlerinden \u00f6t\u00fcr\u00fc her i\u015flerinde ona tevf\u00eekini ref\u00eek eylesin. \u00c2m\u00een!&#8221;<\/p>\n<p><strong> &#8216;B\u0130L\u0130ME ALERJ\u0130S\u0130 OLAN, YANMAZ KEFEN PAZARLAYICISI&#8217;<\/strong><\/p>\n<p>\u00dcnl\u00fc&#8217;n\u00fcn kelamlar\u0131na H\u00fck\u00fcmran Ba\u011f\u0131\u015f&#8217;\u0131n toplumsal medya hesab\u0131ndan kar\u015f\u0131l\u0131k verilirken, Ba\u011f\u0131\u015f payla\u015f\u0131m\u0131nda \u015fu a\u00e7\u0131klamalarda bulundu:<\/p>\n<p>&#8220;Hz. Mevlana demi\u015f ya; \u201cSuskunlu\u011fum asaletimdendir. Her lafa verilecek bir kar\u015f\u0131l\u0131\u011f\u0131m var elbette. Lakin bir lafa bakar\u0131m, laf m\u0131 diye? Bir de s\u00f6yleyene bakar\u0131m, adam m\u0131 diye?\u201d Y\u0131llar evvel imajl\u0131 dijital imtihanla s\u0131nanm\u0131\u015f ve i\u00e7inden yeti\u015fti\u011fi kurumdan kovulmu\u015f birinin kime hizmet etti\u011fi muhakkak olmayan yorumlar\u0131 bize &#8220;camdan konutun varsa ta\u015f atma&#8221; kelam\u0131n\u0131 hat\u0131rlatt\u0131. Ancak biz tekrar de onun d\u00fczeyine d\u00fc\u015fmeyece\u011fiz. Say\u0131n Bakan\u0131m\u0131z Egemen Ba\u011f\u0131\u015f beyefendi ve Cumhurba\u015fkan\u0131m\u0131z\u0131n pahal\u0131 mahdumu Say\u0131n Bilal Erdo\u011fan\u2019\u0131n karde\u015flik hukuku H\u00fck\u00fcmran beyin birinci milletvekili oldu\u011fu 2002 y\u0131l\u0131na dayan\u0131r ve birinci g\u00fcnk\u00fc kadar i\u00e7ten ve \u00f6zdendir. O g\u00fcn de cenaze \u00f6ncesi vakit namaz\u0131nda camii i\u00e7erisinde g\u00f6r\u00fc\u015f\u00fcp selamla\u015ft\u0131klar\u0131n\u0131n y\u00fczlerce \u015fahidi vard\u0131r. Egemen Bey y\u0131llar evvel FET\u00d6 iftiralar\u0131 ortaya at\u0131ld\u0131\u011f\u0131nda c\u00fcr\u00fcm duyurusunda bulunmu\u015f ve kay\u0131tlar\u0131n tahlilini gerek ulusal gerekse, milletleraras\u0131 ba\u011f\u0131ms\u0131z ses laboratuvarlar\u0131na yapt\u0131r\u0131p, montaj oldu\u011funu ispat etmi\u015f, raporlar\u0131 da yay\u0131nlatm\u0131\u015ft\u0131. Ger\u00e7i bilime alerjisi olan, pe\u015fin karar veren, yanmaz kefen pazarlayac\u0131lar\u0131 yeniden itiraz eder. Al\u0131\u015ft\u0131k. Lakin bu payla\u015f\u0131m onlar\u0131n g\u00f6nl\u00fcn\u00fc almak i\u00e7in de\u011fil, ger\u00e7e\u011fi merak eden karde\u015flerimiz i\u00e7in.&#8221;<\/p>\n","protected":false},"excerpt":{"rendered":"<p>Yi\u011fit Bulut&#8217;un cenazesinde Bilal Erdo\u011fan&#8217;\u0131n eski Prag B\u00fcy\u00fckel\u00e7isi H\u00fck\u00fcmran Ba\u011f\u0131\u015f&#8217;\u0131n elini s\u0131kmamas\u0131 toplumsal medyada g\u00fcndem olurken, kelam konusu manzaralar\u0131 payla\u015fan &#8220;C\u00fcbbeli Ahmet Hoca&#8221; lakapl\u0131 Ahmet Mahmut \u00dcnl\u00fc, H\u00fck\u00fcmran Ba\u011f\u0131\u015f&#8217;a sert tabirlerle y\u00fcklenmi\u015fti. Ba\u011f\u0131\u015f, Me\u015fhur&#8217;un kendisine y\u00f6nelik kelamlar\u0131na kar\u015f\u0131l\u0131k vererek &#8220;Bilime alerjisi olan, pe\u015fin karar veren, yanmaz kefen pazarlay\u0131c\u0131s\u0131&#8221; s\u00f6zlerini kulland\u0131.<\/p>\n","protected":false},"author":1,"featured_media":55817,"comment_status":"open","ping_status":"open","sticky":false,"template":"","format":"standard","meta":{"footnotes":""},"categories":[25],"tags":[1871,1626,7536],"class_list":["post-55816","post","type-post","status-publish","format-standard","has-post-thumbnail","hentry","category-gundem","tag-bagis","tag-bey","tag-egemen"],"_links":{"self":[{"href":"https:\/\/ikimisli.tr\/index.php\/wp-json\/wp\/v2\/posts\/55816","targetHints":{"allow":["GET"]}}],"collection":[{"href":"https:\/\/ikimisli.tr\/index.php\/wp-json\/wp\/v2\/posts"}],"about":[{"href":"https:\/\/ikimisli.tr\/index.php\/wp-json\/wp\/v2\/types\/post"}],"author":[{"embeddable":true,"href":"https:\/\/ikimisli.tr\/index.php\/wp-json\/wp\/v2\/users\/1"}],"replies":[{"embeddable":true,"href":"https:\/\/ikimisli.tr\/index.php\/wp-json\/wp\/v2\/comments?post=55816"}],"version-history":[{"count":1,"href":"https:\/\/ikimisli.tr\/index.php\/wp-json\/wp\/v2\/posts\/55816\/revisions"}],"predecessor-version":[{"id":55819,"href":"https:\/\/ikimisli.tr\/index.php\/wp-json\/wp\/v2\/posts\/55816\/revisions\/55819"}],"wp:featuredmedia":[{"embeddable":true,"href":"https:\/\/ikimisli.tr\/index.php\/wp-json\/wp\/v2\/media\/55817"}],"wp:attachment":[{"href":"https:\/\/ikimisli.tr\/index.php\/wp-json\/wp\/v2\/media?parent=55816"}],"wp:term":[{"taxonomy":"category","embeddable":true,"href":"https:\/\/ikimisli.tr\/index.php\/wp-json\/wp\/v2\/categories?post=55816"},{"taxonomy":"post_tag","embeddable":true,"href":"https:\/\/ikimisli.tr\/index.php\/wp-json\/wp\/v2\/tags?post=55816"}],"curies":[{"name":"wp","href":"https:\/\/api.w.org\/{rel}","templated":true}]}}