{"id":55901,"date":"2025-07-16T06:23:56","date_gmt":"2025-07-16T06:23:56","guid":{"rendered":"https:\/\/ikimisli.tr\/?p=55901"},"modified":"2025-07-16T06:23:56","modified_gmt":"2025-07-16T06:23:56","slug":"istanbulda-taksimetre-zammi-yolda-masadaki-rakam-sizdirildi","status":"publish","type":"post","link":"https:\/\/ikimisli.tr\/index.php\/2025\/07\/16\/istanbulda-taksimetre-zammi-yolda-masadaki-rakam-sizdirildi\/","title":{"rendered":"\u0130stanbul&#8217;da taksimetre zamm\u0131 yolda! Masadaki rakam s\u0131zd\u0131r\u0131ld\u0131"},"content":{"rendered":"<p>\u0130stanbul&#8217;da en son 15 Ocak 2025\u2019te taksimetre fiyatlar\u0131na art\u0131r\u0131m alan taksiciler, artan maliyetler nedeniyle yeni bir art\u0131r\u0131m talebinde bulundu.\u00a0<\/p>\n<p>Yap\u0131lan son art\u0131r\u0131mla birlikte taksi a\u00e7\u0131l\u0131\u015f fiyat\u0131 42 TL, kilometre ba\u015f\u0131 fiyat 28 TL, indi bindi fiyat\u0131 ise 135 TL&#8217;ye \u00e7\u0131km\u0131\u015ft\u0131. \u0130stanbul Taksiciler Esnaf Odas\u0131, ba\u015fta akaryak\u0131t olmak \u00fczere ara\u00e7 bak\u0131m, yedek kesim, sigorta ve personellik masraflar\u0131ndaki \u00f6nemli art\u0131\u015flara dikkat \u00e7ekerek, tarifelere y\u00fczde 35 oran\u0131nda art\u0131r\u0131m yap\u0131lmas\u0131n\u0131 istedi.<\/p>\n<p><b>Y\u00dcZDE 35 ARTIRIM G\u00dcNDEMDE<\/b><\/p>\n<p>NTV&#8217;den Burak Ta\u015f\u00e7\u0131&#8217;n\u0131n haberine nazaran, yakla\u015f\u0131k 20 bin taksinin hizmet verdi\u011fi megakentte, art\u0131r\u0131m teklifinin birinci UKOME (Ula\u015f\u0131m Uyum Merkezi) toplant\u0131s\u0131nda g\u00fcndeme al\u0131naca\u011f\u0131 belirtildi.\u00a0<\/p>\n<p>Esnaf odas\u0131 yetkilileri, ekonomik dalgalanmalar kar\u015f\u0131s\u0131nda mevcut tarifelerin yetersiz kald\u0131\u011f\u0131n\u0131 vurgulad\u0131. B\u0130R\u0130NC\u0130 UKOME toplatas\u0131nda masaya yat\u0131r\u0131lacak art\u0131r\u0131m teklifinin y\u00fczde 35 olarak ger\u00e7ekle\u015fmesi bekleniyor. Y\u00fczde 35 art\u0131r\u0131m ger\u00e7ekle\u015firse yeni tarifeler bu t\u00fcrl\u00fc olacak;<\/p>\n<p>A\u00e7\u0131l\u0131\u015f fiyat\u0131: 56,7 TL<\/p>\n<p>Kilometre ba\u015f\u0131 fiyat: 37,8 TL<\/p>\n<p>\u0130ndi-bindi fiyat\u0131: 182,25 TL\u00a0<\/p>\n","protected":false},"excerpt":{"rendered":"<p>\u0130stanbul&#8217;da taksiciler yeni art\u0131r\u0131m talebi i\u00e7in harekete ge\u00e7ti. Sene ba\u015f\u0131nda zamlanan taksimetreler i\u00e7in ikinci art\u0131r\u0131m sorunu UKOME toplant\u0131s\u0131nda masaya yat\u0131r\u0131lacak.<\/p>\n","protected":false},"author":1,"featured_media":55902,"comment_status":"open","ping_status":"open","sticky":false,"template":"","format":"standard","meta":{"footnotes":""},"categories":[25],"tags":[4235,814,93],"class_list":["post-55901","post","type-post","status-publish","format-standard","has-post-thumbnail","hentry","category-gundem","tag-taksi","tag-ucret","tag-zam"],"_links":{"self":[{"href":"https:\/\/ikimisli.tr\/index.php\/wp-json\/wp\/v2\/posts\/55901","targetHints":{"allow":["GET"]}}],"collection":[{"href":"https:\/\/ikimisli.tr\/index.php\/wp-json\/wp\/v2\/posts"}],"about":[{"href":"https:\/\/ikimisli.tr\/index.php\/wp-json\/wp\/v2\/types\/post"}],"author":[{"embeddable":true,"href":"https:\/\/ikimisli.tr\/index.php\/wp-json\/wp\/v2\/users\/1"}],"replies":[{"embeddable":true,"href":"https:\/\/ikimisli.tr\/index.php\/wp-json\/wp\/v2\/comments?post=55901"}],"version-history":[{"count":1,"href":"https:\/\/ikimisli.tr\/index.php\/wp-json\/wp\/v2\/posts\/55901\/revisions"}],"predecessor-version":[{"id":55903,"href":"https:\/\/ikimisli.tr\/index.php\/wp-json\/wp\/v2\/posts\/55901\/revisions\/55903"}],"wp:featuredmedia":[{"embeddable":true,"href":"https:\/\/ikimisli.tr\/index.php\/wp-json\/wp\/v2\/media\/55902"}],"wp:attachment":[{"href":"https:\/\/ikimisli.tr\/index.php\/wp-json\/wp\/v2\/media?parent=55901"}],"wp:term":[{"taxonomy":"category","embeddable":true,"href":"https:\/\/ikimisli.tr\/index.php\/wp-json\/wp\/v2\/categories?post=55901"},{"taxonomy":"post_tag","embeddable":true,"href":"https:\/\/ikimisli.tr\/index.php\/wp-json\/wp\/v2\/tags?post=55901"}],"curies":[{"name":"wp","href":"https:\/\/api.w.org\/{rel}","templated":true}]}}