{"id":55904,"date":"2025-07-16T06:35:57","date_gmt":"2025-07-16T06:35:57","guid":{"rendered":"https:\/\/ikimisli.tr\/?p=55904"},"modified":"2025-07-16T06:35:57","modified_gmt":"2025-07-16T06:35:57","slug":"onlemler-sonuc-vermedi-turkiye-alarmda-yeni-salgin-durdurulamiyor","status":"publish","type":"post","link":"https:\/\/ikimisli.tr\/index.php\/2025\/07\/16\/onlemler-sonuc-vermedi-turkiye-alarmda-yeni-salgin-durdurulamiyor\/","title":{"rendered":"\u00d6nlemler sonu\u00e7 vermedi, T\u00fcrkiye alarmda: Yeni salg\u0131n durdurulam\u0131yor"},"content":{"rendered":"<p>T\u00fcrkiye Ziraat Odalar\u0131 Birli\u011fi (TZOB) Genel Lideri \u015eemsi Bayraktar, \u00fclke genelinde tesirli olan \u015fap hastal\u0131\u011f\u0131na ait k\u0131ymetli a\u00e7\u0131klamalarda bulundu. 2025 y\u0131l\u0131n\u0131n tar\u0131m kesimi a\u00e7\u0131s\u0131ndan bir afet y\u0131l\u0131na d\u00f6n\u00fc\u015ft\u00fc\u011f\u00fcn\u00fc belirten Bayraktar, hastal\u0131\u011f\u0131n hayvanc\u0131l\u0131k \u00fczerinde yaratt\u0131\u011f\u0131 tahribata dikkati \u00e7ekerek \u015fu de\u011ferlendirmelerde bulundu:<\/p>\n<p>&#8220;Hen\u00fcz birinci yar\u0131s\u0131nda tar\u0131m kesimi i\u00e7in bir afet y\u0131l\u0131 haline gelen 2025 y\u0131l\u0131 \u00fcreticilerimizi zorlamaya devam ediyor. Bu y\u0131l ya\u015fanan don, dolu, kurakl\u0131k \u00fczere do\u011fal afetlerin yan\u0131nda son devirde s\u00fcratle yay\u0131lan \u015fap hastal\u0131\u011f\u0131 nedeniyle 81 vilayette hayvan pazarlar\u0131 kapat\u0131ld\u0131 ve hastal\u0131k olan b\u00f6lgelerde hayvan hareketleri durduruldu. Bu y\u0131l Kurban Bayram\u0131nda artan hayvan hareketleri hastal\u0131k mihraklar\u0131nda art\u0131\u015fa neden oldu. S\u0131\u011f\u0131rlarda ate\u015f, i\u015ftahs\u0131zl\u0131k, depresyon, et ve s\u00fct rand\u0131man\u0131nda azalma \u00fczere birinci bulgular\u0131 olan \u015fap hastal\u0131\u011f\u0131 koyun ve ke\u00e7ilerde daha hafif seyrediyor. \u00c7oklukla hastal\u0131\u011f\u0131n vefat oran\u0131 d\u00fc\u015f\u00fck olmakla birlikte bula\u015fma oran\u0131 y\u00fcksektir. Fakat Ziraat Odalar\u0131m\u0131zdan ald\u0131\u011f\u0131m\u0131z bilgilere nazaran bu y\u0131l g\u00f6r\u00fclen \u015fap vir\u00fcs\u00fc daha \u00f6l\u00fcmc\u00fcl ve tehlikeli boyutta seyrediyor. Hastal\u0131k sonucunda kimi b\u00f6lgelerde \u00fcreticilerimiz hayvan kay\u0131plar\u0131 ya\u015f\u0131yor. Bunun yan\u0131nda et ve s\u00fct verimlerindeki s\u00fcratli d\u00fc\u015f\u00fc\u015fe ba\u011fl\u0131 \u00fcreticilerimiz ekonomik kay\u0131plarla kar\u015f\u0131 kar\u015f\u0131yad\u0131r.<\/p>\n<p><strong>Ka\u00e7ak\u00e7\u0131l\u0131kla topyek\u00fcn gayret edilmesi konusunda taviz verilmemelidir<\/strong><\/p>\n<p>\u015eap hastal\u0131\u011f\u0131n\u0131n en de\u011ferli nedeni hudutlar\u0131m\u0131zdan \u00fclkemize yap\u0131lan ka\u00e7ak canl\u0131 hayvan ve et giri\u015fleridir. Canl\u0131 hayvan ve etin ka\u00e7ak yollarla \u00fclkemize girmesi hem insan hem de hayvan s\u0131hhati i\u00e7in son derece tehlikelidir. Ka\u00e7ak\u00e7\u0131l\u0131kla topyek\u00fcn \u00e7aba edilmesi konusunda taviz verilmemelidir. Aksi takdirde hem insan hem de hayvan s\u0131hhatini tehdit eden bu risk ortadan kald\u0131r\u0131lamaz, muhtemel ekonomik kay\u0131plar\u0131n\u0131n \u00f6n\u00fcne ge\u00e7ilemez.\u00a0\u015eap hastal\u0131\u011f\u0131 ile \u00e7abada karantina ve a\u015f\u0131 \u00f6nlemlerinin rol\u00fc \u00e7ok k\u0131ymetlidir. Tar\u0131m ve Orman Bakanl\u0131\u011f\u0131 taraf\u0131ndan yap\u0131lan a\u00e7\u0131klamayla; bu yeni hastal\u0131k tipinin yay\u0131lmamas\u0131 i\u00e7in s\u00fcratli halde \u00f6nlem al\u0131nd\u0131\u011f\u0131, hastal\u0131k \u00e7\u0131kan b\u00f6lgelerde k\u00e2fi \u00f6l\u00e7\u00fcde a\u015f\u0131 stoku mevcut oldu\u011fu ve sevkiyat\u0131n planl\u0131 bir bi\u00e7imde s\u00fcrd\u00fcr\u00fcld\u00fc\u011f\u00fc belirtilmi\u015ftir.<\/p>\n<p><strong>\u00dcreticilerimizin de bu hastal\u0131\u011fa kar\u015f\u0131 alaca\u011f\u0131 tedbirler b\u00fcy\u00fck ehemmiyet ta\u015f\u0131maktad\u0131r<\/strong><\/p>\n<p>\u00dcreticilerimizin de bu hastal\u0131\u011fa kar\u015f\u0131 hem \u00f6ncesinde hem de hastal\u0131k s\u0131ras\u0131nda alaca\u011f\u0131 tedbirler b\u00fcy\u00fck k\u0131ymet ta\u015f\u0131maktad\u0131r.\u00a0\u00dcreticilerimizin hastal\u0131k \u00e7\u0131kmadan almas\u0131 gereken birtak\u0131m tedbirleri ortas\u0131nda; Ah\u0131rlarda \u015fap hastal\u0131\u011f\u0131na kar\u015f\u0131 tesirli dezenfektanlar bulundurulmal\u0131. Ah\u0131rlara hayvan bak\u0131c\u0131lar\u0131ndan \u00f6teki kimse sokulmamal\u0131, bak\u0131c\u0131lar da g\u00fcnl\u00fck k\u0131yafetlerinin d\u0131\u015f\u0131nda farkl\u0131 k\u0131yafet ve ayakkab\u0131 ile ah\u0131ra girmeli. Dam\u0131zl\u0131k hayvanlarda sa\u011f\u0131m \u00f6ncesinde ellerin ve otomatik sa\u011f\u0131m makinelerinin pakl\u0131\u011f\u0131na ihtimam g\u00f6sterilmeli. Yeni sat\u0131n al\u0131nan hayvanlar 21 g\u00fcn m\u00fchlet ile karantinaya al\u0131nmal\u0131 ve m\u00fchlet sonunda hastal\u0131k yok ise ba\u015fka hayvanlar\u0131n yan\u0131na al\u0131nmal\u0131. Enfekte b\u00f6lgelerden ot, saman vb. al\u0131nmamal\u0131d\u0131r.<\/p>\n<p>Hastal\u0131k \u00e7\u0131kt\u0131ktan sonra \u00fcreticilerimizin alaca\u011f\u0131 birtak\u0131m tedbirler ortas\u0131nda; hasta hayvanlar ile sa\u011fl\u0131kl\u0131 hayvanlar \u00e7abucak birbirinden ayr\u0131lmal\u0131, hasta hayvanlar\u0131n bulundu\u011fu yerin dezenfeksiyonu\u00a0sa\u011flanmal\u0131, hasta hayvanlar\u0131n altl\u0131klar\u0131 yak\u0131lmal\u0131, en s\u00fcratli bi\u00e7imde veteriner tabibin haberdar edilmesi gerekmektedir.\u00a0\u00a0<\/p>\n<p>Hayvan pazarlar\u0131n\u0131n \u00fclke genelinde kapal\u0131 olmas\u0131 hasebiyle hayvan sat\u0131\u015f\u0131n\u0131n yap\u0131lamamas\u0131 \u00fcreticilerimizin Tar\u0131m Kredi Kooperatiflerine ve Ziraat Bankas\u0131na olan bor\u00e7lar\u0131n\u0131 \u00f6demesini zorla\u015ft\u0131r\u0131yor. Bu nedenle \u00fcreticilerimizin Tar\u0131m Kredi Kooperatiflerine ve Ziraat Bankas\u0131na olan bor\u00e7lar\u0131 faizsiz olarak en az 1 y\u0131l ertelenmelidir. Son olarak \u015fap hastal\u0131\u011f\u0131ndan ziyan g\u00f6ren \u00fcreticilerimize ge\u00e7mi\u015f olsun dileklerimi iletiyorum.\u201d<\/p>\n","protected":false},"excerpt":{"rendered":"<p>T\u00fcrkiye Ziraat Odalar\u0131 Birli\u011fi Genel Lideri \u015eemsi Bayraktar, Kurban Bayram\u0131&#8217;ndaki hayvan hareketlili\u011finin, hayvan hastal\u0131klar\u0131nda art\u0131\u015fa neden oldu\u011funu belirterek, al\u0131nan t\u00fcm tedbirlere kar\u015f\u0131n bu y\u0131l devam eden \u015fap hastal\u0131\u011f\u0131n\u0131n \u00e7ok daha \u00f6l\u00fcmc\u00fcl ve tehlikeli oldu\u011funa dikkat \u00e7ekti.<\/p>\n","protected":false},"author":1,"featured_media":55905,"comment_status":"open","ping_status":"open","sticky":false,"template":"","format":"standard","meta":{"footnotes":""},"categories":[25],"tags":[519,354,263,2112,4718],"class_list":["post-55904","post","type-post","status-publish","format-standard","has-post-thumbnail","hentry","category-gundem","tag-hasta","tag-hastalik","tag-hayvan","tag-onem","tag-sap-hastaligi"],"_links":{"self":[{"href":"https:\/\/ikimisli.tr\/index.php\/wp-json\/wp\/v2\/posts\/55904","targetHints":{"allow":["GET"]}}],"collection":[{"href":"https:\/\/ikimisli.tr\/index.php\/wp-json\/wp\/v2\/posts"}],"about":[{"href":"https:\/\/ikimisli.tr\/index.php\/wp-json\/wp\/v2\/types\/post"}],"author":[{"embeddable":true,"href":"https:\/\/ikimisli.tr\/index.php\/wp-json\/wp\/v2\/users\/1"}],"replies":[{"embeddable":true,"href":"https:\/\/ikimisli.tr\/index.php\/wp-json\/wp\/v2\/comments?post=55904"}],"version-history":[{"count":1,"href":"https:\/\/ikimisli.tr\/index.php\/wp-json\/wp\/v2\/posts\/55904\/revisions"}],"predecessor-version":[{"id":55906,"href":"https:\/\/ikimisli.tr\/index.php\/wp-json\/wp\/v2\/posts\/55904\/revisions\/55906"}],"wp:featuredmedia":[{"embeddable":true,"href":"https:\/\/ikimisli.tr\/index.php\/wp-json\/wp\/v2\/media\/55905"}],"wp:attachment":[{"href":"https:\/\/ikimisli.tr\/index.php\/wp-json\/wp\/v2\/media?parent=55904"}],"wp:term":[{"taxonomy":"category","embeddable":true,"href":"https:\/\/ikimisli.tr\/index.php\/wp-json\/wp\/v2\/categories?post=55904"},{"taxonomy":"post_tag","embeddable":true,"href":"https:\/\/ikimisli.tr\/index.php\/wp-json\/wp\/v2\/tags?post=55904"}],"curies":[{"name":"wp","href":"https:\/\/api.w.org\/{rel}","templated":true}]}}