{"id":56147,"date":"2025-07-16T19:23:56","date_gmt":"2025-07-16T19:23:56","guid":{"rendered":"https:\/\/ikimisli.tr\/?p=56147"},"modified":"2025-07-16T19:23:56","modified_gmt":"2025-07-16T19:23:56","slug":"trabzonsporun-kamp-kadrosu-belli-oldu","status":"publish","type":"post","link":"https:\/\/ikimisli.tr\/index.php\/2025\/07\/16\/trabzonsporun-kamp-kadrosu-belli-oldu\/","title":{"rendered":"Trabzonspor&#8217;un kamp kadrosu belli oldu"},"content":{"rendered":"<p>Bordo-mavililer, 15-27 Temmuz tarihleri ortas\u0131nda Erzurum Y\u00fcksek \u0130rtifa Kamp Merkezi\u2019nde haz\u0131rl\u0131klar\u0131na devam edecek.<\/p>\n<p>Yeni d\u00f6nem haz\u0131rl\u0131klar\u0131n\u0131n birinci k\u0131sm\u0131n\u0131 Mehmet Ali Y\u0131lmaz Tesisleri\u2019nde tamamlayan Trabzonspor, ikinci etap kamp\u0131 i\u00e7in Erzurum\u2019a hareket etti. Teknik y\u00f6netici Fatih Tekke idaresinde \u00e7al\u0131\u015fmalar\u0131na Erzurum\u2019da devam edecek olan kadronun kamp tak\u0131m\u0131nda 32 futbolcu yer ald\u0131.<\/p>\n<p>Teknik y\u00f6netici Fatih Tekke idaresindeki kamp tak\u0131m\u0131nda \u015fu isimler yer ald\u0131: U\u011furcan \u00c7ak\u0131r, Ahmet Do\u011fan Y\u0131ld\u0131r\u0131m, Onuralp \u00c7evikkan, Erol Can \u00c7olak, Mustafa Eskihella\u00e7, Wagner Pina, Arif Bo\u015fluk, Arda \u00d6zt\u00fcrk, Taha Emre \u0130nce, Ali \u015eahin Y\u0131lmaz, Rayyan Baniya, Stefan Savic, Serdar Saat\u00e7\u0131, Arseniy Batagov, John Lundstram, Salih Malko\u00e7o\u011flu, Ozan Tufan, Muhammed Cham, Okay Yoku\u015flu, Batista Mendy, Tim Jabol, Cihan \u00c7anak, Boran Lider, Edin Vi\u015f\u00e7a, Oleksandr Zubkov, Anthony Nwakaeme, G\u00f6ktan G\u00fcrp\u00fcz, Denis Dragu\u015f, Enis Destan, Danylo Sikan, Paul Onuachu ve Felipe Augusto.<\/p>\n<p>Kam tak\u0131m\u0131nda Barisic, Teklic ile Antalyaspor\u2019a transferi bitmek \u00fczere olan Poyraz Efe Y\u0131ld\u0131r\u0131m yer almad\u0131. Bordo-mavililer, kamp\u0131nda 4 haz\u0131rl\u0131k ma\u00e7\u0131 oynayacak.<\/p>\n<p>\u00a0<\/p>\n","protected":false},"excerpt":{"rendered":"<p>Trabzonspor&#8217;un 2025-2026 d\u00f6nemi haz\u0131rl\u0131klar\u0131 kapsam\u0131nda ger\u00e7ekle\u015ftirece\u011fi ikinci etap kamp \u00e7al\u0131\u015fmalar\u0131n\u0131n tak\u0131m\u0131 a\u015fik\u00e2r oldu.<\/p>\n","protected":false},"author":1,"featured_media":56148,"comment_status":"open","ping_status":"open","sticky":false,"template":"","format":"standard","meta":{"footnotes":""},"categories":[30],"tags":[6021],"class_list":["post-56147","post","type-post","status-publish","format-standard","has-post-thumbnail","hentry","category-spor","tag-kamp"],"_links":{"self":[{"href":"https:\/\/ikimisli.tr\/index.php\/wp-json\/wp\/v2\/posts\/56147","targetHints":{"allow":["GET"]}}],"collection":[{"href":"https:\/\/ikimisli.tr\/index.php\/wp-json\/wp\/v2\/posts"}],"about":[{"href":"https:\/\/ikimisli.tr\/index.php\/wp-json\/wp\/v2\/types\/post"}],"author":[{"embeddable":true,"href":"https:\/\/ikimisli.tr\/index.php\/wp-json\/wp\/v2\/users\/1"}],"replies":[{"embeddable":true,"href":"https:\/\/ikimisli.tr\/index.php\/wp-json\/wp\/v2\/comments?post=56147"}],"version-history":[{"count":1,"href":"https:\/\/ikimisli.tr\/index.php\/wp-json\/wp\/v2\/posts\/56147\/revisions"}],"predecessor-version":[{"id":56149,"href":"https:\/\/ikimisli.tr\/index.php\/wp-json\/wp\/v2\/posts\/56147\/revisions\/56149"}],"wp:featuredmedia":[{"embeddable":true,"href":"https:\/\/ikimisli.tr\/index.php\/wp-json\/wp\/v2\/media\/56148"}],"wp:attachment":[{"href":"https:\/\/ikimisli.tr\/index.php\/wp-json\/wp\/v2\/media?parent=56147"}],"wp:term":[{"taxonomy":"category","embeddable":true,"href":"https:\/\/ikimisli.tr\/index.php\/wp-json\/wp\/v2\/categories?post=56147"},{"taxonomy":"post_tag","embeddable":true,"href":"https:\/\/ikimisli.tr\/index.php\/wp-json\/wp\/v2\/tags?post=56147"}],"curies":[{"name":"wp","href":"https:\/\/api.w.org\/{rel}","templated":true}]}}