{"id":56218,"date":"2025-07-16T22:59:57","date_gmt":"2025-07-16T22:59:57","guid":{"rendered":"https:\/\/ikimisli.tr\/?p=56218"},"modified":"2025-07-16T22:59:57","modified_gmt":"2025-07-16T22:59:57","slug":"barrack-dogruyu-soyluyorsa-ypgye-dagilin-mars-mars-demeli","status":"publish","type":"post","link":"https:\/\/ikimisli.tr\/index.php\/2025\/07\/16\/barrack-dogruyu-soyluyorsa-ypgye-dagilin-mars-mars-demeli\/","title":{"rendered":"&#8220;Barrack do\u011fruyu s\u00f6yl\u00fcyorsa YPG&#8217;ye &#8216;da\u011f\u0131l\u0131n mar\u015f mar\u015f&#8217; demeli&#8221;"},"content":{"rendered":"<p>&#8211; <strong>Sizce Barrack\u2019\u0131n a\u00e7\u0131klamas\u0131 gelecek a\u00e7\u0131s\u0131ndan net bir ABD konumu veriyor mu yoksa g\u00fcn\u00fc kurtarmaya m\u0131 y\u00f6nelik?<\/strong><\/p>\n<p>ABD\u2019nin alandaki YPG-PKK ile ba\u011f\u0131 Tom Barrack\u2019\u0131n telaffuzuyla \u00f6rt\u00fc\u015fm\u00fcyor. Hatta \u00e7eli\u015fki \u00fcretiyor. Art\u0131k bu \u00e7eli\u015fki kurgulanan bir \u00e7eli\u015fki mi? Yoksa ABD i\u00e7erisinde Suriye belgesinin tekrar yaz\u0131lmas\u0131yla ilgili bir bildiri m\u0131? Yani ABD Suriye evrak\u0131n\u0131 tekrar mi yaz\u0131yor ve kendi i\u00e7erisinde bir fikir ayr\u0131l\u0131\u011f\u0131, bir \u00e7at\u0131\u015fma m\u0131 var? Lakin bir ger\u00e7eklik var. Alanda ABD fiili olarak Suriye\u2019yi b\u00f6lm\u00fc\u015f durumda.<\/p>\n<p>Asl\u0131nda Tom Barrack\u2019\u0131n burada bir stratejik aldatma m\u00fcmk\u00fcnl\u00fc\u011f\u00fcn\u00fcn son derece kuvvetli bir m\u00fcmk\u00fcnl\u00fck oldu\u011funu g\u00f6rmek zorunday\u0131z. Tek bayrak, tek devlet, tek ordu c\u00fcmlesi T\u00fcrkiye\u2019nin Suriye\u2019deki varl\u0131\u011f\u0131na y\u00f6nelik kurulmu\u015f bir c\u00fcmle birebir vakitte.<\/p>\n<p>\u201cSenin buradan \u00e7\u0131kman laz\u0131m\u201d diyor. Bak\u0131n en k\u0131ymetli s\u0131k\u0131nt\u0131 bence bu. Biz ne yap\u0131yorduk? Ter\u00f6r koridorunu engellemeye \u00e7al\u0131\u015f\u0131yorduk de\u011fil mi? Yani ter\u00f6r\u00fcn Akdeniz\u2019e \u00e7\u0131kmas\u0131n\u0131 engellemeye \u00e7al\u0131\u015f\u0131yorduk. Siz oralardan \u00e7\u0131karsan\u0131z ne olur? Suriye\u2019yi k\u00fclliyen YPG- PKK ter\u00f6r \u00f6rg\u00fct\u00fcne kapt\u0131rm\u0131\u015f olursunuz.<\/p>\n<p>E\u011fer Tom Barrack nitekim yeterli niyetliyse yapaca\u011f\u0131 \u015fey \u00e7ok kolay: ABD, YPG-PKK ter\u00f6r \u00f6rg\u00fct\u00fcnden takviyesi kesecek. Diyecek ki \u201cDa\u011f\u0131l\u0131n mar\u015f mar\u015f\u201d\u2026 Bunu dedi\u011fi vakit diyece\u011fiz ki \u201cGer\u00e7ekten ABD Suriye\u2019nin par\u00e7alanmas\u0131n\u0131 istemiyor\u201d. Aksi takdirde Say\u0131n B\u00fcy\u00fckel\u00e7i\u2019nin kurmu\u015f oldu\u011fu c\u00fcmlelerin hepsi bir aldatma c\u00fcmlesinden \u00f6teye ge\u00e7mez.<\/p>\n<p><img decoding=\"async\" src=\"https:\/\/ikimisli.tr\/wp-content\/uploads\/2025\/07\/barrack-dogruyu-soyluyorsa-ypgye-dagilin-mars-mars-demeli-0-K3hvNDCR.jpg\"\/><\/p>\n<p>Senem Toluay Ilgaz sordu, Abdullah A\u011far yan\u0131tlad\u0131.<\/p>\n<p><strong>ENSK\u2019YI PKK\u2019NIN B\u00dcNYES\u0130NE KATMALARI \u00c7OK TEHL\u0130KEL\u0130!<\/strong><\/p>\n<p>&#8211; <strong>\u201cKuzey ve Do\u011fu Suriye Demokratik \u00d6zerk Y\u00f6netimi\u201d ismi alt\u0131nda yay\u0131nlanan son bildiride \u201cMerkezi olmayan bir sistem\u201d ve \u201cT\u00fcm bile\u015fenlerin haklar\u0131n\u0131 garanti alt\u0131na alan yeni anayasa\u201d istendi. SDG tam olarak ne istiyor?<\/strong><\/p>\n<p>PKK Suriye\u2019nin yakla\u015f\u0131k 40 bin kilometre karelik alan\u0131n\u0131 ABD\u2019nin dayana\u011f\u0131yla ele ge\u00e7irmesinden beri bir bi\u00e7imde burada devletle\u015fmeye \u00e7al\u0131\u015f\u0131yor. Pek \u00e7ok model var. Konfederatif yap\u0131, federatif yap\u0131, kantonlar, \u00f6zel b\u00f6lgeler, yerinden idarenin g\u00fc\u00e7lendirilmesi, Adem-i merkeziyet\u00e7i yap\u0131lar.<\/p>\n<p>APO\u2019nun s\u00f6z\u00fcyle demokratik konfederalizm pe\u015finde ko\u015fuyorlar. Bununla ilgili beklentileri hi\u00e7 de\u011fi\u015fmedi. Lakin bunun bir yol haritas\u0131 i\u00e7erisinde \u015fekillenmesi gerekiyor. Yani son derece dikkatli davranmal\u0131lar. Zira kurba\u011falar\u0131 \u00fcrk\u00fctmemeleri gerekiyor. O denli d\u00fc\u015f\u00fcn\u00fcyorlar.<\/p>\n<p>Ve eksik olan taraflar\u0131n\u0131 da tahkim etme hedefi g\u00fcd\u00fcyorlar. Bu tahkimlerden bir tanesi neydi? ENSK\u2019n\u0131n (Suriye K\u00fcrt Ulusal Konseyi) PKK ile b\u00fct\u00fcnle\u015ftirilmesini sa\u011flamakt\u0131. ENSK nedir? Suriye\u2019deki PKK d\u00fc\u015fman\u0131 K\u00fcrtlerdir. T\u00fcrkiye de desteklemi\u015fti biliyorsunuz Cenevre s\u00fcre\u00e7lerinde. Barzani\u2019ye yak\u0131nd\u0131rlar. 5-6 bin bireyden olu\u015fan Roj Pe\u015fmergeleri denilen bir silahl\u0131 yap\u0131lar\u0131 dahi vard\u0131r. Art\u0131k Amerika ile Fransa bast\u0131rd\u0131lar ve Roj Pe\u015fmergeleri d\u0131\u015far\u0131da kalacak halde ENSK\u2019y\u0131 PKK\u2019n\u0131n b\u00fcnyesine katmaya ba\u015flad\u0131lar. Bu \u00e7ok tehlikeli.<\/p>\n<p>Ve as\u0131l en k\u0131ymetlisi bizi de ilgilendiren boyutuyla \u015f\u00f6yle bir ger\u00e7eklik var: Irak\u2019taki 12- 13 bin PKK\u2019l\u0131n\u0131n Suriye\u2019ye ge\u00e7ti\u011fine dair son derece k\u0131ymetli bir bilgi var. Yani PKK evvelden i\u015fte Arap bile\u015fenleriyle, Senadid g\u00fc\u00e7leriyle (YPG- PYD i\u00e7indeki Araplar) m\u00fcte\u015fekkil olu\u015fmu\u015f, \u015fekillenmi\u015f YPG yap\u0131lanmas\u0131n\u0131, silahl\u0131 yap\u0131lanmas\u0131n\u0131 \u015fu an Irak\u2019tan gelen PKK\u2019l\u0131larla tahkim ediyor. Son derece de\u011ferli bir geli\u015fmedir. F\u0131rat\u2019\u0131n do\u011fusunda olu\u015fturulmu\u015f y\u00fck merkezi \u00fczerinden b\u00fct\u00fcn Suriye\u2019de, \u015eam\u2019da tesirli olmak istiyor.<\/p>\n<p>Ve ge\u00e7mi\u015fte bizim ter\u00f6r koridorunu engellemek ismine yapt\u0131\u011f\u0131m\u0131z harekat alanlar\u0131n\u0131n daha alt\u0131ndan, bu sefer \u015eam\u2019\u0131 istismar ederek \u015eam \u00fczerinde bir tesir olu\u015fturarak ABD, k\u0131y\u0131da ya\u015fayan Alevi- Nusayrileri yan\u0131na al\u0131p Akdeniz\u2019e \u00e7\u0131kmak istiyor. Bak\u0131n i\u015f \u00e7ok tehlikeli bir yere gidiyor.<\/p>\n<p><img decoding=\"async\" src=\"https:\/\/ikimisli.tr\/wp-content\/uploads\/2025\/07\/barrack-dogruyu-soyluyorsa-ypgye-dagilin-mars-mars-demeli-1-aCMqjtgU.jpg\"\/><\/p>\n<p>Abdullah A\u011far&#8217;a nazaran, ABD \u015fayet ter\u00f6r \u00f6rg\u00fct\u00fcne takviyesi \u00e7ekmezse Tomas Barrack&#8217;\u0131n kurmu\u015f oldu\u011fu c\u00fcmlelerin hi\u00e7biri aldatmacan\u0131n \u00f6tesine ge\u00e7mez. <\/p>\n<p><strong>30 S\u0130LAHLA B\u0130Z\u0130 KANDIRMALARINA M\u00dcSAADE M\u0130 EDECE\u011e\u0130Z?<\/strong><\/p>\n<p>&#8211; <strong>YPG\/PYD\/SDG, PJAK, KCK, HPG ne oldu\/ne olacak?<\/strong><\/p>\n<p>PKK \u015fu an kendisi i\u00e7in tehlikeli olan k\u0131s\u0131mdan vazge\u00e7iyor. PKK ter\u00f6r \u00f6rg\u00fct\u00fc olarak tan\u0131mlanan bir yap\u0131, bir isim. Bu isimden vazge\u00e7erek asl\u0131nda kendi ter\u00f6r yap\u0131lanmas\u0131n\u0131 yasalla\u015ft\u0131rmaya \u00e7al\u0131\u015f\u0131yor. Asl\u0131nda YPG-PYD aya\u011f\u0131 en ba\u015f\u0131ndan \u201cBiz bu i\u015fin d\u0131\u015f\u0131nday\u0131z\u201d e dedi. PJAK birebirini s\u00f6yledi.<\/p>\n<p>YPG-PYD 100 bin en az. Pekala ba\u015fkalar\u0131 HPG, P\u00c7DK, Kelamda \u00d6l\u00fcms\u00fczler Taburu, Kelamda TAK, kelamda istihbarat yap\u0131lanmalar\u0131, kelamda Ate\u015fin \u00c7ocuklar\u0131, Sincar Yap\u0131lanmas\u0131, YPS, YDG-H, kelamda Asayi\u015f. Bunlar\u0131n hepsi de silahl\u0131 yap\u0131lanma. Bir el otomobiline s\u0131\u011fan 30 tane silah.<\/p>\n<p>Say\u0131n Cumhurba\u015fkan\u0131 demi\u015fti ki \u201c40 bin t\u0131r dolusu silah.\u201d Bu daha sonra 100 bini a\u015ft\u0131. 30 silahla bizi kand\u0131rmalar\u0131na m\u00fcsaade mi edece\u011fiz? Ter\u00f6r \u00f6rg\u00fct\u00fc \u015fu an karar al\u0131c\u0131lara kar\u015f\u0131, halka kar\u015f\u0131 hem kendi oyununu hem de bir vekil ter\u00f6r \u00f6rg\u00fct\u00fc olarak kendisini himaye edenlerin oyununu oynuyor.<\/p>\n<p><b><span>Suriye\u2019nin g\u00fcneyinde kanl\u0131 ve tehlikeli \u00e7at\u0131\u015fma<\/span><\/b><\/p>\n<p>T\u00fcrkiye\u2019nin 911 kilometre sona sahip oldu\u011fu Suriye\u2019de sular durulmuyor. ABD ve Fransa\u2019n\u0131n da temsil edildi\u011fi, YPG\u2019nin ba\u015f\u0131n\u0131 \u00e7ekti\u011fi SDG ile \u015eam idaresi ortas\u0131ndaki g\u00f6r\u00fc\u015fmelerden sonu\u00e7 \u00e7\u0131kmazken, Suriye alan\u0131 tekrar kar\u0131\u015ft\u0131. G\u00f6zler bir defa daha Suriye\u2019nin g\u00fcneyindeki D\u00fcrzi y\u00fckl\u00fc S\u00fcveyda b\u00f6lgesine d\u00f6nd\u00fc. Nisan ay\u0131ndaki \u00e7at\u0131\u015fmalar\u0131n akabinde bu kere de bir D\u00fcrzi t\u00fcccar\u0131n \u015eam- S\u00fcveyda yolunda ka\u00e7\u0131r\u0131ld\u0131\u011f\u0131 arg\u00fcman\u0131yla ba\u015flayan \u00e7at\u0131\u015fmalarda onlarca ki\u015fi hayat\u0131n\u0131 kaybetti. \u0130\u00e7 \u00e7at\u0131\u015fmaya \u0130srail bir kere daha dahil oldu.<\/p>\n<p><img decoding=\"async\" src=\"https:\/\/ikimisli.tr\/wp-content\/uploads\/2025\/07\/barrack-dogruyu-soyluyorsa-ypgye-dagilin-mars-mars-demeli-2-xGYwlA98.jpg\"\/><\/p>\n<p>Burak Tatari b\u00f6lgeden en s\u0131cak geli\u015fmeleri aktard\u0131.<\/p>\n<p><strong>B\u0130R\u00c7OK \u00d6NDERLE G\u00d6R\u00dc\u015eT\u00dc<\/strong><\/p>\n<p>\u00c7at\u0131\u015fma tam da \u015eara idaresinin d\u0131\u015f takviyesini art\u0131rmaya ba\u015flad\u0131\u011f\u0131 devirde patlak verdi. ABD, k\u0131sa m\u00fcddet evvel 54 y\u0131ll\u0131k Esad devrini sona erdiren HT\u015e\u2019yi ter\u00f6r \u00f6rg\u00fct\u00fc listesinden \u00e7\u0131kard\u0131. HT\u015e lideri Ahmet \u015eara, ge\u00e7ici devlet ba\u015fkan\u0131 s\u0131fat\u0131yla ABD Ba\u015fkan\u0131 Trump ba\u015fta olmak \u00fczere bir\u00e7ok Bat\u0131l\u0131 \u00f6nderle g\u00f6r\u00fc\u015ft\u00fc. \u00dclkenin yine in\u015fas\u0131 i\u00e7in diplomatik temaslar s\u0131kla\u015f\u0131rken, \u201cYeni Suriye\u201dnin \u00f6n\u00fcndeki en de\u011ferli iki mahzur i\u00e7 kar\u0131\u015f\u0131kl\u0131klar ve d\u0131\u015f m\u00fcdahale\u2026\u015eam idaresiyle YPG \/ SDG g\u00f6r\u00fc\u015fmelerine T\u00fcrkiye\u2019nin ABD B\u00fcy\u00fckel\u00e7isi ve ABD Trump\u2019\u0131n Suriye \u00f6zel temsilcisi Tom Barrack ile Fransa\u2019n\u0131n Suriye \u00f6zel temsilcisi Faivre kat\u0131l\u0131rken, taraflar anla\u015famad\u0131. <\/p>\n<p>Barrack\u2019\u0131n \u201cSDG, YPG\u2019dir. YPG, PKK\u2019n\u0131n bir t\u00fcrevidir\u201d s\u00f6zleri, Salih M\u00fcslim\u2019in reaksiyonunu \u00e7ekti. ABD\u2019nin T\u00fcrkiye B\u00fcy\u00fckel\u00e7isi Barrack, Suriye\u2019de ba\u015fka devletler kurulamayaca\u011f\u0131n\u0131 s\u00f6ylerken, ak\u0131llara k\u0131sa m\u00fchlet evvel Osmanl\u0131\u2019n\u0131n millet sistemine y\u00f6nelik \u00f6vg\u00fcleriyle olu\u015fan tezat geldi.<\/p>\n<p><img decoding=\"async\" src=\"https:\/\/ikimisli.tr\/wp-content\/uploads\/2025\/07\/barrack-dogruyu-soyluyorsa-ypgye-dagilin-mars-mars-demeli-3-DmHeqcpu.jpg\"\/><\/p>\n<p>\u00c7at\u0131\u015fmalarda onlarca ki\u015fi hayat\u0131n\u0131 kaybetti.<\/p>\n<p><strong>SUR\u0130YE\u2019DE \u0130ST\u0130KRAR TEKRAR TEHL\u0130KEDE<\/strong><\/p>\n<p>Bak\u00fc\u2019de Azerbaycan arabuluculu\u011funda yeni \u015eam idaresi ile \u0130srail masaya otururken, Suriye\u2019nin g\u00fcneyindeki S\u00fcveyda\u2019da bu kere Arap a\u015firetlerle D\u00fcrziler ortas\u0131ndaki tansiyon bir\u00e7ok can kayb\u0131na yol a\u00e7t\u0131.<\/p>\n<p>Suriye \u0130\u00e7i\u015fleri Bakanl\u0131\u011f\u0131\u2019na nazaran 30, Suriye \u0130nsan Haklar\u0131 G\u00f6zlemevi\u2019nin a\u00e7\u0131klamas\u0131na nazaran 64\u2019\u00fc D\u00fcrzi, 52\u2019si Suriye Savunma Bakanl\u0131\u011f\u0131\u2019ndan 116 ki\u015finin hayat\u0131n\u0131 kaybetti\u011fi \u00e7at\u0131\u015fmaya, \u015eam\u2019la masaya oturan \u0130srail ordusu da dahil oldu. \u015eam idaresi b\u00f6lgeye  taraflar k\u0131r\u0131lgan ate\u015fkeste anla\u015ft\u0131 muahedesine ancak \u0130srail Ba\u015fbakan\u0131 Netanyahu ve savunma Bakan\u0131 Katz, orduya rejim g\u00fc\u00e7lerini vurma buyru\u011fu verdi. \u0130srail u\u00e7aklar\u0131 S\u00fcveyda kent merkezini vurdu.<\/p>\n<p>Suriye\u2019de istikrar beklentisini tehlikeye sokan bu yeni \u00e7at\u0131\u015fma, \u00fclkede etnik ve dini k\u00fcmelerle \u00e7\u00f6z\u00fclemeyen s\u0131k\u0131nt\u0131lar\u0131n bir anda alev \u00fczere parlayabildi\u011fini ortaya koyuyor.<\/p>\n<p>Uluslararas\u0131 Af \u00d6rg\u00fct\u00fc\u2019n\u00fcn \u201ckatliam\u201d olarak tan\u0131mlad\u0131\u011f\u0131 ve y\u00fczlerce Alevi\u2019nin hayat\u0131n\u0131 kaybetti\u011fi olaylar\u0131n akabinde, D\u00fcrzi b\u00f6lgesi daha evvel de nisan ay\u0131nda kar\u0131\u015fm\u0131\u015ft\u0131.<\/p>\n<p><strong>TEHD\u0130TVAR\u0130 BAKIYOR<\/strong><\/p>\n<p>\u0130srail \u015eam idaresini, ba\u015f\u015fehrin g\u00fcneyine ge\u00e7meyi akl\u0131ndan bile ge\u00e7irmemesi kelamlar\u0131yla tehdit ederken, Golan Tepeleri\u2019ndeki i\u015fgaline devam ediyor. Esad periyodunun askeri cephaneliklerini Suriye genelinde ate\u015fe verirken, ba\u015f\u015fehir \u015eam\u2019a yaln\u0131zca 20 kilometre tehditvari bir halde \u00f6teden bak\u0131yor. Kendisini D\u00fcrzilerin savunucusu olarak g\u00f6stermeye \u00e7al\u0131\u015f\u0131yor. Yeni \u015eam idaresi, Suriye\u2019nin t\u00fcm\u00fcnde egemenli\u011fini sa\u011flayamazken, ortadan ge\u00e7en sekiz ayda \u00fclkedeki \u015fiddet inhisar\u0131n\u0131 eline alamad\u0131. Daima tekrarlanan i\u00e7 \u00e7at\u0131\u015fmalar ve \u0130srail\u2019in m\u00fcdahaleleri, ABD, Bat\u0131 \u00fclkeleri, T\u00fcrkiye ve K\u00f6rfez \u00fclkelerinden dayanak alan \u015eara idaresinin \u00f6zg\u00fcvenini temelinden sars\u0131yor.<\/p>\n","protected":false},"excerpt":{"rendered":"<p>Bir yanda \u201cTer\u00f6rs\u00fcz T\u00fcrkiye\u201d s\u00fcreci \u00f6b\u00fcr tarafta Suriye\u2019de olup bitenler\u2026 Birbirinden ba\u011f\u0131ms\u0131z olmayan iki ba\u015fka s\u00fcre\u00e7. ABD Ankara B\u00fcy\u00fckel\u00e7isi ve ABD Suriye \u00d6zel Temsilcisi\u00a0Thomas Barrack Suriye i\u00e7in \u201cTek \u00fclke, tek millet, tek ordu\u201d vurgusu yapt\u0131. Bu a\u00e7\u0131klamay\u0131 \u201cFederal ve \u00f6zerk bir Suriye planlanm\u0131yor\u201d diye yorumlayanlar oldu. Sahiden o denli mi? G\u00fcvenlik siyasetleri uzman\u0131 Abdullah A\u011far\u2019a sorduk.<\/p>\n","protected":false},"author":1,"featured_media":56219,"comment_status":"open","ping_status":"open","sticky":false,"template":"","format":"standard","meta":{"footnotes":""},"categories":[25],"tags":[82,7572,7435,1014,295],"class_list":["post-56218","post","type-post","status-publish","format-standard","has-post-thumbnail","hentry","category-gundem","tag-abd","tag-barrack","tag-catisma","tag-pkk","tag-suriye"],"_links":{"self":[{"href":"https:\/\/ikimisli.tr\/index.php\/wp-json\/wp\/v2\/posts\/56218","targetHints":{"allow":["GET"]}}],"collection":[{"href":"https:\/\/ikimisli.tr\/index.php\/wp-json\/wp\/v2\/posts"}],"about":[{"href":"https:\/\/ikimisli.tr\/index.php\/wp-json\/wp\/v2\/types\/post"}],"author":[{"embeddable":true,"href":"https:\/\/ikimisli.tr\/index.php\/wp-json\/wp\/v2\/users\/1"}],"replies":[{"embeddable":true,"href":"https:\/\/ikimisli.tr\/index.php\/wp-json\/wp\/v2\/comments?post=56218"}],"version-history":[{"count":1,"href":"https:\/\/ikimisli.tr\/index.php\/wp-json\/wp\/v2\/posts\/56218\/revisions"}],"predecessor-version":[{"id":56224,"href":"https:\/\/ikimisli.tr\/index.php\/wp-json\/wp\/v2\/posts\/56218\/revisions\/56224"}],"wp:featuredmedia":[{"embeddable":true,"href":"https:\/\/ikimisli.tr\/index.php\/wp-json\/wp\/v2\/media\/56219"}],"wp:attachment":[{"href":"https:\/\/ikimisli.tr\/index.php\/wp-json\/wp\/v2\/media?parent=56218"}],"wp:term":[{"taxonomy":"category","embeddable":true,"href":"https:\/\/ikimisli.tr\/index.php\/wp-json\/wp\/v2\/categories?post=56218"},{"taxonomy":"post_tag","embeddable":true,"href":"https:\/\/ikimisli.tr\/index.php\/wp-json\/wp\/v2\/tags?post=56218"}],"curies":[{"name":"wp","href":"https:\/\/api.w.org\/{rel}","templated":true}]}}