{"id":56298,"date":"2025-07-17T03:23:57","date_gmt":"2025-07-17T03:23:57","guid":{"rendered":"https:\/\/ikimisli.tr\/?p=56298"},"modified":"2025-07-17T03:23:57","modified_gmt":"2025-07-17T03:23:57","slug":"o-ilde-denize-girmek-yasaklandi","status":"publish","type":"post","link":"https:\/\/ikimisli.tr\/index.php\/2025\/07\/17\/o-ilde-denize-girmek-yasaklandi\/","title":{"rendered":"O ilde denize girmek yasakland\u0131"},"content":{"rendered":"<p>Giresun&#8217;da olumsuz \u015fartlar nedeniyle denize girmek yasakland\u0131.<\/p>\n<p>Giresun Valili\u011fi&#8217;nin toplumsal medya hesab\u0131 \u00fczerinden yap\u0131lan a\u00e7\u0131klamada, deniz \u015fartlar\u0131n\u0131n can g\u00fcvenli\u011fini tehdit etti\u011fi tabir edildi.<\/p>\n<p><b>VAL\u0130L\u0130K RESMEN A\u00c7IKLADI<\/b><\/p>\n<p>A\u00e7\u0131klamada vilayet hudutlar\u0131 i\u00e7erisinde yer alan k\u0131y\u0131 ve plajlarda denize girmenin yasakland\u0131\u011f\u0131 aktar\u0131ld\u0131.<\/p>\n<p>A\u00e7\u0131klamada, g\u00fcn i\u00e7erisinde denize girmenin yasakland\u0131\u011f\u0131na i\u015faret edilerek, &#8220;Giresun vilayet hudutlar\u0131 i\u00e7erisinde t\u00fcm k\u0131y\u0131 ve plajlarda denize girmek yasaklanm\u0131\u015ft\u0131r. L\u00fctfen denize girmeyiniz. Vatanda\u015flar\u0131m\u0131z\u0131n can g\u00fcvenli\u011fi a\u00e7\u0131s\u0131ndan yasa\u011fa uymalar\u0131n\u0131 ehemmiyetle rica ederiz. \u0130htarlar\u0131 dikkate al\u0131n\u0131z. G\u00fcvenli\u011finizi riske atmay\u0131n\u0131z&#8221; denildi.<\/p>\n","protected":false},"excerpt":{"rendered":"<p>Giresun Valili\u011fi, deniz \u015fartlar\u0131ndaki olumsuzluk nedeniyle vilayet hudutlar\u0131 i\u00e7erisindeki k\u0131y\u0131 ve plajlarda g\u00fcn i\u00e7erisinde denize girilmesinin yasakland\u0131\u011f\u0131n\u0131 duyurdu.<\/p>\n","protected":false},"author":1,"featured_media":56299,"comment_status":"open","ping_status":"open","sticky":false,"template":"","format":"standard","meta":{"footnotes":""},"categories":[25],"tags":[7093],"class_list":["post-56298","post","type-post","status-publish","format-standard","has-post-thumbnail","hentry","category-gundem","tag-denize"],"_links":{"self":[{"href":"https:\/\/ikimisli.tr\/index.php\/wp-json\/wp\/v2\/posts\/56298","targetHints":{"allow":["GET"]}}],"collection":[{"href":"https:\/\/ikimisli.tr\/index.php\/wp-json\/wp\/v2\/posts"}],"about":[{"href":"https:\/\/ikimisli.tr\/index.php\/wp-json\/wp\/v2\/types\/post"}],"author":[{"embeddable":true,"href":"https:\/\/ikimisli.tr\/index.php\/wp-json\/wp\/v2\/users\/1"}],"replies":[{"embeddable":true,"href":"https:\/\/ikimisli.tr\/index.php\/wp-json\/wp\/v2\/comments?post=56298"}],"version-history":[{"count":1,"href":"https:\/\/ikimisli.tr\/index.php\/wp-json\/wp\/v2\/posts\/56298\/revisions"}],"predecessor-version":[{"id":56300,"href":"https:\/\/ikimisli.tr\/index.php\/wp-json\/wp\/v2\/posts\/56298\/revisions\/56300"}],"wp:featuredmedia":[{"embeddable":true,"href":"https:\/\/ikimisli.tr\/index.php\/wp-json\/wp\/v2\/media\/56299"}],"wp:attachment":[{"href":"https:\/\/ikimisli.tr\/index.php\/wp-json\/wp\/v2\/media?parent=56298"}],"wp:term":[{"taxonomy":"category","embeddable":true,"href":"https:\/\/ikimisli.tr\/index.php\/wp-json\/wp\/v2\/categories?post=56298"},{"taxonomy":"post_tag","embeddable":true,"href":"https:\/\/ikimisli.tr\/index.php\/wp-json\/wp\/v2\/tags?post=56298"}],"curies":[{"name":"wp","href":"https:\/\/api.w.org\/{rel}","templated":true}]}}