{"id":56334,"date":"2025-07-17T05:47:55","date_gmt":"2025-07-17T05:47:55","guid":{"rendered":"https:\/\/ikimisli.tr\/?p=56334"},"modified":"2025-07-17T05:47:55","modified_gmt":"2025-07-17T05:47:55","slug":"yoksula-19-tl-bakana-yuzde-40-zam","status":"publish","type":"post","link":"https:\/\/ikimisli.tr\/index.php\/2025\/07\/17\/yoksula-19-tl-bakana-yuzde-40-zam\/","title":{"rendered":"Yoksula 19 TL; Bakan&#8217;a y\u00fczde 40 zam"},"content":{"rendered":"<p>Birg\u00fcn&#8217;den Mustafa Bildircin&#8217;in haberine nazaran; 2025 y\u0131l\u0131 prestijiyle T\u00fcrkiye\u2019de, 14 milyon 148 bin 740 ki\u015fi toplumsal yard\u0131mlara muhta\u00e7 hale geldi. Aile ve Sosyal Hizmetler Bakanl\u0131\u011f\u0131, T\u00fcrkiye\u2019de etkisini giderek art\u0131ran ekonomik buhran\u0131n pen\u00e7esinde \u00f6m\u00fcr gayreti veren yurtta\u015flara yap\u0131lan \u00f6demelerin art\u0131r\u0131ld\u0131\u011f\u0131n\u0131 duyurdu. Aile ve Sosyal Hizmetler Bakan\u0131 Mahinur G\u00f6kta\u015f\u2019\u0131n, \u201cHay\u0131rl\u0131 olsun\u201d diyerek duyurdu\u011fu art\u0131\u015f\u0131n g\u00fcnl\u00fck s\u0131rf 19 TL oldu\u011fu belirtildi. Bakanl\u0131\u011f\u0131n fakir yurtta\u015fa yap\u0131lan takviye \u00f6demelerine getirdi\u011fi art\u0131\u015f, \u201cBir simit bile al\u0131nam\u0131yor\u201d tenkitlerine neden oldu.<\/p>\n<p>Yoksul yurtta\u015f\u0131n takviye \u00f6demelerine, bir simit dahi al\u0131nmayacak fiyatta art\u0131r\u0131m yapan Aile ve Toplumsal Hizmetler Bakanl\u0131\u011f\u0131\u2019n\u0131n \u00f6zel kalem masraflar\u0131ndaki art\u0131\u015f ise \u201cYoksuldan esirgenen kaynak, \u00f6zel harcamalara aktar\u0131l\u0131yor\u201d yorumlar\u0131na yol a\u00e7t\u0131.<\/p>\n<p><b>OCAK-MAYIS DEVR\u0130NDE 48,6 M\u0130LYON TL<\/b><\/p>\n<p>Aile ve Toplumsal Hizmetler Bakanl\u0131\u011f\u0131, Bakan G\u00f6kta\u015f\u2019\u0131n resmi program ve davetleri i\u00e7in kullan\u0131lan \u00f6zel kalem b\u00fct\u00e7esinden 2024\u2019\u00fcn birinci be\u015f ay\u0131nda, 34 milyon 737 bin 729 TL kaynak kulland\u0131. \u00d6zel Kalem Hizmetleri Genel M\u00fcd\u00fcrl\u00fc\u011f\u00fc\u2019nce kullan\u0131lan kaynakta, 2025\u2019in t\u0131pk\u0131 periyodunda ise y\u00fczde 40 art\u0131\u015f kaydedildi. Buna nazaran, Ocak-May\u0131s 2024 devrinde 34,7 milyon TL olan Aile Bakanl\u0131\u011f\u0131\u2019n\u0131n \u00f6zel kalem sarfiyat\u0131, Ocak-May\u0131s 2024 periyodunda 48 milyon 667 bin 747 TL\u2019ye f\u0131rlad\u0131. Bakanl\u0131\u011f\u0131n \u00f6zel kalem masraf\u0131nda bir y\u0131lda ya\u015fanan art\u0131\u015f, y\u00fczde 40 olarak hesapland\u0131.<\/p>\n<p><b>YOKSULA Y\u00dcZDE 15<\/b><\/p>\n<p>\u00d6zel kalem masraflar\u0131n\u0131 y\u00fczde 40 art\u0131ran bakanl\u0131\u011f\u0131n, toplumsal yard\u0131m \u00f6demelerine yapt\u0131\u011f\u0131 art\u0131r\u0131mlar, kimi toplumsal yard\u0131m kalemlerine nazaran \u015f\u00f6yle s\u0131raland\u0131:<\/p>\n","protected":false},"excerpt":{"rendered":"<p>Aile ve Toplumsal Hizmetler Bakanl\u0131\u011f\u0131\u2019n\u0131n, toplumsal yard\u0131m \u00f6demelerine yapt\u0131\u011f\u0131 art\u0131r\u0131m reaksiyon \u00e7ekti. Yard\u0131ma muhta\u00e7 yurtta\u015flara yap\u0131lan dayanak \u00f6demeleri, g\u00fcnl\u00fck sadece 19,3 TL art\u0131r\u0131ld\u0131.<\/p>\n","protected":false},"author":1,"featured_media":56335,"comment_status":"open","ping_status":"open","sticky":false,"template":"","format":"standard","meta":{"footnotes":""},"categories":[25],"tags":[483,262,4691,7583,273],"class_list":["post-56334","post","type-post","status-publish","format-standard","has-post-thumbnail","hentry","category-gundem","tag-artis","tag-bakan","tag-hizmetler","tag-ozel-kalem","tag-sosyal"],"_links":{"self":[{"href":"https:\/\/ikimisli.tr\/index.php\/wp-json\/wp\/v2\/posts\/56334","targetHints":{"allow":["GET"]}}],"collection":[{"href":"https:\/\/ikimisli.tr\/index.php\/wp-json\/wp\/v2\/posts"}],"about":[{"href":"https:\/\/ikimisli.tr\/index.php\/wp-json\/wp\/v2\/types\/post"}],"author":[{"embeddable":true,"href":"https:\/\/ikimisli.tr\/index.php\/wp-json\/wp\/v2\/users\/1"}],"replies":[{"embeddable":true,"href":"https:\/\/ikimisli.tr\/index.php\/wp-json\/wp\/v2\/comments?post=56334"}],"version-history":[{"count":1,"href":"https:\/\/ikimisli.tr\/index.php\/wp-json\/wp\/v2\/posts\/56334\/revisions"}],"predecessor-version":[{"id":56336,"href":"https:\/\/ikimisli.tr\/index.php\/wp-json\/wp\/v2\/posts\/56334\/revisions\/56336"}],"wp:featuredmedia":[{"embeddable":true,"href":"https:\/\/ikimisli.tr\/index.php\/wp-json\/wp\/v2\/media\/56335"}],"wp:attachment":[{"href":"https:\/\/ikimisli.tr\/index.php\/wp-json\/wp\/v2\/media?parent=56334"}],"wp:term":[{"taxonomy":"category","embeddable":true,"href":"https:\/\/ikimisli.tr\/index.php\/wp-json\/wp\/v2\/categories?post=56334"},{"taxonomy":"post_tag","embeddable":true,"href":"https:\/\/ikimisli.tr\/index.php\/wp-json\/wp\/v2\/tags?post=56334"}],"curies":[{"name":"wp","href":"https:\/\/api.w.org\/{rel}","templated":true}]}}