{"id":56424,"date":"2025-07-17T11:11:53","date_gmt":"2025-07-17T11:11:53","guid":{"rendered":"https:\/\/ikimisli.tr\/?p=56424"},"modified":"2025-07-17T11:11:53","modified_gmt":"2025-07-17T11:11:53","slug":"mehmet-simseki-sevindirecek-haber-kazanan-yine-kasa-diye-duyurdular","status":"publish","type":"post","link":"https:\/\/ikimisli.tr\/index.php\/2025\/07\/17\/mehmet-simseki-sevindirecek-haber-kazanan-yine-kasa-diye-duyurdular\/","title":{"rendered":"Mehmet \u015eim\u015fek&#8217;i sevindirecek haber: &#8216;Kazanan yine kasa&#8217; diye duyurdular"},"content":{"rendered":"<p>Gazete Pencere m\u00fcellifi Emre \u00d6zpeynirci X hesab\u0131ndan yapt\u0131\u011f\u0131 payla\u015f\u0131mda \u00d6TV tahsilat\u0131n\u0131n haziranda 61 milyar TL\u2019ye ula\u015ft\u0131\u011f\u0131n\u0131 duyurdu, &#8216;kazanan tekrar kasa&#8217; dedi.<\/p>\n<p>Haziran ay\u0131nda otomotiv dal\u0131 hem b\u00fcy\u00fcd\u00fc hem de devlete rekor vergi \u00e7\u0131kar\u0131 sa\u011flad\u0131. Araba sat\u0131\u015flar\u0131 y\u00fczde 12 artarken, h\u00fck\u00fcmetin kasas\u0131na giren \u00d6TV gelirinde y\u00fczde 38\u2019lik art\u0131\u015f ya\u015fand\u0131. Haziran ay\u0131nda yaln\u0131zca \u00d6TV tahsilat\u0131 61 milyar TL\u2019ye ula\u015ft\u0131.<\/p>\n<p>Elektrikli ara\u00e7lar\u0131n d\u00fc\u015f\u00fck \u00d6TV diliminde yer almas\u0131na kar\u015f\u0131n pazar hissesinin y\u00fczde 27\u2019ye \u00e7\u0131kmas\u0131 dikkat \u00e7ekti. Lakin bu durum vergi gelirlerini d\u00fc\u015f\u00fcrmedi, tam bilakis art\u0131rd\u0131.<\/p>\n<p>2025 y\u0131l\u0131n\u0131n birinci 6 ay\u0131na bak\u0131ld\u0131\u011f\u0131nda tablo daha da \u00e7arp\u0131c\u0131:<\/p>\n<ul>\n<li>Otomotiv pazar\u0131 s\u0131rf y\u00fczde 4,69 b\u00fcy\u00fcd\u00fc<\/li>\n<li>\u00d6TV geliri y\u00fczde 40,02 artt\u0131<\/li>\n<li>Toplam tahsilat: 315,3 milyar TL<\/li>\n<li>Ara\u00e7 ba\u015f\u0131na d\u00fc\u015fen ortalama \u00d6TV: 501.204 TL (2024\u2019te 374.730 TL idi)<\/li>\n<\/ul>\n<p>Sat\u0131lan ara\u00e7 say\u0131s\u0131nda hudutlu bir art\u0131\u015f olmas\u0131na kar\u015f\u0131n, artan fiyatlar ve y\u00fcksek vergi oranlar\u0131yla birlikte devletin gelirleri katland\u0131.<\/p>\n<p><b>YIL SONUNA KADAR \u00d6TV&#8217;DEN SA\u011eLANACAK VARSAYIMI GEL\u0130R 799 M\u0130LYAR TL<\/b><\/p>\n<p>Y\u0131l sonu i\u00e7in belirlenen 799 milyar TL\u2019lik \u00d6TV amac\u0131n\u0131n %40\u2019\u0131 \u015fimdiden ger\u00e7ekle\u015fmi\u015f durumda. Ge\u00e7ti\u011fimiz y\u0131l bu oran y\u00fczde 45 d\u00fczeyindeydi ve y\u0131l sonunda gaye a\u015f\u0131lm\u0131\u015ft\u0131. G\u00f6r\u00fcnen o ki 2025\u2019te de misal bir tablo ortaya \u00e7\u0131kacak.<\/p>\n<p>Elektrikli ara\u00e7 sat\u0131\u015flar\u0131ndaki art\u0131\u015fa kar\u015f\u0131n \u00d6TV gelirlerinin rekor k\u0131rmas\u0131, otomotivdeki vergi sisteminin nas\u0131l i\u015fledi\u011fine dair yeni tart\u0131\u015fmalar\u0131 da beraberinde getiriyor. T\u00fcketici i\u00e7in ara\u00e7 almak giderek zorla\u015f\u0131rken, devletin yarar\u0131 artmaya devam ediyor.<\/p>\n","protected":false},"excerpt":{"rendered":"<p>Haziranda araba sat\u0131\u015flar\u0131 sonlu artarken, devletin kasas\u0131na giren \u00d6TV gelirleri rekora ko\u015ftu. Ara\u00e7 ba\u015f\u0131na d\u00fc\u015fen vergi 500 bin liray\u0131 a\u015ft\u0131, elektrikli ara\u00e7 furyas\u0131n\u0131n d\u00fc\u015f\u00fck \u00d6TV&#8217;si bile vergi tahsilat\u0131n\u0131 frenleyemedi.<\/p>\n","protected":false},"author":1,"featured_media":56425,"comment_status":"open","ping_status":"open","sticky":false,"template":"","format":"standard","meta":{"footnotes":""},"categories":[24],"tags":[917,47,5987,1637],"class_list":["post-56424","post","type-post","status-publish","format-standard","has-post-thumbnail","hentry","category-ekonomi","tag-arac","tag-gelir","tag-milyar-tl","tag-otv"],"_links":{"self":[{"href":"https:\/\/ikimisli.tr\/index.php\/wp-json\/wp\/v2\/posts\/56424","targetHints":{"allow":["GET"]}}],"collection":[{"href":"https:\/\/ikimisli.tr\/index.php\/wp-json\/wp\/v2\/posts"}],"about":[{"href":"https:\/\/ikimisli.tr\/index.php\/wp-json\/wp\/v2\/types\/post"}],"author":[{"embeddable":true,"href":"https:\/\/ikimisli.tr\/index.php\/wp-json\/wp\/v2\/users\/1"}],"replies":[{"embeddable":true,"href":"https:\/\/ikimisli.tr\/index.php\/wp-json\/wp\/v2\/comments?post=56424"}],"version-history":[{"count":1,"href":"https:\/\/ikimisli.tr\/index.php\/wp-json\/wp\/v2\/posts\/56424\/revisions"}],"predecessor-version":[{"id":56426,"href":"https:\/\/ikimisli.tr\/index.php\/wp-json\/wp\/v2\/posts\/56424\/revisions\/56426"}],"wp:featuredmedia":[{"embeddable":true,"href":"https:\/\/ikimisli.tr\/index.php\/wp-json\/wp\/v2\/media\/56425"}],"wp:attachment":[{"href":"https:\/\/ikimisli.tr\/index.php\/wp-json\/wp\/v2\/media?parent=56424"}],"wp:term":[{"taxonomy":"category","embeddable":true,"href":"https:\/\/ikimisli.tr\/index.php\/wp-json\/wp\/v2\/categories?post=56424"},{"taxonomy":"post_tag","embeddable":true,"href":"https:\/\/ikimisli.tr\/index.php\/wp-json\/wp\/v2\/tags?post=56424"}],"curies":[{"name":"wp","href":"https:\/\/api.w.org\/{rel}","templated":true}]}}