{"id":56469,"date":"2025-07-17T13:47:55","date_gmt":"2025-07-17T13:47:55","guid":{"rendered":"https:\/\/ikimisli.tr\/?p=56469"},"modified":"2025-07-17T13:47:55","modified_gmt":"2025-07-17T13:47:55","slug":"koyluler-aclik-grevi-baslatti-ataturkun-meclisinde-bizim-adimiza-karar-veremezsiniz","status":"publish","type":"post","link":"https:\/\/ikimisli.tr\/index.php\/2025\/07\/17\/koyluler-aclik-grevi-baslatti-ataturkun-meclisinde-bizim-adimiza-karar-veremezsiniz\/","title":{"rendered":"K\u00f6yl\u00fcler a\u00e7l\u0131k grevi ba\u015flatt\u0131: &#8216;Atat\u00fcrk&#8217;\u00fcn Meclisi&#8217;nde bizim ad\u0131m\u0131za karar veremezsiniz&#8217;"},"content":{"rendered":"<p>T\u00fcrkiye\u2019nin d\u00f6rt bir yan\u0131ndan gelen yurtta\u015flar, TBMM Dikmen Kap\u0131s\u0131 \u00f6n\u00fcnde yapt\u0131klar\u0131 a\u00e7\u0131klamada, yasan\u0131n geri \u00e7ekilmemesi halinde kararl\u0131l\u0131klar\u0131n\u0131 s\u00fcrd\u00fcreceklerini vurgulad\u0131.<\/p>\n<p>Cemal S\u00fcreya Park\u0131\u2019nda 14 g\u00fcnd\u00fcr gece g\u00fcnd\u00fcz n\u00f6bet tutan k\u00f6yl\u00fcler, kanun teklifinin hayat alanlar\u0131n\u0131 yok edece\u011fini belirterek, \u00e7abalar\u0131n\u0131 a\u00e7l\u0131k greviyle s\u00fcrd\u00fcreceklerini duyurdu.<\/p>\n<p>Grup ismine konu\u015fan Esra I\u015f\u0131k, \u201cBu yasa geri \u00e7ekilene kadar a\u00e7l\u0131k vazifesindeyiz. Bizi g\u00f6z nazaran g\u00f6re \u00f6ld\u00fcrecekseniz kendiniz bilirsiniz. \u2018Biz bu topraklar i\u00e7in \u00f6l\u00fcr\u00fcz de d\u00f6nmeyiz\u2019 demi\u015ftik. \u2018\u00d6lmek var, d\u00f6nmek yok\u2019 dedik. D\u00f6nm\u00fcyoruz!\u201d dedi.<\/p>\n<p>I\u015f\u0131k, konu\u015fmas\u0131nda \u015funlar\u0131 s\u00f6yledi: \u201cHer \u015feyimizi feda ettik. Meskende hamile ine\u011fimizi, ailelerimizi, topraklar\u0131m\u0131z\u0131 b\u0131rakt\u0131k lakin bizi ne g\u00f6rd\u00fcn\u00fcz ne duydunuz. Bu yasa, bizim vefat ferman\u0131m\u0131zd\u0131r. Herkes bilsin, bu yasa ge\u00e7erse biz yok oluruz, \u00fcretim yok olur, toprak yok olur, \u00f6m\u00fcr yok olur.\u201d,<\/p>\n<p><img decoding=\"async\" src=\"https:\/\/ikimisli.tr\/wp-content\/uploads\/2025\/07\/koyluler-aclik-grevi-baslatti-ataturkun-meclisinde-bizim-adimiza-karar-veremezsiniz-0-64AahE3U.jpg\"\/><\/p>\n<p><b>&#8216;ATAT\u00dcRK&#8217;\u00dcN MECL\u0130S\u0130&#8217;NDE B\u0130Z\u0130M \u0130SM\u0130M\u0130ZE KARAR VEREMEZS\u0130N\u0130Z&#8217;<\/b><\/p>\n<p>K\u00f6yl\u00fclerden Ayi\u015fe G\u00fcnay, \u201cAtat\u00fcrk\u2019\u00fcn Meclisi\u2019nde, halk\u0131n Meclisi\u2019nde siz bizim ismimize karar veremezsiniz. \u00d6m\u00fcr hakk\u0131m\u0131z\u0131 elimizden alamazs\u0131n\u0131z. Bu maddeyi ge\u00e7irtmiyoruz, m\u00fcsaade vermiyoruz. Maddeyi geri \u00e7ekmezseniz, bu saatten sonra yemiyoruz, i\u00e7miyoruz\u201d diyerek reaksiyonunu lisana getirdi.Nejla I\u015f\u0131k ise, \u201cBir ayd\u0131r hayk\u0131r\u0131yoruz lakin o kulaklar bizi ne duydu ne g\u00f6rd\u00fc. Zeytinimiz, topra\u011f\u0131m\u0131z elimizden gidecek. Siz bize \u2018\u00f6l\u00fcn\u2019 diyorsunuz. Biz de diyoruz ki, \u2018A\u00e7l\u0131k grevine giriyoruz\u2019\u201d kelamlar\u0131yla gayret kararl\u0131l\u0131klar\u0131n\u0131 s\u00f6z etti.K\u00f6yl\u00fcler, kanun teklifinin geri \u00e7ekilmesi talebiyle n\u00f6betlerine ve a\u00e7l\u0131k grevine devam edeceklerini belirtti.<\/p>\n","protected":false},"excerpt":{"rendered":"<p>Zeytinliklerin madencilik faaliyetine a\u00e7\u0131lmas\u0131n\u0131 \u00f6ng\u00f6ren kanun teklifine kar\u015f\u0131 Ankara\u2019da iki haftad\u0131r n\u00f6bet tutan k\u00f6yl\u00fcler, seslerinin duyulmamas\u0131 \u00fczerine a\u00e7l\u0131k grevi ba\u015flatma karar\u0131 ald\u0131.<\/p>\n","protected":false},"author":1,"featured_media":56470,"comment_status":"open","ping_status":"open","sticky":false,"template":"","format":"standard","meta":{"footnotes":""},"categories":[25],"tags":[2802,154],"class_list":["post-56469","post","type-post","status-publish","format-standard","has-post-thumbnail","hentry","category-gundem","tag-bizi","tag-yasa"],"_links":{"self":[{"href":"https:\/\/ikimisli.tr\/index.php\/wp-json\/wp\/v2\/posts\/56469","targetHints":{"allow":["GET"]}}],"collection":[{"href":"https:\/\/ikimisli.tr\/index.php\/wp-json\/wp\/v2\/posts"}],"about":[{"href":"https:\/\/ikimisli.tr\/index.php\/wp-json\/wp\/v2\/types\/post"}],"author":[{"embeddable":true,"href":"https:\/\/ikimisli.tr\/index.php\/wp-json\/wp\/v2\/users\/1"}],"replies":[{"embeddable":true,"href":"https:\/\/ikimisli.tr\/index.php\/wp-json\/wp\/v2\/comments?post=56469"}],"version-history":[{"count":1,"href":"https:\/\/ikimisli.tr\/index.php\/wp-json\/wp\/v2\/posts\/56469\/revisions"}],"predecessor-version":[{"id":56472,"href":"https:\/\/ikimisli.tr\/index.php\/wp-json\/wp\/v2\/posts\/56469\/revisions\/56472"}],"wp:featuredmedia":[{"embeddable":true,"href":"https:\/\/ikimisli.tr\/index.php\/wp-json\/wp\/v2\/media\/56470"}],"wp:attachment":[{"href":"https:\/\/ikimisli.tr\/index.php\/wp-json\/wp\/v2\/media?parent=56469"}],"wp:term":[{"taxonomy":"category","embeddable":true,"href":"https:\/\/ikimisli.tr\/index.php\/wp-json\/wp\/v2\/categories?post=56469"},{"taxonomy":"post_tag","embeddable":true,"href":"https:\/\/ikimisli.tr\/index.php\/wp-json\/wp\/v2\/tags?post=56469"}],"curies":[{"name":"wp","href":"https:\/\/api.w.org\/{rel}","templated":true}]}}