{"id":56541,"date":"2025-07-17T17:35:55","date_gmt":"2025-07-17T17:35:55","guid":{"rendered":"https:\/\/ikimisli.tr\/?p=56541"},"modified":"2025-07-17T17:35:55","modified_gmt":"2025-07-17T17:35:55","slug":"zorunlu-lise-egitimi-2-yila-mi-dusecek-bakan-tekinden-aciklama","status":"publish","type":"post","link":"https:\/\/ikimisli.tr\/index.php\/2025\/07\/17\/zorunlu-lise-egitimi-2-yila-mi-dusecek-bakan-tekinden-aciklama\/","title":{"rendered":"Zorunlu lise e\u011fitimi 2 y\u0131la m\u0131 d\u00fc\u015fecek? Bakan Tekin&#8217;den a\u00e7\u0131klama"},"content":{"rendered":"<p>Milli E\u011fitim Bakan\u0131 Yusuf Tekin, TRT Haber&#8217;de g\u00fcndemi k\u0131ymetlendirdi. Bakan Tekin, Memur-Sen ve E\u011fitim-Bir-Sen taraf\u0131ndan yap\u0131lan ara\u015ft\u0131rmada lise e\u011fitiminin 3+1 ya da 2+2 modeline y\u00f6nelik g\u00f6r\u00fc\u015fler \u00e7\u0131kmas\u0131n\u0131n akabinde ba\u015flayan tart\u0131\u015fmalara ait konu\u015ftu.<\/p>\n<p>Tekin moderat\u00f6r\u00fcn, 4 y\u0131ll\u0131k zarur\u00ee lise e\u011fitim m\u00fcddetinin k\u0131sal\u0131p k\u0131salmayaca\u011f\u0131 ile ilgili sorusuna &#8220;Kamuoyunda bir talep olursa biz de ilgili birimlerimizle birlikte de\u011ferlendiririz&#8221; kar\u015f\u0131l\u0131\u011f\u0131n\u0131 verdi.<\/p>\n<p>12 y\u0131ll\u0131k mecbur\u00ee e\u011fitimin (4+4+4 sistemi) tart\u0131\u015fmaya a\u00e7\u0131k oldu\u011funu belirten Tekin, kelamlar\u0131n\u0131 \u015f\u00f6yle s\u00fcrd\u00fcrd\u00fc:<\/p>\n<p>&#8220;Arkada\u015flar\u0131m\u0131z bu mevzuyu pahaland\u0131r\u0131yor. Akademisyenler, STK&#8217;lar, i\u015f d\u00fcnyas\u0131 bir\u00e7ok a\u00e7\u0131klama yapt\u0131. Bu yaln\u0131zca bakanl\u0131k olarak bizim verebilece\u011fimiz bir karar de\u011fil. Bunun i\u00e7in bir yasal metin gerekiyor. Ferdi olarak bakt\u0131\u011f\u0131m\u0131zda, teknoloji \u00e7a\u011f\u0131nda zarur\u00ee e\u011fitimin T\u00fcrkiye&#8217;de bir t\u0131k fazla oldu\u011funu s\u00f6yleyebilirim. Biz tart\u0131\u015fmalar\u0131 k\u0131ymetlendiriyor, alternatif teklifleri g\u00f6zden ge\u00e7iriyoruz.&#8221;<\/p>\n<p><img decoding=\"async\" src=\"https:\/\/ikimisli.tr\/wp-content\/uploads\/2025\/07\/zorunlu-lise-egitimi-2-yila-mi-dusecek-bakan-tekinden-aciklama-0-qvFjuqIt.jpg\"\/><\/p>\n<p><b>&#8216;LSG&#8217;DE \u015eA\u0130BE&#8217; \u0130DD\u0130ALARI<\/b><\/p>\n<p>Bakan Tekin, LGS soru kitap\u00e7\u0131klar\u0131n\u0131n erken payla\u015f\u0131ld\u0131\u011f\u0131 savlar\u0131na da cevap verdi.<\/p>\n<p>Tekin, oturumun 10.45\u2019te tamamland\u0131\u011f\u0131n\u0131 ve tez edilen PDF payla\u015f\u0131m\u0131n\u0131n saat 11.57\u2019de ger\u00e7ekle\u015fti\u011fini ve ilgili PDF&#8217;i payla\u015ft\u0131\u011f\u0131 sav edilen ilgili y\u00f6netimci hakk\u0131nda soru\u015fturma ba\u015flat\u0131ld\u0131\u011f\u0131n\u0131 s\u00f6yledi.<\/p>\n<p>Tekin, &#8220;bir vilayetten 480 \u00f6\u011frenci LGS birincisi oldu&#8221; arg\u00fcmanlar\u0131na ait \u015funlar\u0131 s\u00f6yledi:<\/p>\n<p>&#8220;Bir vilayetten 480 tane birinci \u00e7\u0131kt\u0131&#8217; deniyor. \u0130stanbul&#8217;da 163 \u00f6\u011frencimiz var tam puan alan. Bahsedildi\u011fi \u00fczere &#8216;Anadolu&#8217;da 480 \u00f6\u011frenci b\u00fct\u00fcn sorular\u0131 ger\u00e7ek yapt\u0131&#8217; bilgisi palavra, yanl\u0131\u015f bilgi. <\/p>\n<p>Yar\u0131\u015flara girilmesini yanl\u0131\u015fs\u0131z bulmuyorum. Art\u0131k savlar farkl\u0131 bir noktaya gidince bu bilgileri payla\u015f\u0131yoruz.<\/p>\n<p>719 \u00f6\u011frenci i\u00e7inde 63 tanesi imam hatip okullar\u0131ndan mezun, kalan\u0131 ba\u015fka orta okullar\u0131m\u0131zdan mezun.&#8221;<\/p>\n<p><img decoding=\"async\" src=\"https:\/\/ikimisli.tr\/wp-content\/uploads\/2025\/07\/zorunlu-lise-egitimi-2-yila-mi-dusecek-bakan-tekinden-aciklama-1-hfvE6X7m.jpg\"\/><\/p>\n<p><b>&#8216;719 \u00d6\u011eRENC\u0130N\u0130N T\u00dcM SORULARI YANLI\u015eSIZ YANITLAMASI SA\u011eLIKLI B\u0130R DURUM&#8217;<\/b><\/p>\n<p>Tekin \u015funlar\u0131 s\u00f6yledi:<\/p>\n<p>&#8220;Girdi\u011fim her ortamda \u00f6\u011frenciler bana te\u015fekk\u00fcr ediyorlar &#8216;LGS kolayd\u0131&#8217; diye. \u00d6\u011fretmenlerimiz &#8216;Bizim anlatt\u0131klar\u0131m\u0131zdand\u0131&#8217; diyor. Birisi \u00e7\u0131k\u0131yor ve genelleme yap\u0131yor. Bakanl\u0131\u011f\u0131m\u0131z\u0131n uygulad\u0131\u011f\u0131 siyasetlerin ba\u015far\u0131l\u0131 oldu\u011funun g\u00f6stergesidir bu. \u00c7ocuklar\u0131n d\u00fczeylerine uygun sorular\u0131n soruldu\u011funu g\u00f6r\u00fcyoruz. 719 \u00f6\u011frencimizin t\u00fcm sorular\u0131 yanl\u0131\u015fs\u0131z yan\u0131tlamas\u0131 sa\u011fl\u0131kl\u0131 bir durum.&#8221;<\/p>\n<p><b><span>ARA\u015eTIRMADA HANG\u0130 SONU\u00c7LAR \u00c7IKMI\u015eTI?<\/span><\/b><\/p>\n<p>Memur-Sen ve E\u011fitim-Bir-Sen, T\u00fcrkiye\u2019de 2012 y\u0131l\u0131ndan itibaren uygulanan 4+4+4 zarur\u00ee e\u011fitim sistemine y\u00f6nelik mevcut durumu pahaland\u0131rmak ve geli\u015ftirilmesi gereken istikametleri ortaya koymak maksad\u0131yla \u00f6\u011fretmen, okul y\u00f6neticisi, lise \u00f6\u011frencisi ve velilerden olu\u015fan 36 binden fazla i\u015ftirak\u00e7iyle y\u00fcr\u00fctt\u00fckleri saha ara\u015ft\u0131rmas\u0131n\u0131n sonu\u00e7lar\u0131n\u0131 a\u00e7\u0131klam\u0131\u015ft\u0131.<\/p>\n<p>Sonu\u00e7lara nazaran lise e\u011fitiminin m\u00fcddetine ait son 4 y\u0131l\u0131n 2+2 halinde, yani 2 y\u0131l mecbur\u00ee 2 y\u0131l iste\u011fe ba\u011fl\u0131 ya da 3 y\u0131l zarur\u00ee 1 y\u0131l iste\u011fe ba\u011fl\u0131 olmak \u00fczere se\u00e7enekler \u00f6ne \u00e7\u0131km\u0131\u015ft\u0131.<\/p>\n","protected":false},"excerpt":{"rendered":"<p>Milli E\u011fitim Bakan\u0131 Yusuf Tekin, zorunlu lise e\u011fitiminin 4 y\u0131ldan 3 ya da 2 y\u0131la d\u00fc\u015f\u00fcr\u00fclmesiyle ilgili tezlere ait a\u00e7\u0131klamada bulundu. Tekin, kelam konusu de\u011fi\u015fikli\u011fin kamuoyunda talep olu\u015fmas\u0131 halinde de\u011ferlendirilebilece\u011fini tabir etti.<\/p>\n","protected":false},"author":1,"featured_media":56542,"comment_status":"open","ping_status":"open","sticky":false,"template":"","format":"standard","meta":{"footnotes":""},"categories":[25],"tags":[1328,806,658,425,4343],"class_list":["post-56541","post","type-post","status-publish","format-standard","has-post-thumbnail","hentry","category-gundem","tag-egitim","tag-iddia","tag-ogrenci","tag-soru","tag-zorunlu"],"_links":{"self":[{"href":"https:\/\/ikimisli.tr\/index.php\/wp-json\/wp\/v2\/posts\/56541","targetHints":{"allow":["GET"]}}],"collection":[{"href":"https:\/\/ikimisli.tr\/index.php\/wp-json\/wp\/v2\/posts"}],"about":[{"href":"https:\/\/ikimisli.tr\/index.php\/wp-json\/wp\/v2\/types\/post"}],"author":[{"embeddable":true,"href":"https:\/\/ikimisli.tr\/index.php\/wp-json\/wp\/v2\/users\/1"}],"replies":[{"embeddable":true,"href":"https:\/\/ikimisli.tr\/index.php\/wp-json\/wp\/v2\/comments?post=56541"}],"version-history":[{"count":1,"href":"https:\/\/ikimisli.tr\/index.php\/wp-json\/wp\/v2\/posts\/56541\/revisions"}],"predecessor-version":[{"id":56545,"href":"https:\/\/ikimisli.tr\/index.php\/wp-json\/wp\/v2\/posts\/56541\/revisions\/56545"}],"wp:featuredmedia":[{"embeddable":true,"href":"https:\/\/ikimisli.tr\/index.php\/wp-json\/wp\/v2\/media\/56542"}],"wp:attachment":[{"href":"https:\/\/ikimisli.tr\/index.php\/wp-json\/wp\/v2\/media?parent=56541"}],"wp:term":[{"taxonomy":"category","embeddable":true,"href":"https:\/\/ikimisli.tr\/index.php\/wp-json\/wp\/v2\/categories?post=56541"},{"taxonomy":"post_tag","embeddable":true,"href":"https:\/\/ikimisli.tr\/index.php\/wp-json\/wp\/v2\/tags?post=56541"}],"curies":[{"name":"wp","href":"https:\/\/api.w.org\/{rel}","templated":true}]}}