{"id":56638,"date":"2025-07-17T22:59:53","date_gmt":"2025-07-17T22:59:53","guid":{"rendered":"https:\/\/ikimisli.tr\/?p=56638"},"modified":"2025-07-17T22:59:53","modified_gmt":"2025-07-17T22:59:53","slug":"diyanetin-lebi-derya-tesisi-milyara-cikacak","status":"publish","type":"post","link":"https:\/\/ikimisli.tr\/index.php\/2025\/07\/17\/diyanetin-lebi-derya-tesisi-milyara-cikacak\/","title":{"rendered":"Diyanet\u2019in lebi derya tesisi milyara \u00e7\u0131kacak"},"content":{"rendered":"<p>Diyanet \u0130\u015fleri Ba\u015fkanl\u0131\u011f\u0131, dev bir \u201cDini \u0130htisas Merkezi\u201d kuruyor. \u0130\u00e7erisinde lojman, yurt, \u00e7ok gayeli salonlar ve idari binalar olacak ve 30 bin metrekarelik yani 4 futbol alan\u0131 b\u00fcy\u00fckl\u00fc\u011f\u00fcnde alana yap\u0131lacak tesis, Ordu\u2019da denize s\u0131f\u0131r olarak in\u015fa edilecek. \u0130hale s\u00fcreci ba\u015flat\u0131l\u0131rken, hala 40 kadar Dini \u0130htisas Merkezi olan Diyanet, yeni kompleksin \u00fcretimi i\u00e7in en az bir milyar lira harcayacak. Merkezin 2027 sonuna kadar tamamlanmas\u0131 planlan\u0131yor.<\/p>\n<p>Tasarruf \u00d6nlemleri genelgesini de delen Diyanet, Ordu B\u00fcy\u00fck\u015fehir Belediyesi arac\u0131l\u0131\u011f\u0131yla yapt\u0131raca\u011f\u0131 \u201cDiyanet Akademisi Dini \u0130htisas Merkezi\u201d i\u00e7in 22 Temmuz 2025\u2019te ihale d\u00fczenleyecek. Dev kompleks Alt\u0131nordu b\u00f6lgesindeki k\u0131y\u0131 \u015feridinde ve denize s\u0131f\u0131r olarak in\u015fa edilecek. Tesisin yap\u0131laca\u011f\u0131 arsa tapu kay\u0131tlar\u0131nda \u201cTarla, a\u011fa\u00e7l\u0131k ve sahil\u2019\u2019 olarak g\u00f6r\u00fcl\u00fcyor.<\/p>\n<p><img decoding=\"async\" src=\"https:\/\/ikimisli.tr\/wp-content\/uploads\/2025\/07\/diyanetin-lebi-derya-tesisi-milyara-cikacak-0-wfqvdy8p.jpg\"\/><\/p>\n<p>ORDU\u2019DAK\u0130 D\u0130N\u0130 \u0130HT\u0130SAS MERKEZ\u0130 \u0130\u00c7\u0130N \u0130HALE YAPILACAK<\/p>\n<p><strong>B\u0130RDEN \u00c7OK \u0130HALE<\/strong><\/p>\n<p>Tesisin \u00fcretimi hedefiyle birden fazla ihale d\u00fczenlenecek. Birinci ihalede yakla\u015f\u0131k maliyet 253 milyon TL olarak belirlendi. 2027\u2019ye kadar yap\u0131lacak ihalelerde Diyanet\u2019in kasas\u0131ndan en az bir milyar lira \u00e7\u0131kacak. Son yap\u0131lan tesislerden Elaz\u0131\u011f Milletleraras\u0131 Harput Diyanet K\u00fclliyesi 2022\u2019de 103 milyon liraya mal olmu\u015ftu. Bodrum G\u00f6kova\u2019daki tesis i\u00e7in de 2020\u2019de 100 milyon lira harcand\u0131.<\/p>\n","protected":false},"excerpt":{"rendered":"<p>\u0130\u00e7inde lojman, yurt, \u00e7ok gayeli salonlar ve idari binalar bulunan kompleksin \u00fcretimi i\u00e7in Diyanet, en az bir milyar lira harcayacak.<\/p>\n","protected":false},"author":1,"featured_media":56639,"comment_status":"open","ping_status":"open","sticky":false,"template":"","format":"standard","meta":{"footnotes":""},"categories":[25],"tags":[401,206,1536,1576],"class_list":["post-56638","post","type-post","status-publish","format-standard","has-post-thumbnail","hentry","category-gundem","tag-diyanet","tag-ihale","tag-merkezi","tag-tesis"],"_links":{"self":[{"href":"https:\/\/ikimisli.tr\/index.php\/wp-json\/wp\/v2\/posts\/56638","targetHints":{"allow":["GET"]}}],"collection":[{"href":"https:\/\/ikimisli.tr\/index.php\/wp-json\/wp\/v2\/posts"}],"about":[{"href":"https:\/\/ikimisli.tr\/index.php\/wp-json\/wp\/v2\/types\/post"}],"author":[{"embeddable":true,"href":"https:\/\/ikimisli.tr\/index.php\/wp-json\/wp\/v2\/users\/1"}],"replies":[{"embeddable":true,"href":"https:\/\/ikimisli.tr\/index.php\/wp-json\/wp\/v2\/comments?post=56638"}],"version-history":[{"count":1,"href":"https:\/\/ikimisli.tr\/index.php\/wp-json\/wp\/v2\/posts\/56638\/revisions"}],"predecessor-version":[{"id":56641,"href":"https:\/\/ikimisli.tr\/index.php\/wp-json\/wp\/v2\/posts\/56638\/revisions\/56641"}],"wp:featuredmedia":[{"embeddable":true,"href":"https:\/\/ikimisli.tr\/index.php\/wp-json\/wp\/v2\/media\/56639"}],"wp:attachment":[{"href":"https:\/\/ikimisli.tr\/index.php\/wp-json\/wp\/v2\/media?parent=56638"}],"wp:term":[{"taxonomy":"category","embeddable":true,"href":"https:\/\/ikimisli.tr\/index.php\/wp-json\/wp\/v2\/categories?post=56638"},{"taxonomy":"post_tag","embeddable":true,"href":"https:\/\/ikimisli.tr\/index.php\/wp-json\/wp\/v2\/tags?post=56638"}],"curies":[{"name":"wp","href":"https:\/\/api.w.org\/{rel}","templated":true}]}}