{"id":56649,"date":"2025-07-17T23:35:51","date_gmt":"2025-07-17T23:35:51","guid":{"rendered":"https:\/\/ikimisli.tr\/?p=56649"},"modified":"2025-07-17T23:35:51","modified_gmt":"2025-07-17T23:35:51","slug":"insanlik-kayiplarda","status":"publish","type":"post","link":"https:\/\/ikimisli.tr\/index.php\/2025\/07\/17\/insanlik-kayiplarda\/","title":{"rendered":"\u0130nsanl\u0131k kay\u0131plarda"},"content":{"rendered":"<p><strong><em>G\u00fclnur SAYDAM<\/em><\/strong><\/p>\n<p>6 \u015eubat zelzelelerinin \u00fczerinden 2.5 y\u0131l ge\u00e7ti fakat enkaz alt\u0131ndan \u00e7\u0131kmayan ve hi\u00e7bir yerde bulunamayan kimi \u00e7ocuk kimi gen\u00e7 kimi ya\u015fl\u0131 onlarca ki\u015fi var. Bir\u00e7ok sefer Meclis\u2019te ara\u015ft\u0131r\u0131lmas\u0131 i\u00e7in soru \u00f6nergesi verilen bu hayati mevzu AKP ve MHP oylar\u0131yla reddedildi. Kay\u0131p yak\u0131nlar\u0131 tekraren Ankara\u2019ya gidip yetkililerle g\u00f6r\u00fc\u015fmeye \u00e7al\u0131\u015ft\u0131. Bazen dinleyen olsa da bir\u00e7ok vakit kap\u0131lar y\u00fczlerine kapand\u0131. Yetmezmi\u015f \u00fczere Aile ve Sosyal Hizmetler Bakan\u0131 Mahinur \u00d6zdemir G\u00f6kta\u015f, \u201cDepremde bir \u00e7ocuk dahi kaybolmam\u0131\u015ft\u0131r\u201d a\u00e7\u0131klamas\u0131 yapt\u0131. Ailelerin ise \u0131st\u0131raptan ci\u011ferleri delindik\u00e7e delindi.<\/p>\n<p><strong>DNA \u0130LE TESP\u0130T ED\u0130L\u0130YOR<\/strong><\/p>\n<p>Aile Bakanl\u0131\u011f\u0131 yok saysa da resmi say\u0131lara nazaran; yak\u0131nlar\u0131n bildirdi\u011fi 142 ki\u015fi 6 \u015eubat zelzeleleri sonras\u0131 kayboldu. Kay\u0131p Ofis Amirli\u011findeki alb\u00fcmlerde de 16 bin kimli\u011fi belgisiz cenazenin foto\u011fraf\u0131 yer al\u0131yor.<\/p>\n<p>Hatay Cumhuriyet Ba\u015fsavc\u0131l\u0131\u011f\u0131 16 bin cenaze i\u00e7inden 20\u2019ye yak\u0131n cenazeyi DNA taramas\u0131 ile yak\u0131n ailelerine teslim edebildi. Yak\u0131nlar\u0131na teslim edilen cenazelerin art\u0131k bir mezarl\u0131\u011f\u0131 bulunuyor.<\/p>\n<p><strong>ORGAN MAFYASI \u015e\u00dcPHES\u0130<\/strong><\/p>\n<p>Ailelerin akl\u0131ndan \u00e7\u0131kmayan bir \u00f6teki bahis ise organ mafyas\u0131. Interpol\u2019\u00fcn k\u0131rm\u0131z\u0131 b\u00fcltenle arad\u0131\u011f\u0131 organ ka\u00e7ak\u00e7\u0131s\u0131 \u0130srailli Boris Wolfman\u2019\u0131n eski \u015firketinin deprem b\u00f6lgesinde sahra hastanesi kurdu\u011fu ortaya \u00e7\u0131km\u0131\u015ft\u0131. Rabin Medical isimli \u015firketin, \u0130srail Devlet Bakanl\u0131\u011f\u0131 taraf\u0131ndan Boris Wolfman ve organ \u00e7etesi ortaklar\u0131n\u0131n faaliyet g\u00f6sterdi\u011fi hastane olarak kay\u0131tlarda yer al\u0131yor. Bu nedenle kay\u0131p yak\u0131nlar\u0131, organ mafyas\u0131 ihtimalinin de hemen ara\u015ft\u0131r\u0131lmas\u0131n\u0131 istiyor.<\/p>\n<p><b><span>Acilen \u2018Do\u011fal Afet Bakanl\u0131\u011f\u0131\u2019 kurulmal\u0131<\/span><\/b><\/p>\n<p>Deprem Ma\u011fdurlar\u0131 ve Kay\u0131p Yak\u0131nlar\u0131 Derne\u011fi (DEMAK) Ba\u015fkan\u0131 Selahattin Kaban; S\u00d6ZC\u00dc\u2019ye konu\u015ftu: \u201cDeprem, sel, yang\u0131nlar \u00fczere daima afetlerle sava\u015f veren bir \u00fclkeyiz. \u2018Do\u011fal Afet Bakanl\u0131\u011f\u0131\u2019 kurulmas\u0131 acil ve de\u011ferli. Ve bu ba\u011f\u0131ms\u0131z bir yap\u0131 olmal\u0131. Tecr\u00fcbeli ve donan\u0131ml\u0131 i\u015f\u00e7inin \u00e7al\u0131\u015fmas\u0131 laz\u0131m. Dernek olarak gayret etmek yetmiyor.\u201d<\/p>\n","protected":false},"excerpt":{"rendered":"<p>Meyyit ya da canl\u0131 hi\u00e7bir iz yok, aileler 2.5 y\u0131ld\u0131r cehennemi ya\u015f\u0131yor. \u00d6nergeler reddediliyor, politikler g\u00f6rmezden geliyor. Kimli\u011fi belgisiz 16 bin naa\u015f\u0131n da ailesi bir t\u00fcrl\u00fc bulunam\u0131yor<\/p>\n","protected":false},"author":1,"featured_media":56650,"comment_status":"open","ping_status":"open","sticky":false,"template":"","format":"standard","meta":{"footnotes":""},"categories":[25],"tags":[87,285,2140,4448],"class_list":["post-56649","post","type-post","status-publish","format-standard","has-post-thumbnail","hentry","category-gundem","tag-aile","tag-deprem","tag-organ","tag-yakinlari"],"_links":{"self":[{"href":"https:\/\/ikimisli.tr\/index.php\/wp-json\/wp\/v2\/posts\/56649","targetHints":{"allow":["GET"]}}],"collection":[{"href":"https:\/\/ikimisli.tr\/index.php\/wp-json\/wp\/v2\/posts"}],"about":[{"href":"https:\/\/ikimisli.tr\/index.php\/wp-json\/wp\/v2\/types\/post"}],"author":[{"embeddable":true,"href":"https:\/\/ikimisli.tr\/index.php\/wp-json\/wp\/v2\/users\/1"}],"replies":[{"embeddable":true,"href":"https:\/\/ikimisli.tr\/index.php\/wp-json\/wp\/v2\/comments?post=56649"}],"version-history":[{"count":1,"href":"https:\/\/ikimisli.tr\/index.php\/wp-json\/wp\/v2\/posts\/56649\/revisions"}],"predecessor-version":[{"id":56651,"href":"https:\/\/ikimisli.tr\/index.php\/wp-json\/wp\/v2\/posts\/56649\/revisions\/56651"}],"wp:featuredmedia":[{"embeddable":true,"href":"https:\/\/ikimisli.tr\/index.php\/wp-json\/wp\/v2\/media\/56650"}],"wp:attachment":[{"href":"https:\/\/ikimisli.tr\/index.php\/wp-json\/wp\/v2\/media?parent=56649"}],"wp:term":[{"taxonomy":"category","embeddable":true,"href":"https:\/\/ikimisli.tr\/index.php\/wp-json\/wp\/v2\/categories?post=56649"},{"taxonomy":"post_tag","embeddable":true,"href":"https:\/\/ikimisli.tr\/index.php\/wp-json\/wp\/v2\/tags?post=56649"}],"curies":[{"name":"wp","href":"https:\/\/api.w.org\/{rel}","templated":true}]}}