{"id":56674,"date":"2025-07-18T00:59:52","date_gmt":"2025-07-18T00:59:52","guid":{"rendered":"https:\/\/ikimisli.tr\/?p=56674"},"modified":"2025-07-18T00:59:52","modified_gmt":"2025-07-18T00:59:52","slug":"televizyona-cikip-konustu-supheleri-daha-da-artirdi","status":"publish","type":"post","link":"https:\/\/ikimisli.tr\/index.php\/2025\/07\/18\/televizyona-cikip-konustu-supheleri-daha-da-artirdi\/","title":{"rendered":"Televizyona \u00e7\u0131k\u0131p konu\u015ftu \u015f\u00fcpheleri daha da art\u0131rd\u0131"},"content":{"rendered":"<p>&#8220;S\u0131nav g\u00fcvenli\u011fi risk alt\u0131nda de\u011fil&#8221; dedi, 29 ki\u015fi hakk\u0131nda soru\u015fturma ba\u015flatt\u0131<\/p>\n<p>LGS kitap\u00e7\u0131klar\u0131n\u0131n imtihandan k\u0131sa m\u00fchlet sonra s\u0131zd\u0131r\u0131ld\u0131\u011f\u0131 savlar\u0131na ait konu\u015fan Bakan Tekin, iddialar\u0131 yalanlayarak \u015fu s\u00f6zleri kulland\u0131:<\/p>\n<p>\u201cS\u00f6zel oturum 10.45\u2019te bitti. 11.57\u2019de bir PDF payla\u015f\u0131m\u0131 yap\u0131lm\u0131\u015f. Bu bizim yepyeni PDF\u2019imiz de\u011fil. Kitap\u00e7\u0131\u011f\u0131n erken payla\u015f\u0131ld\u0131\u011f\u0131 arg\u00fcman\u0131 ger\u00e7ek de\u011fil. \u0130mtihan g\u00fcvenli\u011fini tehlikeye atacak bir durum yok. \u0130mgeyi payla\u015fan \u015fah\u0131sla ilgili gerekli soru\u015fturma ba\u015flat\u0131ld\u0131.\u201d<\/p>\n<p>Ancak t\u0131pk\u0131 a\u00e7\u0131klamada, olayla temasl\u0131 olarak 29 ki\u015fi hakk\u0131nda inceleme ba\u015flat\u0131ld\u0131\u011f\u0131n\u0131 belirtmesi dikkat \u00e7ekti.<\/p>\n<p><b>&#8220;Bir arkada\u015f\u0131m\u0131z nas\u0131l olduysa cep telefonuyla girmi\u015f&#8221;<\/b><\/p>\n<p>Soru g\u00fcvenli\u011fine ait k\u0131ymetli bir ayr\u0131nt\u0131 da imtihan sorular\u0131n\u0131n haz\u0131rland\u0131\u011f\u0131 izole ortamla ilgiliydi. Tekin, soru haz\u0131rlama merkezinin sinyal kesicilerle korundu\u011funu, d\u0131\u015far\u0131ya bilgi s\u0131zd\u0131r\u0131lamayacak bi\u00e7imde g\u00fcvenlik tedbirleri al\u0131nd\u0131\u011f\u0131n\u0131 s\u00f6z etti. Lakin ard\u0131ndan gelen \u015fu s\u00f6zleri yeni bir tart\u0131\u015fmay\u0131 ba\u015flatt\u0131:<\/p>\n<p>\u201cHer t\u00fcrl\u00fc manzara al\u0131nabilecek ayg\u0131t\u0131n giri\u015fine m\u00fcsaade verilmiyor. Fakat bir arkada\u015f\u0131m\u0131z nas\u0131l olduysa cep telefonuyla girmi\u015f. Soru\u015fturman\u0131n sonunda ayr\u0131nt\u0131lar netle\u015fecek.\u201d<\/p>\n<p><b>&#8220;\u0130mam Hatip okullar\u0131ndan 63 birinci \u00e7\u0131kt\u0131&#8221;<\/b><\/p>\n<p>LGS birincilerinin e\u011fitim ge\u00e7mi\u015fine dair a\u00e7\u0131klamalarda bulunan Tekin, 719 tam puan alan \u00f6\u011frenciden 63\u2019\u00fcn\u00fcn imam hatip ortaokullar\u0131ndan mezun oldu\u011funu s\u00f6yledi. Bahse ait tenkitlere kar\u015f\u0131 ise \u015fu tabirleri kulland\u0131:<\/p>\n<p>\u201cBize direkt sorulsa, ger\u00e7ek bilgiyi payla\u015f\u0131r\u0131z. Lakin toplumsal medyada \u00f6nerge payla\u015f\u0131m\u0131 \u00fczerinden alg\u0131 olu\u015fturmak ger\u00e7ek de\u011fil. Hele ki 15 Temmuz\u2019un y\u0131l d\u00f6n\u00fcm\u00fcnde, imtihanlar \u00fczerinden bu halde tart\u0131\u015fmalar a\u00e7\u0131lmas\u0131 \u00e7ok yanl\u0131\u015f.\u201d<\/p>\n<p><b>&#8220;719 birinci olmas\u0131 pek ola\u011fan&#8221;<\/b><\/p>\n<p>719 \u00f6\u011frencinin t\u00fcm sorular\u0131 hakikat yan\u0131tlamas\u0131 birtak\u0131m b\u00f6l\u00fcmlerde ku\u015fku uyand\u0131r\u0131rken, Bakan Tekin bu durumu ola\u011fan kar\u015f\u0131lad\u0131\u011f\u0131n\u0131 vurgulad\u0131:<\/p>\n<p>\u201cHer ortamda s\u00f6yl\u00fcyorum; ders kitaplar\u0131 kafidir. Bu muvaffakiyet, \u00f6\u011frencilerin d\u00fczeylerine uygun sorular haz\u0131rlanmas\u0131n\u0131n sonucudur. Ge\u00e7ti\u011fimiz y\u0131l 413, 2023\u2019te 532 \u00f6\u011frenci tam puan ald\u0131. Bu y\u0131lki art\u0131\u015f, \u00f6\u011fretmenlerimizin ve e\u011fitim sistemimizin muvaffakiyetini yans\u0131t\u0131yor.\u201d<\/p>\n","protected":false},"excerpt":{"rendered":"<p>Liselere Ge\u00e7i\u015f S\u0131nav\u0131 (LGS) sonu\u00e7lar\u0131n\u0131n akabinde kamuoyunda artan reaksiyonlara cevap veren Milli E\u011fitim Bakan\u0131 Yusuf Tekin, TRT Haber canl\u0131 yay\u0131n\u0131nda dikkat \u00e7eken a\u00e7\u0131klamalarda bulundu. 719 \u00f6\u011frencinin t\u00fcm sorular\u0131 ger\u00e7ek yan\u0131tlamas\u0131n\u0131 &#8220;normal&#8221; olarak k\u0131ymetlendiren Tekin, 29 ki\u015fi hakk\u0131nda soru\u015fturma ba\u015flat\u0131ld\u0131\u011f\u0131n\u0131 duyurdu. Lakin a\u00e7\u0131klamalar\u0131ndaki \u00e7eli\u015fkiler, kamuoyundaki ku\u015fkular\u0131 daha da art\u0131rd\u0131. Tekin, sorular\u0131n haz\u0131rland\u0131\u011f\u0131 \u00d6SYM merkezi i\u00e7in de &#8220;Bir arkada\u015f\u0131m\u0131z nas\u0131l olduysa cep telefonuyla girm<\/p>\n","protected":false},"author":1,"featured_media":56675,"comment_status":"open","ping_status":"open","sticky":false,"template":"","format":"standard","meta":{"footnotes":""},"categories":[25],"tags":[823,1206,425],"class_list":["post-56674","post","type-post","status-publish","format-standard","has-post-thumbnail","hentry","category-gundem","tag-dogru","tag-sinav","tag-soru"],"_links":{"self":[{"href":"https:\/\/ikimisli.tr\/index.php\/wp-json\/wp\/v2\/posts\/56674","targetHints":{"allow":["GET"]}}],"collection":[{"href":"https:\/\/ikimisli.tr\/index.php\/wp-json\/wp\/v2\/posts"}],"about":[{"href":"https:\/\/ikimisli.tr\/index.php\/wp-json\/wp\/v2\/types\/post"}],"author":[{"embeddable":true,"href":"https:\/\/ikimisli.tr\/index.php\/wp-json\/wp\/v2\/users\/1"}],"replies":[{"embeddable":true,"href":"https:\/\/ikimisli.tr\/index.php\/wp-json\/wp\/v2\/comments?post=56674"}],"version-history":[{"count":1,"href":"https:\/\/ikimisli.tr\/index.php\/wp-json\/wp\/v2\/posts\/56674\/revisions"}],"predecessor-version":[{"id":56676,"href":"https:\/\/ikimisli.tr\/index.php\/wp-json\/wp\/v2\/posts\/56674\/revisions\/56676"}],"wp:featuredmedia":[{"embeddable":true,"href":"https:\/\/ikimisli.tr\/index.php\/wp-json\/wp\/v2\/media\/56675"}],"wp:attachment":[{"href":"https:\/\/ikimisli.tr\/index.php\/wp-json\/wp\/v2\/media?parent=56674"}],"wp:term":[{"taxonomy":"category","embeddable":true,"href":"https:\/\/ikimisli.tr\/index.php\/wp-json\/wp\/v2\/categories?post=56674"},{"taxonomy":"post_tag","embeddable":true,"href":"https:\/\/ikimisli.tr\/index.php\/wp-json\/wp\/v2\/tags?post=56674"}],"curies":[{"name":"wp","href":"https:\/\/api.w.org\/{rel}","templated":true}]}}