{"id":56757,"date":"2025-07-18T05:23:51","date_gmt":"2025-07-18T05:23:51","guid":{"rendered":"https:\/\/ikimisli.tr\/?p=56757"},"modified":"2025-07-18T05:23:51","modified_gmt":"2025-07-18T05:23:51","slug":"cubbeli-ahmet-egemen-bagisi-yerin-dibine-soktu","status":"publish","type":"post","link":"https:\/\/ikimisli.tr\/index.php\/2025\/07\/18\/cubbeli-ahmet-egemen-bagisi-yerin-dibine-soktu\/","title":{"rendered":"C\u00fcbbeli Ahmet, Egemen Ba\u011f\u0131\u015f&#8217;\u0131 yerin dibine soktu"},"content":{"rendered":"<p>Ge\u00e7ti\u011fimiz y\u0131l Prag B\u00fcy\u00fckel\u00e7ili\u011finden al\u0131nan ve yeni bir misyona getirilmeyen H\u00fck\u00fcmran Ba\u011f\u0131\u015f, Cumhurba\u015fkan\u0131 Ba\u015fda\u015fman\u0131 Yi\u011fit Bulut&#8217;un cenaze merasiminde tekrar g\u00fcndeme gelmi\u015fti.<\/p>\n<p>Cumhurba\u015fkan\u0131 Recep Tayyip Erdo\u011fan&#8217;\u0131n o\u011flu Bilal Erdo\u011fan taraf\u0131ndan eli s\u0131k\u0131lmayan ve cenazede &#8216;pas&#8217; ge\u00e7ilen Ba\u011f\u0131\u015f&#8217;\u0131n manzaralar\u0131 tart\u0131\u015fmalara neden olurken, kamuoyunda &#8216;C\u00fcbbeli Ahmet \u00dcnl\u00fc, kelam konusu imgelere ait bir a\u00e7\u0131klama yapt\u0131.<\/p>\n<p>\u00dcnl\u00fc, payla\u015ft\u0131\u011f\u0131 iletide \u015funlar\u0131 s\u00f6yledi,<\/p>\n<p>-Bilal Erdo\u011fan Beyefendi\u2019yi kalbimden All\u00e2h i\u00e7in sevmemin sebeplerinden biri daha ortaya \u00e7\u0131kt\u0131. Merh\u00fbm Yi\u011fit Bulut\u2019un cenazesinde H\u00e2kim Ba\u011f\u0131\u015f\u2019\u0131n elini s\u0131kmam\u0131\u015f\u201d diye haberler g\u00f6r\u00fcnce merh\u00fbm Nec\u00eeb F\u00e2z\u0131l\u2019\u0131n: \u201cDindar ve kindar\u201d kelam\u0131n\u0131 hat\u0131rlad\u0131m ve \u201cHerkes ya\u011fc\u0131 olmamal\u0131yd\u0131, kimileri da d\u00eeninin kinini tutmal\u0131yd\u0131.\u201d diye d\u00fc\u015f\u00fcnd\u00fcm. All\u00e2h-u Te\u00e2l\u00e2, \u201cBakara M\u00fchleti k\u0131yamet g\u00fcn\u00fc ash\u00e2b\u0131na \u015fef\u00e2at etmek \u00fczere gelecek\u201d (M\u00fcslim, es-Sah\u00eeh, say\u0131: 804, 1\/553) had\u00ees-i \u015fer\u00eefi h\u00fcrmetine Bakara M\u00fchletini Bilal Beyefendi\u2019ye \u015fef\u00ee\u2019 eylesin ve d\u00een\u00ee hass\u00e2siyetlerinden \u00f6t\u00fcr\u00fc her i\u015flerinde ona tevf\u00eekini ref\u00eek eylesin. \u00c2m\u00een!&#8221;<\/p>\n<p><b>&#8216;B\u0130L\u0130ME ALERJ\u0130S\u0130 OLAN, YANMAZ KEFEN PAZARLAYICISI&#8217;<\/b><\/p>\n<p>\u00dcnl\u00fc&#8217;n\u00fcn kelamlar\u0131na H\u00e2kim Ba\u011f\u0131\u015f&#8217;\u0131n toplumsal medya hesab\u0131ndan cevap verilirken, Ba\u011f\u0131\u015f payla\u015f\u0131m\u0131nda \u015fu a\u00e7\u0131klamalarda bulundu:<\/p>\n<p>-Hz. Mevlana demi\u015f ya; \u201cSuskunlu\u011fum asaletimdendir. Her lafa verilecek bir yan\u0131t\u0131m var \u015f\u00fcphesiz. Lakin bir lafa bakar\u0131m, laf m\u0131 diye? Bir de s\u00f6yleyene bakar\u0131m, adam m\u0131 diye?\u201d<\/p>\n<p>-Y\u0131llar evvel imajl\u0131 dijital imtihanla s\u0131nanm\u0131\u015f ve i\u00e7inden yeti\u015fti\u011fi kurumdan kovulmu\u015f birinin kime hizmet etti\u011fi muhakkak olmayan yorumlar\u0131 bize &#8220;camdan konutun varsa ta\u015f atma&#8221; kelam\u0131n\u0131 hat\u0131rlatt\u0131. Ancak biz tekrar de onun d\u00fczeyine d\u00fc\u015fmeyece\u011fiz.<\/p>\n<p>-Say\u0131n Bakan\u0131m\u0131z Egemen Ba\u011f\u0131\u015f bey ve Cumhurba\u015fkan\u0131m\u0131z\u0131n pahal\u0131 mahdumu Say\u0131n Bilal Erdo\u011fan\u2019\u0131n karde\u015flik hukuku H\u00fck\u00fcmran beyin birinci milletvekili oldu\u011fu 2002 y\u0131l\u0131na dayan\u0131r ve birinci g\u00fcnk\u00fc kadar i\u00e7ten ve \u00f6zdendir.<\/p>\n<p>-O g\u00fcn de cenaze \u00f6ncesi vakit namaz\u0131nda camii i\u00e7erisinde g\u00f6r\u00fc\u015f\u00fcp selamla\u015ft\u0131klar\u0131n\u0131n y\u00fczlerce \u015fahidi vard\u0131r.<\/p>\n<p>-Egemen Bey y\u0131llar evvel FET\u00d6 iftiralar\u0131 ortaya at\u0131ld\u0131\u011f\u0131nda hata duyurusunda bulunmu\u015f ve kay\u0131tlar\u0131n tahlilini gerek ulusal gerekse, memleketler aras\u0131 ba\u011f\u0131ms\u0131z ses laboratuvarlar\u0131na yapt\u0131r\u0131p, montaj oldu\u011funu ispat etmi\u015f, raporlar\u0131 da yay\u0131nlatm\u0131\u015ft\u0131.<\/p>\n<p>-Ger\u00e7i bilime alerjisi olan, pe\u015fin karar veren, yanmaz kefen pazarlayac\u0131lar\u0131 tekrar itiraz eder. Al\u0131\u015ft\u0131k. Lakin bu payla\u015f\u0131m onlar\u0131n g\u00f6nl\u00fcn\u00fc almak i\u00e7in de\u011fil, ger\u00e7e\u011fi merak eden karde\u015flerimiz i\u00e7in.&#8221;<\/p>\n<p><b>C\u00dcBBEL\u0130&#8217;DEN TARTI\u015eMAYI B\u00dcY\u00dcTECEK A\u00c7IKLAMA<\/b><\/p>\n<p>Egemen Ba\u011f\u0131\u015f&#8217;\u0131n kar\u015f\u0131l\u0131\u011f\u0131n\u0131n akabinde ise \u00dcnl\u00fc&#8217;den tart\u0131\u015fmay\u0131 daha da b\u00fcy\u00fctecek bir a\u00e7\u0131klama geldi.<\/p>\n<p>Sosyal medya hesab\u0131ndan payla\u015f\u0131m yapan \u00dcnl\u00fc, Ba\u011f\u0131\u015f\u2019a \u015fu tabirlerle seslendi:<\/p>\n<p>-Ey Egemen! Madem ben kefen sat\u0131c\u0131yd\u0131m, sana kefen mi laz\u0131m olmu\u015ftu da merh\u00fbm Med\u00eeneli Ali Efendi\u2019yi \u00fc\u00e7 kez benimle bar\u0131\u015fmak i\u00e7in devreye soktun?<\/p>\n<p>-Sonra \u0130smaila\u011fa Vakf\u0131\u2019na gittin, Bakara M\u00fchleti ile alay etti\u011fin halde onlar seni \u00e7ay kahve a\u011f\u0131rlad\u0131lar ve bana \u201cg\u00f6r\u00fc\u015f\u00fclse, bar\u0131\u015f\u0131lsa\u201d diye ric\u00e2c\u0131 oldular fakat ben senin be\u015f paral\u0131k prestijin i\u00e7in Bakara S\u00fbresi\u2019ni satamazd\u0131m.<\/p>\n<p>-Daha konu\u015facak \u00e7ok \u015fey var ama bel alt\u0131 konu\u015fmak bana yak\u0131\u015fmayaca\u011f\u0131 i\u00e7in, ayr\u0131yeten herkesin bildi\u011fi ancak o i\u015fte \u015fer\u00eeklerin \u00e7ok oldu\u011fu i\u00e7in maksat olaca\u011f\u0131m\u0131 d\u00fc\u015f\u00fcnd\u00fc\u011f\u00fcmden \u015fuan a\u00e7\u0131klamay\u0131 uygun g\u00f6rmedi\u011fim \u00f6b\u00fcr kimi s\u0131fatlar\u0131n da u\u011fra\u015f\u0131.<\/p>\n<p>-Sen o ses kayd\u0131n\u0131 ink\u00e2r ederek montaj diyece\u011fine \u00e7\u0131k: \u201cBakara M\u00fcddeti ile alay etmek irtid\u00e2dt\u0131r, lakin ben \u00eem\u00e2n tazeledim, nik\u00e2h tazeledim\u201d diye t\u00f6vbeni a\u00e7\u0131kla, ondan sonra kimse seninle u\u011fra\u015fmas\u0131n.<\/p>\n<p>-\u201cT\u00f6vbeni kabul edip etmemek All\u00e2h\u2019a kalm\u0131\u015ft\u0131r, insanlar\u0131n bey\u00e2n\u0131 esast\u0131r\u201d diyelim ve mevzuyu kapatal\u0131m vel\u00e2kin sen bunu montaja hamledip h\u00e2l\u00e2 milleti salak yerine koyarak aldatmaya dev\u00e2m etti\u011fin s\u00fcrece bizden asla y\u00fcz bulamazs\u0131n.<\/p>\n<p>-Sonra hat\u0131rlad\u0131m; H\u00fcd\u00e2y\u00ee Cem\u00e2atine ili\u015fkin \u015eah-\u0131 N\u00e2k\u015fibend Sempozyumu\u2019nda tam yan\u0131ma gelmeye u\u011fra\u015ft\u0131n ancak ben evvelce Murat Soydan Hoca\u2019y\u0131 ortaya yerle\u015ftirerek senin yan\u0131ma oturman\u0131 engelledim ve seninle g\u00f6zg\u00f6ze gelmemeye \u00e7ok itina g\u00f6sterdim. M\u00e2dem adam de\u011fildim yahut kefen sat\u0131c\u0131yd\u0131m niye benimle g\u00f6r\u00fc\u015fmek i\u00e7in bir\u00e7ok te\u015febb\u00fcste bulundun?!<\/p>\n<p>-\u015eimdi tab\u00ee bunlar\u0131n hepsini ink\u00e2r edebilirsin ancak hak\u00eekat ortadad\u0131r, benim palavra konu\u015fmayaca\u011f\u0131m\u0131 herkes bilir. \u015eayet o kefen i\u015finden ben sat\u0131p para yediysem All\u00e2h bana kefen nasip etmesin, \u015fayet sen palavra konu\u015fuyorsan All\u00e2h sana kefen nasip etmesin. \u00c2m\u00een!<\/p>\n","protected":false},"excerpt":{"rendered":"<p>Kamuoyunda &#8220;C\u00fcbbeli Ahmet&#8221; olarak tan\u0131nan Ahmet Mahmut \u00dcnl\u00fc ile eski Prag B\u00fcy\u00fckel\u00e7isi H\u00e2kim Ba\u011f\u0131\u015f ortas\u0131ndaki tansiyon t\u0131rman\u0131yor&#8230; Ba\u011f\u0131\u015f\u2019\u0131n kendisine \u201cyanmaz kefen pazarlay\u0131c\u0131s\u0131\u201d demesine kar\u015f\u0131l\u0131k veren \u00dcnl\u00fc, \u201cMadem kefen sat\u0131c\u0131yd\u0131m, niye benimle g\u00f6r\u00fc\u015fmek i\u00e7in bir\u00e7ok te\u015febb\u00fcste bulundun?\u201d tabirlerini kulland\u0131.<\/p>\n","protected":false},"author":1,"featured_media":56758,"comment_status":"open","ping_status":"open","sticky":false,"template":"","format":"standard","meta":{"footnotes":""},"categories":[25],"tags":[5729,7610,1626,7609,3032],"class_list":["post-56757","post","type-post","status-publish","format-standard","has-post-thumbnail","hentry","category-gundem","tag-allah","tag-bakara-suresi","tag-bey","tag-kefen","tag-seni"],"_links":{"self":[{"href":"https:\/\/ikimisli.tr\/index.php\/wp-json\/wp\/v2\/posts\/56757","targetHints":{"allow":["GET"]}}],"collection":[{"href":"https:\/\/ikimisli.tr\/index.php\/wp-json\/wp\/v2\/posts"}],"about":[{"href":"https:\/\/ikimisli.tr\/index.php\/wp-json\/wp\/v2\/types\/post"}],"author":[{"embeddable":true,"href":"https:\/\/ikimisli.tr\/index.php\/wp-json\/wp\/v2\/users\/1"}],"replies":[{"embeddable":true,"href":"https:\/\/ikimisli.tr\/index.php\/wp-json\/wp\/v2\/comments?post=56757"}],"version-history":[{"count":1,"href":"https:\/\/ikimisli.tr\/index.php\/wp-json\/wp\/v2\/posts\/56757\/revisions"}],"predecessor-version":[{"id":56759,"href":"https:\/\/ikimisli.tr\/index.php\/wp-json\/wp\/v2\/posts\/56757\/revisions\/56759"}],"wp:featuredmedia":[{"embeddable":true,"href":"https:\/\/ikimisli.tr\/index.php\/wp-json\/wp\/v2\/media\/56758"}],"wp:attachment":[{"href":"https:\/\/ikimisli.tr\/index.php\/wp-json\/wp\/v2\/media?parent=56757"}],"wp:term":[{"taxonomy":"category","embeddable":true,"href":"https:\/\/ikimisli.tr\/index.php\/wp-json\/wp\/v2\/categories?post=56757"},{"taxonomy":"post_tag","embeddable":true,"href":"https:\/\/ikimisli.tr\/index.php\/wp-json\/wp\/v2\/tags?post=56757"}],"curies":[{"name":"wp","href":"https:\/\/api.w.org\/{rel}","templated":true}]}}