{"id":56980,"date":"2025-07-18T17:35:51","date_gmt":"2025-07-18T17:35:51","guid":{"rendered":"https:\/\/ikimisli.tr\/?p=56980"},"modified":"2025-07-18T17:35:51","modified_gmt":"2025-07-18T17:35:51","slug":"kizilcik-serbetinin-yeni-sezon-tarihi-belli-oldu-oyuncu-kadrosu-degisti","status":"publish","type":"post","link":"https:\/\/ikimisli.tr\/index.php\/2025\/07\/18\/kizilcik-serbetinin-yeni-sezon-tarihi-belli-oldu-oyuncu-kadrosu-degisti\/","title":{"rendered":"K\u0131z\u0131lc\u0131k \u015eerbeti&#8217;nin yeni sezon tarihi belli oldu! Oyuncu kadrosu de\u011fi\u015fti"},"content":{"rendered":"<p>Ekranlar\u0131n sevilen dizisi Gold Sinema imzal\u0131 K\u0131z\u0131lc\u0131k \u015eerbeti dizisinin d\u00f6rd\u00fcnc\u00fc d\u00f6nemi aksilik ya\u015fanmamas\u0131 halinde 12 Eyl\u00fcl Cuma ak\u015fam\u0131 ba\u015flayacak.<\/p>\n<p>Gazeteci Birsen Altunta\u015f\u2019\u0131n haberine nazaran, dizi yeni d\u00f6neme yeni direkt\u00f6r\u00fcyle ba\u015fl\u0131yor. Dizinin yeni y\u00f6netmeni daha evvel \u201cK\u0131z\u0131l Goncalar\u201d\u0131 \u00e7eken \u00d6zg\u00fcr \u015eirin oldu.<\/p>\n<p><img decoding=\"async\" src=\"https:\/\/ikimisli.tr\/wp-content\/uploads\/2025\/07\/kizilcik-serbetinin-yeni-sezon-tarihi-belli-oldu-oyuncu-kadrosu-degisti-0-63259fD5.jpeg\"\/><\/p>\n<p><b>KADROYA B\u0130R TRANSFER DAHA<\/b><\/p>\n<p>Dizinin tak\u0131m\u0131na Erkan Avc\u0131\u2019dan sonra ba\u015far\u0131l\u0131 bir oyuncu daha kat\u0131ld\u0131. Yasak Elma\u2019da hayat verdi\u011fi \u201cEmir\u201d rol\u00fcyle isminden kelam ettiren Serkan Rutkay Ay\u0131ko\u0308z dizinin yeni oyuncusu oldu.<\/p>\n<p>Ay\u0131ko\u0308z, Asude\u2019nin (Servet Pandur) ye\u011feni Asil rol\u00fcyle yeni d\u00f6nemde Erkan Avc\u0131\u2019n\u0131n yard\u0131mc\u0131s\u0131n\u0131 oynayacak.<\/p>\n","protected":false},"excerpt":{"rendered":"<p>Ekranlar\u0131n sevilen dizi K\u0131z\u0131lc\u0131k \u015eerbeti&#8217;nin d\u00f6rd\u00fcnc\u00fc d\u00f6nem yay\u0131n\u0131na ba\u015flayaca\u011f\u0131 tarih belirli oldu. Sevilen dizinin y\u00f6netmeni ve oyuncu tak\u0131m\u0131nda de\u011fi\u015fiklikler oldu<\/p>\n","protected":false},"author":1,"featured_media":56981,"comment_status":"open","ping_status":"open","sticky":false,"template":"","format":"standard","meta":{"footnotes":""},"categories":[27],"tags":[600],"class_list":["post-56980","post","type-post","status-publish","format-standard","has-post-thumbnail","hentry","category-magazin","tag-dizi"],"_links":{"self":[{"href":"https:\/\/ikimisli.tr\/index.php\/wp-json\/wp\/v2\/posts\/56980","targetHints":{"allow":["GET"]}}],"collection":[{"href":"https:\/\/ikimisli.tr\/index.php\/wp-json\/wp\/v2\/posts"}],"about":[{"href":"https:\/\/ikimisli.tr\/index.php\/wp-json\/wp\/v2\/types\/post"}],"author":[{"embeddable":true,"href":"https:\/\/ikimisli.tr\/index.php\/wp-json\/wp\/v2\/users\/1"}],"replies":[{"embeddable":true,"href":"https:\/\/ikimisli.tr\/index.php\/wp-json\/wp\/v2\/comments?post=56980"}],"version-history":[{"count":1,"href":"https:\/\/ikimisli.tr\/index.php\/wp-json\/wp\/v2\/posts\/56980\/revisions"}],"predecessor-version":[{"id":56983,"href":"https:\/\/ikimisli.tr\/index.php\/wp-json\/wp\/v2\/posts\/56980\/revisions\/56983"}],"wp:featuredmedia":[{"embeddable":true,"href":"https:\/\/ikimisli.tr\/index.php\/wp-json\/wp\/v2\/media\/56981"}],"wp:attachment":[{"href":"https:\/\/ikimisli.tr\/index.php\/wp-json\/wp\/v2\/media?parent=56980"}],"wp:term":[{"taxonomy":"category","embeddable":true,"href":"https:\/\/ikimisli.tr\/index.php\/wp-json\/wp\/v2\/categories?post=56980"},{"taxonomy":"post_tag","embeddable":true,"href":"https:\/\/ikimisli.tr\/index.php\/wp-json\/wp\/v2\/tags?post=56980"}],"curies":[{"name":"wp","href":"https:\/\/api.w.org\/{rel}","templated":true}]}}