{"id":5719,"date":"2025-01-21T23:00:00","date_gmt":"2025-01-21T23:00:00","guid":{"rendered":"https:\/\/ikimisli.tr\/?p=5719"},"modified":"2025-01-21T23:00:00","modified_gmt":"2025-01-21T23:00:00","slug":"kangal-kopegi-sevdasini-safkan-uretim-ciftligine-donusturdu","status":"publish","type":"post","link":"https:\/\/ikimisli.tr\/index.php\/2025\/01\/21\/kangal-kopegi-sevdasini-safkan-uretim-ciftligine-donusturdu\/","title":{"rendered":"Kangal k\u00f6pe\u011fi sevdas\u0131n\u0131 &#8216;safkan&#8217; \u00fcretim \u00e7iftli\u011fine d\u00f6n\u00fc\u015ft\u00fcrd\u00fc"},"content":{"rendered":"<p>Y\u0131ld\u0131zeli il\u00e7esi Yi\u011fitler k\u00f6y\u00fcnde d\u00fcnyaya gelen Cahit Akg\u00fcl, Kangal k\u00f6pekleriyle b\u00fcy\u00fcd\u00fc. K\u00f6yde \u00e7obanl\u0131k yapt\u0131\u011f\u0131 periyotlarda de s\u00fcr\u00fcde bu k\u00f6pekleri kullanan Akg\u00fcl, Kangal k\u00f6pe\u011fi sevdas\u0131n\u0131 vakit i\u00e7erisinde \u00fcretim \u00e7iftli\u011fine d\u00f6n\u00fc\u015ft\u00fcrd\u00fc. Kent merkezine ba\u011fl\u0131 \u00c7ukurbelen k\u00f6y\u00fc civar\u0131nda olu\u015fturdu\u011fu \u00e7iftlikte Kangal k\u00f6pe\u011fi yeti\u015ftiricili\u011fi yapan Akg\u00fcl, \u0131rk\u0131n safl\u0131\u011f\u0131n\u0131n bozulmamas\u0131 i\u00e7in \u00e7aba g\u00f6steriyor.<\/p>\n<p><strong>&#8216;IRKI MUHAFAZAYA \u00c7ALI\u015eIYORUZ&#8217;<\/strong><\/p>\n<p>G\u00fcre\u015f Federasyonu Ba\u015fkan\u0131 eski milli g\u00fcre\u015f\u00e7i Taha Akg\u00fcl&#8217;\u00fcn de amcas\u0131 olan Cahit Akg\u00fcl, &#8220;\u00c7ocukluktan bu vakte kadar k\u00f6yde ve s\u00fcr\u00fcde daima Kangal k\u00f6peklerimiz vard\u0131. Sonra yeti\u015ftirmeye ve \u00fcretmeye ba\u015flad\u0131k. Art\u0131k \u00e7iftli\u011fimizde 50 y\u0131l geriden, t\u0131pk\u0131 soydan gelen safkan k\u00f6peklerimiz var. Bize dost ve arkada\u015f olan, s\u00fcr\u00fcm\u00fcz\u00fc ve kendi can\u0131m\u0131z\u0131 koruyan bu yeterli \u0131rklara sahip \u00e7\u0131kmaya \u00e7al\u0131\u015f\u0131yoruz. Irk\u0131n geneti\u011fi bozulmadan devam etmesi i\u00e7in efor g\u00f6steriyoruz. <\/p>\n<p><img decoding=\"async\" src=\"https:\/\/ikimisli.tr\/wp-content\/uploads\/2025\/01\/kangal-kopegi-sevdasini-safkan-uretim-ciftligine-donusturdu-0-81skzkAw.png\"\/><\/p>\n<p>Buradaki k\u00f6pekler Sivas&#8217;\u0131n saf Kangal k\u00f6pe\u011fi. Kimilerinin 50 y\u0131ll\u0131k soylar\u0131 var. 50 y\u0131ldan bu vakte kadar getirilen soylar var. 17 y\u0131ld\u0131r biz \u00e7iftli\u011fimizde birden fazla k\u00f6pe\u011fimizin \u0131rk\u0131n\u0131 bozulmadan devam ettiriyoruz. Bizden evvel de ge\u00e7mi\u015fleri var. Bu \u0131rklara en uygun formda sahip \u00e7\u0131kmaya \u00e7al\u0131\u015f\u0131yoruz. Soyu takip ederek, \u00f6b\u00fcr kan katmadan, t\u0131pk\u0131 soy i\u00e7erisinde \u00fcreterek bug\u00fcne kadar getirdik. Kangal k\u00f6peklerimizi \u0131rk standartlar\u0131na uygun halde yeti\u015ftiriyoruz&#8221; dedi.<\/p>\n<p><strong>&#8216;AS\u0130L VE ZEK\u0130 B\u0130R IRK&#8217;<\/strong><\/p>\n<p>Kangal k\u00f6pe\u011finin tabiat\u0131n\u0131n sonradan e\u011fitilmeye uygun olmad\u0131\u011f\u0131n\u0131, genetik kodlar\u0131nda m\u00fcdafaa i\u00e7g\u00fcd\u00fcs\u00fc bulundu\u011funu belirten Akg\u00fcl, &#8220;Bu k\u00f6peklerin i\u015fi s\u00fcr\u00fc muhafaza oldu\u011fu i\u00e7in d\u00fcnyadaki k\u00f6pek \u0131rklar\u0131n\u0131n i\u00e7erisinde de en ba\u015far\u0131l\u0131 hayvanlard\u0131r. Alanda en g\u00fczel \u00e7al\u0131\u015fan, en hakikat \u0131rklar Sivas Kangal k\u00f6pekleridir. Harici olarak bunlar \u00e7ok karakterli, asil ve zeki bir \u0131rkt\u0131r&#8221; diye konu\u015ftu.<\/p>\n<p>Akg\u00fcl, Kangal k\u00f6peklerine T\u00fcrkiye&#8217;nin her yerinden a\u011f\u0131r bir talep oldu\u011funu da lisana getirdi.<\/p>\n","protected":false},"excerpt":{"rendered":"<p>Sivas&#8217;ta \u00e7ocuklu\u011fundan itibaren k\u00f6y\u00fcnde Kangal k\u00f6pekleriyle b\u00fcy\u00fcyen, \u00e7obanl\u0131k yapt\u0131\u011f\u0131 periyotta de bu tutkusunu s\u00fcrd\u00fcren Cahit Akg\u00fcl (49), safkan Kangal k\u00f6pe\u011fi \u00fcretim \u00e7iftli\u011fi kurdu. Son 17 y\u0131ld\u0131r Kangal k\u00f6pe\u011fi \u00fcreticili\u011fi yapan Akg\u00fcl, \u00e7iftli\u011finde 50 y\u0131ld\u0131r t\u0131pk\u0131 geni ta\u015f\u0131yan safl\u0131\u011f\u0131 bozulmam\u0131\u015f k\u00f6pekleri yeti\u015ftiriyor.<\/p>\n","protected":false},"author":1,"featured_media":5720,"comment_status":"open","ping_status":"open","sticky":false,"template":"","format":"standard","meta":{"footnotes":""},"categories":[25],"tags":[1530,1527,1528,1529,1531],"class_list":["post-5719","post","type-post","status-publish","format-standard","has-post-thumbnail","hentry","category-gundem","tag-akgul","tag-irk","tag-kangal","tag-kopekleri","tag-soy"],"_links":{"self":[{"href":"https:\/\/ikimisli.tr\/index.php\/wp-json\/wp\/v2\/posts\/5719","targetHints":{"allow":["GET"]}}],"collection":[{"href":"https:\/\/ikimisli.tr\/index.php\/wp-json\/wp\/v2\/posts"}],"about":[{"href":"https:\/\/ikimisli.tr\/index.php\/wp-json\/wp\/v2\/types\/post"}],"author":[{"embeddable":true,"href":"https:\/\/ikimisli.tr\/index.php\/wp-json\/wp\/v2\/users\/1"}],"replies":[{"embeddable":true,"href":"https:\/\/ikimisli.tr\/index.php\/wp-json\/wp\/v2\/comments?post=5719"}],"version-history":[{"count":1,"href":"https:\/\/ikimisli.tr\/index.php\/wp-json\/wp\/v2\/posts\/5719\/revisions"}],"predecessor-version":[{"id":5722,"href":"https:\/\/ikimisli.tr\/index.php\/wp-json\/wp\/v2\/posts\/5719\/revisions\/5722"}],"wp:featuredmedia":[{"embeddable":true,"href":"https:\/\/ikimisli.tr\/index.php\/wp-json\/wp\/v2\/media\/5720"}],"wp:attachment":[{"href":"https:\/\/ikimisli.tr\/index.php\/wp-json\/wp\/v2\/media?parent=5719"}],"wp:term":[{"taxonomy":"category","embeddable":true,"href":"https:\/\/ikimisli.tr\/index.php\/wp-json\/wp\/v2\/categories?post=5719"},{"taxonomy":"post_tag","embeddable":true,"href":"https:\/\/ikimisli.tr\/index.php\/wp-json\/wp\/v2\/tags?post=5719"}],"curies":[{"name":"wp","href":"https:\/\/api.w.org\/{rel}","templated":true}]}}