{"id":57243,"date":"2025-07-19T07:35:50","date_gmt":"2025-07-19T07:35:50","guid":{"rendered":"https:\/\/ikimisli.tr\/?p=57243"},"modified":"2025-07-19T07:35:50","modified_gmt":"2025-07-19T07:35:50","slug":"tokinin-250-bin-konut-projesi-kapsaminda-yeni-adim-3-ilde-acele-kamulastirma-karari","status":"publish","type":"post","link":"https:\/\/ikimisli.tr\/index.php\/2025\/07\/19\/tokinin-250-bin-konut-projesi-kapsaminda-yeni-adim-3-ilde-acele-kamulastirma-karari\/","title":{"rendered":"TOK\u0130&#8217;nin 250 bin konut projesi kapsam\u0131nda yeni ad\u0131m: 3 ilde acele kamula\u015ft\u0131rma karar\u0131"},"content":{"rendered":"<p>Resmi Gazete\u2019de yer alan kararlara nazaran; Bolu&#8217;nun Merkez il\u00e7esi \u00c7\u00f6mlek\u00e7iler Mahallesi, U\u015fak&#8217;\u0131n Merkez il\u00e7esi Dikilita\u015f Mahallesi ve Trabzon\u2019un Arakl\u0131 il\u00e7esi \u00d6zgen Mahallesi\u2019nde toplumsal konut in\u015fas\u0131 i\u00e7in belirlenen alanlar TOK\u0130 taraf\u0131ndan \u00e7abuk kamula\u015ft\u0131r\u0131lacak. Kamula\u015ft\u0131rma s\u00fcre\u00e7leri, 2942 say\u0131l\u0131 Kamula\u015ft\u0131rma Kanunu\u2019nun 27. hususu yeterince y\u00fcr\u00fct\u00fclecek.<\/p>\n<p><b>PROJEN\u0130N YAYGINLA\u015eMASI \u0130\u00c7\u0130N YEN\u0130 ADIMLAR<\/b><\/p>\n<p>S\u00f6z konusu kararlar \u00e7er\u00e7evesinde, TOK\u0130 taraf\u0131ndan y\u00fcr\u00fct\u00fclen 250 bin toplumsal konut projesi kapsam\u0131nda belirlenen ta\u015f\u0131nmazlar, toplumsal konut in\u015faatlar\u0131n\u0131n s\u00fcratle hayata ge\u00e7irilmesi gayesiyle kamula\u015ft\u0131r\u0131lacak. Her \u00fc\u00e7 karar da TOK\u0130\u2019nin proje alanlar\u0131n\u0131 geni\u015fletmesi ve \u00e7al\u0131\u015fmalar\u0131n\u0131 h\u0131zland\u0131rmas\u0131 i\u00e7in yasal yeri olu\u015fturuyor.<\/p>\n<p><img decoding=\"async\" src=\"https:\/\/ikimisli.tr\/wp-content\/uploads\/2025\/07\/tokinin-250-bin-konut-projesi-kapsaminda-yeni-adim-3-ilde-acele-kamulastirma-karari-0-YfbCHtEY.jpg\"\/><\/p>\n<p><b>KARAR NUMARALARI A\u00c7IKLANDI<\/b><\/p>\n<p>Yay\u0131mlanan kararlar \u015fu halde s\u0131raland\u0131:<\/p>\n<p>Bolu ili, Merkez il\u00e7esi, \u00c7\u00f6mlek\u00e7iler Mahallesi&#8217;nde yap\u0131lacak konutlar i\u00e7in tez kamula\u015ft\u0131rma karar\u0131 (Karar Say\u0131s\u0131: 10097)<\/p>\n<p>U\u015fak ili, Merkez il\u00e7esi, Dikilita\u015f Mahallesi&#8217;nde belirlenen ta\u015f\u0131nmaz i\u00e7in \u00e7abuk kamula\u015ft\u0131rma karar\u0131 (Karar Say\u0131s\u0131: 10098)<\/p>\n<p>Trabzon ili, Arakl\u0131 il\u00e7esi, \u00d6zgen Mahallesi&#8217;nde yer alan ta\u015f\u0131nmaz i\u00e7in tez kamula\u015ft\u0131rma karar\u0131 (Karar Say\u0131s\u0131: 10099)<\/p>\n<p>TOK\u0130\u2019nin y\u00fcr\u00fctt\u00fc\u011f\u00fc toplumsal konut projeleri kapsam\u0131nda ilerleyen s\u00fcre\u00e7te di\u011fer b\u00f6lgelerde de emsal kamula\u015ft\u0131rma kararlar\u0131n\u0131n al\u0131nabilece\u011fi \u00f6ng\u00f6r\u00fcl\u00fcyor.<\/p>\n","protected":false},"excerpt":{"rendered":"<p>250 bin toplumsal konut amac\u0131 do\u011frultusunda Toplu Konut Y\u00f6netimi Ba\u015fkanl\u0131\u011f\u0131 (TOK\u0130) taraf\u0131ndan y\u00fcr\u00fct\u00fclen proje kapsam\u0131nda 3 vilayette daha ivedi kamula\u015ft\u0131rma yap\u0131lacak. Kararlar, Cumhurba\u015fkan\u0131 Erdo\u011fan\u2019\u0131n imzas\u0131yla 18 Temmuz 2025 tarihli Resmi Gazete\u2019de yay\u0131mland\u0131.<\/p>\n","protected":false},"author":1,"featured_media":57244,"comment_status":"open","ping_status":"open","sticky":false,"template":"","format":"standard","meta":{"footnotes":""},"categories":[24],"tags":[5206,6986,149,769,4028],"class_list":["post-57243","post","type-post","status-publish","format-standard","has-post-thumbnail","hentry","category-ekonomi","tag-ilcesi","tag-kamulastirma","tag-karar","tag-konut","tag-mahallesi"],"_links":{"self":[{"href":"https:\/\/ikimisli.tr\/index.php\/wp-json\/wp\/v2\/posts\/57243","targetHints":{"allow":["GET"]}}],"collection":[{"href":"https:\/\/ikimisli.tr\/index.php\/wp-json\/wp\/v2\/posts"}],"about":[{"href":"https:\/\/ikimisli.tr\/index.php\/wp-json\/wp\/v2\/types\/post"}],"author":[{"embeddable":true,"href":"https:\/\/ikimisli.tr\/index.php\/wp-json\/wp\/v2\/users\/1"}],"replies":[{"embeddable":true,"href":"https:\/\/ikimisli.tr\/index.php\/wp-json\/wp\/v2\/comments?post=57243"}],"version-history":[{"count":1,"href":"https:\/\/ikimisli.tr\/index.php\/wp-json\/wp\/v2\/posts\/57243\/revisions"}],"predecessor-version":[{"id":57246,"href":"https:\/\/ikimisli.tr\/index.php\/wp-json\/wp\/v2\/posts\/57243\/revisions\/57246"}],"wp:featuredmedia":[{"embeddable":true,"href":"https:\/\/ikimisli.tr\/index.php\/wp-json\/wp\/v2\/media\/57244"}],"wp:attachment":[{"href":"https:\/\/ikimisli.tr\/index.php\/wp-json\/wp\/v2\/media?parent=57243"}],"wp:term":[{"taxonomy":"category","embeddable":true,"href":"https:\/\/ikimisli.tr\/index.php\/wp-json\/wp\/v2\/categories?post=57243"},{"taxonomy":"post_tag","embeddable":true,"href":"https:\/\/ikimisli.tr\/index.php\/wp-json\/wp\/v2\/tags?post=57243"}],"curies":[{"name":"wp","href":"https:\/\/api.w.org\/{rel}","templated":true}]}}