{"id":57401,"date":"2025-07-19T17:11:50","date_gmt":"2025-07-19T17:11:50","guid":{"rendered":"https:\/\/ikimisli.tr\/?p=57401"},"modified":"2025-07-19T17:11:50","modified_gmt":"2025-07-19T17:11:50","slug":"ayse-tokyazi-canice-katleden-cemil-koc-hakkinda-yeni-karar","status":"publish","type":"post","link":"https:\/\/ikimisli.tr\/index.php\/2025\/07\/19\/ayse-tokyazi-canice-katleden-cemil-koc-hakkinda-yeni-karar\/","title":{"rendered":"Ay\u015fe Tokyaz&#8217;\u0131 canice katleden Cemil Ko\u00e7 hakk\u0131nda yeni karar"},"content":{"rendered":"<p>\u0130stanbul Ey\u00fcpsultan&#8217;da 13 Temmuz&#8217;da yol kenar\u0131nda valiz i\u00e7erisinde cans\u0131z v\u00fccudu bulunan \u00fcniversite \u00f6\u011frencisi Ay\u015fe Tokyaz cinayeti t\u00fcm T\u00fcrkiye&#8217;yi yasa bo\u011fdu.<\/p>\n<p>Gen\u00e7 hem\u015fire aday\u0131n\u0131n cinayetine ili\u015fkin g\u00f6zalt\u0131na al\u0131nan Cemil Ko\u00e7, \u2018Tasarlayarak \u00f6ld\u00fcrmek&#8217; kabahatinden, kendisine yard\u0131m eden alt\u0131 ki\u015fi ise \u2018Tasarlayarak \u00f6ld\u00fcrmeye yard\u0131m etmek&#8217; c\u00fcrm\u00fcnden tutuklanarak cezaevine g\u00f6nderildi.<\/p>\n<p>Katil Cemil Ko\u00e7 hakk\u0131nda, Diyarbak\u0131r&#8217;da iki y\u0131l evvel birlikte ya\u015fad\u0131\u011f\u0131 29 ya\u015f\u0131ndaki Ejeg\u00fcl Ovezova&#8217;n\u0131n vefat\u0131yla ait de soru\u015fturma ba\u015flat\u0131ld\u0131.<\/p>\n<p><img decoding=\"async\" src=\"https:\/\/ikimisli.tr\/wp-content\/uploads\/2025\/07\/ayse-tokyazi-canice-katleden-cemil-koc-hakkinda-yeni-karar-0-HsX2zg8J.jpg\"\/><\/p>\n<p>Diyarbak\u0131r Cumhuriyet Ba\u015fsavc\u0131l\u0131\u011f\u0131nca, 24 Temmuz 2023&#8217;te merkez Ba\u011flar il\u00e7esi Ba\u011fc\u0131lar Mahallesi&#8217;nde Ejeg\u00fcl Ovezova&#8217;n\u0131n (29) ikamet etti\u011fi binada 8. kat\u0131ndaki meskeninin salon penceresinden d\u00fc\u015ferek \u00f6lmesine ait y\u00fcr\u00fct\u00fclen soru\u015fturma tamamland\u0131.<\/p>\n<p>Bu kapsamda haz\u0131rlanan iddianameyi kabul eden Diyarbak\u0131r 6. A\u011f\u0131r Ceza Mahkemesi, isnat edilen su\u00e7lamaya ait savunma yapan Ko\u00e7&#8217;un, &#8220;kasten \u00f6ld\u00fcrme&#8221; hatas\u0131ndan tutuklanmas\u0131n\u0131 kararla\u015ft\u0131rd\u0131.<\/p>\n<p><img decoding=\"async\" src=\"https:\/\/ikimisli.tr\/wp-content\/uploads\/2025\/07\/ayse-tokyazi-canice-katleden-cemil-koc-hakkinda-yeni-karar-1-NY6wWygY.jpg\"\/><\/p>\n<p>\u0130ddianamede kan donduran ayr\u0131nt\u0131lar da yer ald\u0131.<\/p>\n<p><b>EJEG\u00dcL&#8217;\u00dcN \u00d6LD\u00dc\u011e\u00dc YERE G\u0130D\u0130P DUA OKUMU\u015e<\/b><\/p>\n<p>Bu ortada Ejeg\u00fcl Ovezova&#8217;n\u0131n d\u00fc\u015ft\u00fc\u011f\u00fc sitenin y\u00f6neticisi Naif Polat olay g\u00fcn\u00fcn\u00fc anlatarak, &#8220;2 sene \u00f6nce biz balkonda yat\u0131yorduk. Geceydi. Bir bakt\u0131k ses geldi, hal\u0131 d\u00fc\u015ft\u00fc\u011f\u00fcn\u00fc sand\u0131k. Sonra g\u00fcvenlik\u00e7i ba\u011f\u0131rd\u0131, birinin binadan d\u00fc\u015ft\u00fc\u011f\u00fcn\u00fc s\u00f6yledi. Gitti\u011fimde g\u00fcvenlik\u00e7i yan\u0131ndayd\u0131, \u00f6teki kimse yoktu. Sonra kap\u0131c\u0131 geldi. Yar\u0131m saat sonra bir bakt\u0131m birisi, geldi kendi \u00fczerine att\u0131. \u2018Eje Eje&#8217; diye ba\u011f\u0131rd\u0131. Ben ona k\u0131zd\u0131m, \u2018Eje \u00f6lm\u00fc\u015f, ba\u015f\u0131 da\u011f\u0131lm\u0131\u015f&#8217; dedim. Ba\u015f\u0131 kald\u0131r\u0131ma de\u011fmi\u015fti. Telefon de elindeydi, eksiksiz gitmi\u015fti. Polisleri arad\u0131k. Polis ve savc\u0131 geldi. O gece zati sabaha kadar yatamad\u0131k. Onu yakalay\u0131p g\u00f6t\u00fcrd\u00fcler. Bir hafta sonra da konutu ta\u015f\u0131y\u0131p g\u00f6t\u00fcrd\u00fcler&#8221; diye konu\u015ftu.<\/p>\n<p><b>\u2018\u00d6LD\u00dc\u011e\u00dc YERDE FAT\u0130HA OKUMU\u015e&#8217;<\/b><\/p>\n<p>Cemil Ko\u00e7&#8217;un, yakla\u015f\u0131k 2 ay evvel Ejeg\u00fcl&#8217;\u00fcn hayat\u0131n\u0131 kaybetti\u011fi yere gelip dua etti\u011fini belirten Polat, \u201cGelmi\u015f o d\u00fc\u015ft\u00fc\u011f\u00fc yere orada Fatiha okumu\u015f. Diz \u00e7\u00f6km\u00fc\u015f Fatiha okumu\u015f. G\u00fcvenlik\u00e7i sormu\u015f \u2018Hay\u0131rd\u0131r&#8217; diye, \u2018Burada bir k\u0131z benim konutumda d\u00fc\u015fm\u00fc\u015ft\u00fc. Ona Fatiha okumaya gelmi\u015ftim&#8217; demi\u015f. Siteye gelmesiyle ta\u015f\u0131nmas\u0131 1 ay olmad\u0131. 10-11 g\u00fcn kalm\u0131\u015ft\u0131 konutta, kirac\u0131yd\u0131. \u00d6b\u00fcr ki\u015finin gelip gelmedi\u011fini g\u00f6rmedim. G\u00f6rd\u00fc\u011f\u00fcm kadar\u0131yla o tekti. Kap\u0131c\u0131 ona ta\u015f\u0131n\u0131rken yard\u0131m etmi\u015f. Kimseyle muhabbeti yoktu, yeni gelmi\u015fti kimse onu tan\u0131m\u0131yordu\u201d s\u00f6zlerini kulland\u0131.<\/p>\n<p><img decoding=\"async\" src=\"https:\/\/ikimisli.tr\/wp-content\/uploads\/2025\/07\/ayse-tokyazi-canice-katleden-cemil-koc-hakkinda-yeni-karar-2-VdVsnjiw.jpg\"\/><\/p>\n<p><b>EJEG\u00dcL \u0130LE B\u0130RL\u0130KTE PENCEREDEYM\u0130\u015e<\/b><\/p>\n<p>Naif Polat, kar\u015f\u0131 sitelerde oturan kimi \u015fah\u0131slar\u0131n olay an\u0131n\u0131 g\u00f6rd\u00fcklerini beyan ettiklerini s\u00f6yleyerek, \u015funlar\u0131 kaydetti:<\/p>\n<p>\u201cOlay\u0131 kar\u015f\u0131daki siteden g\u00f6rm\u00fc\u015fler. Demi\u015fler ki k\u0131z pencereye \u00e7\u0131km\u0131\u015f. Biz g\u00f6rmedik tabi, bizim konut 1&#8217;inci katta. G\u00f6r\u00fcnm\u00fcyor. Kimisi diyor ki erkek bayan\u0131 itmi\u015f, kimisi de diyor ki k\u0131z kendini atmaya \u00e7al\u0131\u015f\u0131rken, erkek onu kurtarmaya \u00e7al\u0131\u015f\u0131yor. Onu Allah bilir. Biz bilemiyoruz. Erkek, olaydan yar\u0131m saatten fazla m\u00fcddet sonra geldi, feryat etti. \u2018Vah vah, Eje Eje, ne yapt\u0131n Eje, ne yapt\u0131n?&#8217; diye. Kap\u0131c\u0131m\u0131z \u2018K\u0131z bunun konutundan d\u00fc\u015fm\u00fc\u015f&#8217; dedi. Biz evvel bilmiyorduk onun Eje oldu\u011funu, o meskenden d\u00fc\u015ft\u00fc\u011f\u00fcn\u00fc. Kanlar i\u00e7indeydi, k\u0131z peri\u015fan haldeydi. Ba\u015f\u0131 kald\u0131r\u0131ma gelmi\u015fti. \u00c7imlere d\u00fc\u015fseydi tahminen kurtulabilirdi.\u201d <\/p>\n","protected":false},"excerpt":{"rendered":"<p>Ey\u00fcpsultan&#8217;da \u00fcniversite \u00f6\u011frencisi Ay\u015fe Tokyaz&#8217;\u0131 canice katleden Cemil Ko\u00e7&#8217;un, iki y\u0131l evvel birlikte ya\u015fad\u0131\u011f\u0131 Ejeg\u00fcl Ovezova&#8217;\u0131n ku\u015fkulu vefat\u0131yla a\u00e7\u0131lan davada da tutuklanmas\u0131na karar verildi. Bu ortada Ovezova&#8217;n\u0131n \u00f6ld\u00fc\u011f\u00fc sitenin y\u00f6neticisi kan donduran bir ayr\u0131nt\u0131y\u0131 anlatt\u0131.<\/p>\n","protected":false},"author":1,"featured_media":57402,"comment_status":"open","ping_status":"open","sticky":false,"template":"","format":"standard","meta":{"footnotes":""},"categories":[25],"tags":[7649,66,1183],"class_list":["post-57401","post","type-post","status-publish","format-standard","has-post-thumbnail","hentry","category-gundem","tag-dustugu","tag-geldi","tag-kiz"],"_links":{"self":[{"href":"https:\/\/ikimisli.tr\/index.php\/wp-json\/wp\/v2\/posts\/57401","targetHints":{"allow":["GET"]}}],"collection":[{"href":"https:\/\/ikimisli.tr\/index.php\/wp-json\/wp\/v2\/posts"}],"about":[{"href":"https:\/\/ikimisli.tr\/index.php\/wp-json\/wp\/v2\/types\/post"}],"author":[{"embeddable":true,"href":"https:\/\/ikimisli.tr\/index.php\/wp-json\/wp\/v2\/users\/1"}],"replies":[{"embeddable":true,"href":"https:\/\/ikimisli.tr\/index.php\/wp-json\/wp\/v2\/comments?post=57401"}],"version-history":[{"count":1,"href":"https:\/\/ikimisli.tr\/index.php\/wp-json\/wp\/v2\/posts\/57401\/revisions"}],"predecessor-version":[{"id":57406,"href":"https:\/\/ikimisli.tr\/index.php\/wp-json\/wp\/v2\/posts\/57401\/revisions\/57406"}],"wp:featuredmedia":[{"embeddable":true,"href":"https:\/\/ikimisli.tr\/index.php\/wp-json\/wp\/v2\/media\/57402"}],"wp:attachment":[{"href":"https:\/\/ikimisli.tr\/index.php\/wp-json\/wp\/v2\/media?parent=57401"}],"wp:term":[{"taxonomy":"category","embeddable":true,"href":"https:\/\/ikimisli.tr\/index.php\/wp-json\/wp\/v2\/categories?post=57401"},{"taxonomy":"post_tag","embeddable":true,"href":"https:\/\/ikimisli.tr\/index.php\/wp-json\/wp\/v2\/tags?post=57401"}],"curies":[{"name":"wp","href":"https:\/\/api.w.org\/{rel}","templated":true}]}}