{"id":57499,"date":"2025-07-19T22:23:49","date_gmt":"2025-07-19T22:23:49","guid":{"rendered":"https:\/\/ikimisli.tr\/?p=57499"},"modified":"2025-07-19T22:23:49","modified_gmt":"2025-07-19T22:23:49","slug":"bir-aziz-daha-mi","status":"publish","type":"post","link":"https:\/\/ikimisli.tr\/index.php\/2025\/07\/19\/bir-aziz-daha-mi\/","title":{"rendered":"Bir Aziz daha m\u0131?"},"content":{"rendered":"<p>\u0130BB\u2019ye y\u00f6nelik 19 Mart\u2019ta ba\u015flat\u0131lan operasyonlar bir haftal\u0131k ortan\u0131n akabinde yine ba\u015flad\u0131. \u0130BB i\u015ftiraki Bo\u011fazi\u00e7i A.\u015e\u2019ye y\u00f6nelik operasyonda 18 ki\u015fi hakk\u0131nda g\u00f6zalt\u0131 karar\u0131 verildi, 15 ki\u015fi g\u00f6zalt\u0131na al\u0131nd\u0131.<\/p>\n<p>\u201cR\u00fc\u015fvet vermek, r\u00fc\u015fvet almak ve ihaleye fesat kar\u0131\u015ft\u0131rmak\u201d su\u00e7lamalar\u0131yla ba\u015flat\u0131lan operasyonda g\u00f6zalt\u0131na al\u0131nanlar ortas\u0131nda AKM Yap\u0131\u2019dan 6 sorumlu ile KCT Yol Yap\u0131\u2019dan 3 sorumlu yer al\u0131yor. Devletten onlarca ihale alan bu iki firma, \u0130BB\u2019nin metro viyad\u00fcklerini g\u00fc\u00e7lendirme ihalesine ortak girerek kazanan firmalar. AKM Yap\u0131 ise ayr\u0131yeten Mersin B\u00fcy\u00fck\u015fehir Belediyesi\u2019nden Mezitli Metrosu\u2019nun elektromekanik sistemlerinin imal i\u015fini \u00fcstlendi.<\/p>\n<p><strong>\u0130MAMO\u011eLU GELD\u0130 O G\u0130TT\u0130<\/strong><\/p>\n<p>G\u00f6zalt\u0131ndaki en dikkat cazibeli isim ise KCT Yol Yap\u0131\u2019n\u0131n b\u00fcy\u00fck orta\u011f\u0131 Muzzaffer Hac\u0131mustafao\u011flu.<\/p>\n<p>\u0130BB Ba\u015fkan\u0131 \u0130mamo\u011flu\u2019nun g\u00f6reve ba\u015flad\u0131\u011f\u0131 28 Haziran 2019 g\u00fcn\u00fc, \u0130BB Genel Sekreteri ve be\u015f yard\u0131mc\u0131s\u0131 topluca istifa etti. \u0130stifa eden genel sekreter yard\u0131mc\u0131lar\u0131 ortas\u0131nda evvelki Ula\u015ft\u0131rma ve Altyap\u0131 Bakan\u0131 Adil Karaismailo\u011flu ve Muzaffer Hac\u0131mustafao\u011flu da var.<\/p>\n<p>Emeklili\u011fini isteyen ve KCT Yol Yap\u0131\u2019n\u0131n b\u00fcy\u00fck orta\u011f\u0131 olan Hac\u0131mustafao\u011flu, Karaismailo\u011flu\u2019nun bakan olmas\u0131n\u0131n ard\u0131ndan ald\u0131\u011f\u0131 ihalelerle g\u00fcndeme gelmi\u015fti.<\/p>\n<p>Karaismailo\u011flu\u2019nun bakan oldu\u011fu 2022 y\u0131l\u0131nda 3 milyar 200 milyonluk ihale alan KCT Yap\u0131, Karayollar\u0131 Genel M\u00fcd\u00fcrl\u00fc\u011f\u00fc\u2019nden toplamda 6 milyar liral\u0131k ihale ald\u0131.<\/p>\n<p>\u0130BB\u2019nin 2023\u2019te metro viyad\u00fcklerini g\u00fc\u00e7lendirme ihalesi 698 milyon 701 bin liral\u0131k teklifle AKM Yap\u0131-KCT Yol Yap\u0131 i\u015f i\u015ftirakine verildi.<\/p>\n<p><strong>AKTA\u015e M\u0130SAL\u0130<\/strong><\/p>\n<p>\u0130ki firman\u0131n sorumlular\u0131n\u0131n g\u00f6zalt\u0131na al\u0131nmas\u0131 itiraf\u00e7\u0131 Aziz \u0130hsan Akta\u015f\u2019\u0131 akla getirdi. Akta\u015f toplam 388 ihalenin 300\u2019\u00fcn\u00fc devletten ve AKP\u2019li belediyelerden ald\u0131 fakat hi\u00e7biri soru\u015fturmaya dahil edilmedi. Yaln\u0131zca CHP\u2019li belediyeler incelendi.<\/p>\n<p>Akta\u015f, kelamda itiraflar\u0131yla, ara\u00e7 tahsisi nedeniyle Avc\u0131lar Belediye Ba\u015fkan\u0131 Utku Caner \u00c7aykara ile Gaziosmanpa\u015fa Belediye Ba\u015fkan\u0131 Hakan Bah\u00e7etepe\u2019nin tutuklanmas\u0131na neden oldu.<\/p>\n<p>Yeni operasyonla g\u00f6zalt\u0131na al\u0131nanlar i\u00e7in de \u201cOnlar da CHP\u2019li liderleri tutuklatan Akta\u015f \u00fczere itiraf\u00e7\u0131 olacak. Operasyon Mersin\u2019e s\u0131\u00e7rayacak\u201d yorumlar\u0131na neden oldu.<\/p>\n<p><img decoding=\"async\" src=\"https:\/\/ikimisli.tr\/wp-content\/uploads\/2025\/07\/bir-aziz-daha-mi-0-1GaDcTfy.jpg\"\/><\/p>\n<p><b><span>AKM YAPI HER \u0130\u015e\u0130 YAPMI\u015e<\/span><\/b><\/p>\n<p>&#8211; Mezitli Metrosu Elektromekanik Sistemleri \u0130mali &#8211; Mersin B\u00fcy\u00fck\u015fehir Belediyesi<\/p>\n<p>&#8211; Bor\u00e7ka\/Artvin Yol bak\u0131m ve \u00fcretim &#8211; Karayollar\u0131 10. B\u00f6lge M\u00fcd\u00fcrl\u00fc\u011f\u00fc-Trabzon<\/p>\n<p>&#8211; Amasra\/Bart\u0131n Yol \u00fcretim &#8211; Karayollar\u0131 15. B\u00f6lge M\u00fcd\u00fcrl\u00fc\u011f\u00fc-Kastamonu<\/p>\n<p>&#8211; Pehlivanta\u015f\u0131-Kalkandere\/Rize Yol \u00fcretim ve t\u00fcnel i\u015fleri &#8211; Karayollar\u0131 10. B\u00f6lge M\u00fcd\u00fcrl\u00fc\u011f\u00fc-Trabzon<\/p>\n<p>&#8211; K\u00f6pr\u00fc ve yol bak\u0131m\u0131 &#8211; Karayollar\u0131 15. B\u00f6lge M\u00fcd\u00fcrl\u00fc\u011f\u00fc-Kastamonu<\/p>\n<p>&#8211; Asya B\u00f6lgesi i\u00e7me suyu in\u015faat\u0131 &#8211; \u0130SK\u0130<\/p>\n<p>&#8211; Bart\u0131n Etraf Yolu imal i\u015fi &#8211; Karayollar\u0131 Genel M\u00fcd\u00fcrl\u00fc\u011f\u00fc<\/p>\n<p>&#8211; Metro Viyad\u00fckleri G\u00fc\u00e7lendirme &#8211; \u0130stanbul B\u00fcy\u00fck\u015fehir Belediyesi<\/p>\n<p>&#8211; Esenbo\u011fa Havaliman\u0131 Pat Alanlar\u0131 imali &#8211; DHM\u0130<\/p>\n<p>&#8211; Konya Havaalan\u0131 Terminal Binas\u0131 \u00fcretimi &#8211; DHM\u0130<\/p>\n<p>&#8211; Yol \u00fcretim i\u015fi &#8211; Karayollar\u0131 15. B\u00f6lge M\u00fcd\u00fcrl\u00fc\u011f\u00fc-Kastamonu<\/p>\n<p>&#8211; Rize 1. K\u0131s\u0131m i\u00e7me suyu isale \u00e7izgisi &#8211; DS\u0130 Genel M\u00fcd\u00fcrl\u00fc\u011f\u00fc<\/p>\n<p>&#8211; \u00c7ayeli yol imal i\u015fi &#8211; Karayollar\u0131 10. B\u00f6lge M\u00fcd\u00fcrl\u00fc\u011f\u00fc-Trabzon<\/p>\n<p>&#8211; Rize-\u00c7ayeli yol bak\u0131m\u0131 &#8211; Karayollar\u0131 10. B\u00f6lge M\u00fcd\u00fcrl\u00fc\u011f\u00fc-Trabzon<\/p>\n<p>&#8211; Kad\u0131k\u00f6y Kurba\u011fal\u0131dere \u0131slah in\u015faat\u0131 &#8211; \u0130BB 2012-2016<\/p>\n<p>&#8211; Atat\u00fcrk Havaliman\u0131-Florya yolu in\u015faat\u0131 &#8211; DHM\u0130<\/p>\n<p>&#8211; Ba\u015fak\u015fehir Villalar\u0131 \u00fcretimi &#8211; \u0130BB-Kipta\u015f-2000-2001<\/p>\n<p><b><span>KCT YOL YAPI KARAYOLLARINA ABONE<\/span><\/b><\/p>\n<p>&#8211; Haz\u0131r Beton Asfalt Al\u0131m\u0131 &#8211; Ak\u00e7aabat Trabzon<\/p>\n<p>&#8211; <strong>Metro Viyad\u00fckleri G\u00fc\u00e7lendirme &#8211; \u0130BB<\/strong><\/p>\n<p>&#8211; Kara yolu \u00fcretim i\u015fi- Ak\u00e7aabat Trabzon<\/p>\n<p>&#8211; Kara yolu \u00fcretim i\u015fi- Toroslar Mersin<\/p>\n<p>&#8211; Kara yolu imal i\u015fi- Ak\u00e7aabat Trabzon<\/p>\n<p>&#8211; Alt yap\u0131 (yol) i\u015fleri- Ak\u00e7aabat Trabzon<\/p>\n<p><b><span>15 ki\u015fi g\u00f6zalt\u0131nda<\/span><\/b><\/p>\n<p><strong>Erdin\u00e7 Karata\u015f-<\/strong>AKM YAPI<\/p>\n<p><strong>Ahmet Kudu-<\/strong>KCT YOL YAPI<\/p>\n<p><strong>Erdal G\u00fcnayd\u0131n-<\/strong>KCT YOL YAPI<\/p>\n<p><strong>Muzaffer Hac\u0131mustafao\u011flu-<\/strong>KCT YOL YAPI<\/p>\n<p><strong>Can Karata\u015f-<\/strong>AKM YAPI<\/p>\n<p><strong>Abdullah Karata\u015f-<\/strong>AKM YAPI<\/p>\n<p><strong>Metin Demirci-<\/strong>AKM YAPI<\/p>\n<p><strong>Oktay Nuri \u00c7elik- <\/strong>AKM YAPI<\/p>\n<p><strong>Ali Haydar \u00d6zkazan\u00e7-<\/strong>AKM YAPI<\/p>\n<p><strong>Murat Timu\u00e7in Alt\u0131er-<\/strong>ETEMM DANI\u015eMANLIK<\/p>\n<p><strong>Deniz Erzincan-<\/strong>BO\u011eAZ\u0130\u00c7\u0130 A.\u015e. GENEL M\u00dcD\u00dcR YARDIMCISI<\/p>\n<p><img decoding=\"async\" src=\"https:\/\/ikimisli.tr\/wp-content\/uploads\/2025\/07\/bir-aziz-daha-mi-1-37PzFL4S.jpg\"\/><\/p>\n<p>Sanat\u00e7\u0131 Erdal Erzincan\u2019\u0131n karde\u015fi Deniz Erzincan da g\u00f6zalt\u0131nda.<\/p>\n<p><strong>Ali C\u00fcneyt \u00d6zdemir-<\/strong>BO\u011eAZ\u0130\u00c7\u0130 A.\u015e. SATIN ALMA PERSONEL\u0130<\/p>\n<p><strong>G\u00fcl\u015fen \u00c7okyi\u011fit- <\/strong>\u0130SPER \u0130STANBUL OF\u0130S \u0130\u015e\u00c7\u0130S\u0130<\/p>\n<p><strong>Taylan \u00c7okyi\u011fit-<\/strong>MALTEPE BELED\u0130YES\u0130\u2019NDE EKONOM\u0130ST<\/p>\n<p><strong>Ahmet An\u0131l Kalender<\/strong><\/p>\n<p><img decoding=\"async\" src=\"https:\/\/ikimisli.tr\/wp-content\/uploads\/2025\/07\/bir-aziz-daha-mi-2-Jf4DUxKS.jpg\"\/><\/p>\n<p>G\u00fcne\u015ftekin\u2019in stand\u0131 Ocak ay\u0131nda sanatseverlerle bulu\u015fmu\u015ftu.<\/p>\n<p><b><strong><span>G\u00fcne\u015ftekin\u2019in tabiri al\u0131nd\u0131<\/span><br \/><\/strong><\/b><\/p>\n<p>\u0130BB\u2019ye y\u00f6nelik d\u00fcn yap\u0131lan operasyon kapsam\u0131nda \u0130BB etkinli\u011finde stant a\u00e7an sanat\u00e7\u0131 Ahmet G\u00fcne\u015ftekin\u2019in de s\u00f6z\u00fc al\u0131nd\u0131. Sanat\u00e7\u0131 son olarak ge\u00e7ti\u011fimiz ocak ay\u0131nda \u0130BB\u2019nin k\u00fclt\u00fcr-sanat noktas\u0131 haline getirdi\u011fi Art\u0130stanbul Feshane isimli yerde \u201cKay\u0131p Alfabe\u201d isimli stantla sanatseverlerle bulu\u015fmu\u015ftu. Stand\u0131n a\u00e7\u0131l\u0131\u015f\u0131na Ekrem \u0130mamo\u011flu e\u015fi Dilek \u0130mamo\u011flu ile birlikte kat\u0131lm\u0131\u015ft\u0131.<\/p>\n<p><b><span>Fatih Altayl\u0131 hakl\u0131 \u00e7\u0131kt\u0131<\/span><\/b><\/p>\n<p>Silivri\u2019de tutuklu bulunan gazeteci Fatih Altayl\u0131 \u2018\u0130BB\u2019ye y\u00f6nelik operasyon\u2019 tezlerinde hakl\u0131 \u00e7\u0131kt\u0131. Altayl\u0131, CHP\u2019li belediyelere y\u00f6nelik hafta sonlar\u0131 d\u00fczenlenen operasyonlara ait dikkat \u00e7eken bir arg\u00fcmanda bulunmu\u015ftu. Altayl\u0131, ge\u00e7en hafta operasyon yap\u0131lmamas\u0131na ait \u015f\u00f6yle demi\u015fti:<\/p>\n<p>\u201cSebebi a\u00e7\u0131k, AKP\u2019nin K\u0131z\u0131lcahamam Toplant\u0131s\u0131\u2019nda Cumhurba\u015fkan\u0131\u2019n\u0131n s\u00f6yleyeceklerinin ve PKK\u2019n\u0131n 30 ki\u015filik silah b\u0131rakma g\u00f6sterisinin g\u00fcndemde, art plana d\u00fc\u015fmesini istemeyen ba\u011f\u0131ms\u0131z yarg\u0131m\u0131z bu hafta sonunu es ge\u00e7ti. Bu hafta kald\u0131klar\u0131 yerden devam ederler.\u201d<\/p>\n<p>Altayl\u0131\u2019n\u0131n dedi\u011fi \u00fczere oldu ve d\u00fcn \u0130BB\u2019ye y\u00f6nelik yeni bir operasyon yap\u0131ld\u0131.<\/p>\n","protected":false},"excerpt":{"rendered":"<p>\u0130BB soru\u015fturmas\u0131nda 15 ki\u015fi g\u00f6zalt\u0131na al\u0131nd\u0131. Belediyeden ihale alan iki firma temsilcisi de bulunuyor. Bu durum \u20182. Akta\u015f bulundu mu\u2019 sorusunu akla getirdi.<\/p>\n","protected":false},"author":1,"featured_media":57500,"comment_status":"open","ping_status":"open","sticky":false,"template":"","format":"standard","meta":{"footnotes":""},"categories":[25],"tags":[2910,775,3361,292,500],"class_list":["post-57499","post","type-post","status-publish","format-standard","has-post-thumbnail","hentry","category-gundem","tag-ibb","tag-kara","tag-mudurlugu","tag-yapi","tag-yol"],"_links":{"self":[{"href":"https:\/\/ikimisli.tr\/index.php\/wp-json\/wp\/v2\/posts\/57499","targetHints":{"allow":["GET"]}}],"collection":[{"href":"https:\/\/ikimisli.tr\/index.php\/wp-json\/wp\/v2\/posts"}],"about":[{"href":"https:\/\/ikimisli.tr\/index.php\/wp-json\/wp\/v2\/types\/post"}],"author":[{"embeddable":true,"href":"https:\/\/ikimisli.tr\/index.php\/wp-json\/wp\/v2\/users\/1"}],"replies":[{"embeddable":true,"href":"https:\/\/ikimisli.tr\/index.php\/wp-json\/wp\/v2\/comments?post=57499"}],"version-history":[{"count":1,"href":"https:\/\/ikimisli.tr\/index.php\/wp-json\/wp\/v2\/posts\/57499\/revisions"}],"predecessor-version":[{"id":57504,"href":"https:\/\/ikimisli.tr\/index.php\/wp-json\/wp\/v2\/posts\/57499\/revisions\/57504"}],"wp:featuredmedia":[{"embeddable":true,"href":"https:\/\/ikimisli.tr\/index.php\/wp-json\/wp\/v2\/media\/57500"}],"wp:attachment":[{"href":"https:\/\/ikimisli.tr\/index.php\/wp-json\/wp\/v2\/media?parent=57499"}],"wp:term":[{"taxonomy":"category","embeddable":true,"href":"https:\/\/ikimisli.tr\/index.php\/wp-json\/wp\/v2\/categories?post=57499"},{"taxonomy":"post_tag","embeddable":true,"href":"https:\/\/ikimisli.tr\/index.php\/wp-json\/wp\/v2\/tags?post=57499"}],"curies":[{"name":"wp","href":"https:\/\/api.w.org\/{rel}","templated":true}]}}