{"id":57540,"date":"2025-07-20T00:23:49","date_gmt":"2025-07-20T00:23:49","guid":{"rendered":"https:\/\/ikimisli.tr\/?p=57540"},"modified":"2025-07-20T00:23:49","modified_gmt":"2025-07-20T00:23:49","slug":"ankarada-siddetli-yagis-araclar-suruklendi","status":"publish","type":"post","link":"https:\/\/ikimisli.tr\/index.php\/2025\/07\/20\/ankarada-siddetli-yagis-araclar-suruklendi\/","title":{"rendered":"Ankara&#8217;da \u015fiddetli ya\u011f\u0131\u015f: Ara\u00e7lar s\u00fcr\u00fcklendi"},"content":{"rendered":"<p>Ba\u015fkentte ak\u015fam saatlerinde tesirli olan sa\u011fanak, gecenin ilerleyen saatlerine kadar devam etti.<\/p>\n<p>Ke\u00e7i\u00f6ren il\u00e7esinde saat 19.00 ile 20.00 ortas\u0131nda tesirli olan ya\u011fmur, Adnan Menderes Mahallesi 1071&#8217;inci Sokak&#8217;ta su bask\u0131nlar\u0131na neden oldu.<\/p>\n<p>Ya\u011f\u0131\u015f nedeniyle binalar\u0131n giri\u015f ve bodrum katlar\u0131n\u0131 su alt\u0131nda kal\u0131rken, sokakta park halinde bulunan bir\u00e7ok ara\u00e7 s\u00fcr\u00fcklenerek ziyan g\u00f6rd\u00fc. \u0130hbar \u00fczerine b\u00f6lgeye \u00e7ok say\u0131da s\u0131hhat, itfaiye, AFAD, UMKE ve belediye tak\u0131m\u0131 sevk edildi.<\/p>\n<p><b>EVLER\u0130 SU BASTI, MAHALLEL\u0130 SEFERBER OLDU<\/b><\/p>\n<p>Mahalle sakinleri, binalarda mahsur kalan vatanda\u015flar\u0131 gruplar gelene kadar kendi imkanlar\u0131yla tahliye etmeye \u00e7al\u0131\u015ft\u0131.<\/p>\n<p>Oturdu\u011fu apartmanda mahsur kalan ya\u015fl\u0131 bir bayan, tekerlekli sandalye ile vatanda\u015flar\u0131n yard\u0131m\u0131yla inan\u00e7l\u0131 alana al\u0131nd\u0131. Birtak\u0131m vatanda\u015flar ise su alt\u0131na kalan sokaklardan kep\u00e7e ile tahliye edildi.<\/p>\n<p><img decoding=\"async\" src=\"https:\/\/ikimisli.tr\/wp-content\/uploads\/2025\/07\/ankarada-siddetli-yagis-araclar-suruklendi-0-NXsWSlez.jpg\"\/><\/p>\n<p><b>SEL NEDEN\u0130YLE ODANIN DUVARI YIKILDI<\/b><\/p>\n<p>Gece saatlerinde tesirini artt\u0131ran sa\u011fanak sele neden olurken, bodrum katta bulunan bir dairenin oda duvar\u0131 y\u0131k\u0131ld\u0131.<\/p>\n<p>\u0130hbarla gelen AFAD gruplar\u0131, konutta mahsur kalan 1&#8217;i yaral\u0131 3 bireye ula\u015ft\u0131. Tak\u0131mlar\u0131n \u00e7al\u0131\u015fmas\u0131yla 3 ki\u015fi kurtar\u0131l\u0131rken yaral\u0131, ambulansla hastaneye kald\u0131r\u0131ld\u0131.<\/p>\n<p>Belediye ve itfaiye tak\u0131mlar\u0131 daireye dolan suyun tahliyesi i\u00e7in \u00e7al\u0131\u015fmalar\u0131n\u0131 s\u00fcrd\u00fcr\u00fcrken, AFAD tak\u0131mlar\u0131 de b\u00f6lgede inceleme yap\u0131p, g\u00fcvenlik tedbirleri ald\u0131.<\/p>\n<p><img decoding=\"async\" src=\"https:\/\/ikimisli.tr\/wp-content\/uploads\/2025\/07\/ankarada-siddetli-yagis-araclar-suruklendi-1-P2TLUj7f.jpg\"\/><\/p>\n<p><b>&#8216;B\u0130NA O KADAR SUYUN ALTINDA KALDI K\u0130 ARTIK YIKILACAK D\u0130YE KORKUYORUZ&#8217;<\/b><\/p>\n<p>Mahalle sakini, Berna Arslan, &#8220;Her sene binam\u0131zda duvarlar y\u0131k\u0131l\u0131yor, sular ikinci kat\u0131m\u0131za kadar giriyor ve elektri\u011fimiz gidiyor. Her sene yard\u0131m istiyoruz. Buras\u0131 g\u00f6let \u00fczere, her taraftan su buraya toplan\u0131yor. Hala korkuyorum, bina o kadar suyun alt\u0131nda kald\u0131 ki art\u0131k y\u0131k\u0131lacak diye korkuyoruz. 6 tane ara\u00e7 birbirine girdi, elektrik dire\u011fi y\u0131k\u0131ld\u0131. Bizim duvar\u0131m\u0131z da ondan y\u0131k\u0131ld\u0131. Burada maddi hasar \u00e7ok fazla&#8221; tabirlerini kulland\u0131.<\/p>\n<p><b>&#8216;BURAYI SENEDE B\u0130R SEL G\u00d6T\u00dcR\u00dcYOR&#8217;<\/b><\/p>\n<p>Mahalle sakini, Murat Denemeci, saat 19.00 ile 20.00 s\u0131ralar\u0131nda ya\u011fan \u015fiddetli ya\u011f\u0131\u015f\u0131n mahalleyi bu hale getirdi\u011fini s\u00f6yleyerek, \u201cYukardaki ana caddelerden gelen su buralara doldu. Caddedeki ara\u00e7lar\u0131 da buraya y\u0131\u011fd\u0131. \u0130ki tane binan\u0131n elektrikleri yok. Herkes yeme\u011fini d\u0131\u015far\u0131da yedi. Ben d\u0131\u015far\u0131dayd\u0131m. Binan\u0131n \u00f6n\u00fcne geldi\u011fimde kar\u015f\u0131dakiler b\u00fcy\u00fck tehlike alt\u0131ndayd\u0131 onlar\u0131 tahliye ettik. Buray\u0131 senede bir sel g\u00f6t\u00fcr\u00fcyor. Her sene bu olay oluyor&#8221; dedi.<\/p>\n","protected":false},"excerpt":{"rendered":"<p>Ankara&#8217;da tesirli olan sa\u011fanak sonras\u0131 kimi giri\u015f ve bodrum katlar\u0131 su basarken, sel nedeniyle oda duvar\u0131 y\u0131k\u0131lan konutta mahsur kalan 3 ki\u015finde 1&#8217;i yaraland\u0131. Bir\u00e7ok ara\u00e7 selde s\u00fcr\u00fcklenirken, konutlar\u0131nda mahsur kalanlar ise vatanda\u015flar ile tak\u0131mlar taraf\u0131ndan kurtar\u0131ld\u0131.<\/p>\n","protected":false},"author":1,"featured_media":57541,"comment_status":"open","ping_status":"open","sticky":false,"template":"","format":"standard","meta":{"footnotes":""},"categories":[25],"tags":[2134,194,968,1272,6164],"class_list":["post-57540","post","type-post","status-publish","format-standard","has-post-thumbnail","hentry","category-gundem","tag-bina","tag-ekipler","tag-mahalle","tag-saat","tag-sene"],"_links":{"self":[{"href":"https:\/\/ikimisli.tr\/index.php\/wp-json\/wp\/v2\/posts\/57540","targetHints":{"allow":["GET"]}}],"collection":[{"href":"https:\/\/ikimisli.tr\/index.php\/wp-json\/wp\/v2\/posts"}],"about":[{"href":"https:\/\/ikimisli.tr\/index.php\/wp-json\/wp\/v2\/types\/post"}],"author":[{"embeddable":true,"href":"https:\/\/ikimisli.tr\/index.php\/wp-json\/wp\/v2\/users\/1"}],"replies":[{"embeddable":true,"href":"https:\/\/ikimisli.tr\/index.php\/wp-json\/wp\/v2\/comments?post=57540"}],"version-history":[{"count":1,"href":"https:\/\/ikimisli.tr\/index.php\/wp-json\/wp\/v2\/posts\/57540\/revisions"}],"predecessor-version":[{"id":57544,"href":"https:\/\/ikimisli.tr\/index.php\/wp-json\/wp\/v2\/posts\/57540\/revisions\/57544"}],"wp:featuredmedia":[{"embeddable":true,"href":"https:\/\/ikimisli.tr\/index.php\/wp-json\/wp\/v2\/media\/57541"}],"wp:attachment":[{"href":"https:\/\/ikimisli.tr\/index.php\/wp-json\/wp\/v2\/media?parent=57540"}],"wp:term":[{"taxonomy":"category","embeddable":true,"href":"https:\/\/ikimisli.tr\/index.php\/wp-json\/wp\/v2\/categories?post=57540"},{"taxonomy":"post_tag","embeddable":true,"href":"https:\/\/ikimisli.tr\/index.php\/wp-json\/wp\/v2\/tags?post=57540"}],"curies":[{"name":"wp","href":"https:\/\/api.w.org\/{rel}","templated":true}]}}