{"id":57610,"date":"2025-07-20T04:11:47","date_gmt":"2025-07-20T04:11:47","guid":{"rendered":"https:\/\/ikimisli.tr\/?p=57610"},"modified":"2025-07-20T04:11:47","modified_gmt":"2025-07-20T04:11:47","slug":"chpsiz-komisyon-secimi-yargidan-dondu","status":"publish","type":"post","link":"https:\/\/ikimisli.tr\/index.php\/2025\/07\/20\/chpsiz-komisyon-secimi-yargidan-dondu\/","title":{"rendered":"CHP\u2019siz komisyon se\u00e7imi yarg\u0131dan d\u00f6nd\u00fc!"},"content":{"rendered":"<p>Gaziantep \u015eehitkamil Belediye Meclisi&#8217;nde 07 Nisan 2025 tarihinde yap\u0131lan oturumda, CHP\u2019li \u00fcyelerin mazeretsiz formda kat\u0131lmad\u0131\u011f\u0131 birle\u015fimde be\u015f ba\u015fka ihtisas komisyonuna yap\u0131lan \u00fcye se\u00e7imleri yarg\u0131 duvar\u0131na \u00e7arpt\u0131.<\/p>\n<p>Avukat Deniz Atar\u2019\u0131n yapt\u0131\u011f\u0131 m\u00fcracaat\u0131n akabinde mahkeme, temsil adaletine kar\u015f\u0131t yap\u0131lan se\u00e7imler nedeniyle bu k\u0131sm\u0131n y\u00fcr\u00fctmesini durdurdu.<\/p>\n<p><b>ENC\u00dcMEN SE\u00c7\u0130M\u0130 MADDELERE UYGUN YAPILDI<\/b><\/p>\n<p>Mahkeme karar\u0131nda, birebir oturumda yap\u0131lan belediye enc\u00fcmenine \u00fcye se\u00e7imlerinin ise hukuka uygun oldu\u011fu belirtildi.<\/p>\n<p>\u0130lk oturumda k\u00e2fi \u00e7o\u011funluk sa\u011flanamad\u0131\u011f\u0131 i\u00e7in t\u0131pk\u0131 g\u00fcn yap\u0131lan ikinci birle\u015fimde b\u00e2t\u0131n oylama ile 3 enc\u00fcmen \u00fcyesinin se\u00e7ildi\u011fi ve bu se\u00e7imde yola kar\u015f\u0131tl\u0131k bulunmad\u0131\u011f\u0131 kaydedildi.<\/p>\n<p>Dosyada, se\u00e7im s\u00fcrecine ait rastgele bir ihlal yahut usuls\u00fczl\u00fck tespit edilmedi\u011fi vurguland\u0131.<\/p>\n<p><b>KOM\u0130SYONLARA \u00dcYE SE\u00c7\u0130M\u0130 &#8220;TEMS\u0130L ADALET\u0130&#8221;NE AYKIRI<\/b><\/p>\n<p>\u00d6te yandan, mecliste bulunan siyasi parti k\u00fcmelerinin ve ba\u011f\u0131ms\u0131z \u00fcyelerin oranlar\u0131na nazaran belirlenmesi gereken ihtisas kurullar\u0131, s\u0131rf toplant\u0131ya kat\u0131lan \u00fcyeler ortas\u0131ndan se\u00e7ildi.<\/p>\n<p>5393 say\u0131l\u0131 Belediye Kanunu&#8217;nun 24. hususunun a\u00e7\u0131k karar\u0131na kar\u015f\u0131n yap\u0131lan bu s\u00fcre\u00e7, \u00e7o\u011fulcu demokrasi ve temsilde adalet unsurlar\u0131na ters bulundu.<\/p>\n<p>Kararda; \u0130mar, Plan ve B\u00fct\u00e7e, Tarife, Gen\u00e7lik ve Spor E\u011fitim ile Sars\u0131nt\u0131 ve Do\u011fal Afet Komitelerine yap\u0131lan bu se\u00e7imlerin, t\u00fcm siyasi partilerin i\u015ftirakiyle, meclis \u00fcye oranlar\u0131na nazaran yap\u0131lmas\u0131 gerekti\u011fi tabir edildi.<\/p>\n<p><img decoding=\"async\" src=\"https:\/\/ikimisli.tr\/wp-content\/uploads\/2025\/07\/chpsiz-komisyon-secimi-yargidan-dondu-0-sIk6cJFQ.jpg\"\/><\/p>\n<p><em>Umut Y\u0131lmaz (\u015eehitkamil Belediye Ba\u015fkan\u0131)<\/em><\/p>\n<p><b>MAHKEMEDEN DURDURMA KARARI<\/b><\/p>\n<p>Yap\u0131lan adaps\u0131z kurul se\u00e7imlerinin belediye i\u015fleyi\u015finde telafisi g\u00fc\u00e7 ve imk\u00e2ns\u0131z ziyanlar do\u011furabilece\u011fi gerek\u00e7esiyle, kelam konusu karar\u0131n y\u00fcr\u00fctmesi durduruldu. Enc\u00fcmen se\u00e7imiyle ilgili talepler ise reddedildi.<\/p>\n<p>Mahkeme karar\u0131nda, komite se\u00e7imlerine ait hukuka kar\u015f\u0131tl\u0131\u011f\u0131n a\u00e7\u0131k oldu\u011fu vurguland\u0131.<\/p>\n<p>Gaziantep B\u00f6lge Y\u00f6netim Mahkemesi\u2019ne itiraz yolu a\u00e7\u0131k olan karar, 11 Temmuz 2025 tarihinde oybirli\u011fiyle al\u0131nd\u0131.<\/p>\n","protected":false},"excerpt":{"rendered":"<p>CHP&#8217;den se\u00e7ilip istifa ederek ba\u011f\u0131ms\u0131z belediye ba\u015fkan\u0131 olarak g\u00f6revine devam eden Gaziantep \u015eehitkamil Belediye Ba\u015fkan\u0131 Umut Y\u0131lmaz, belediye meclisinde CHP\u2019li \u00fcyelerin yoklu\u011funda yap\u0131lan komisyon se\u00e7imleri hukuka muhalif bulundu. Mahkeme, bu s\u00fcre\u00e7lerin durdurulmas\u0131na karar verdi.<\/p>\n","protected":false},"author":1,"featured_media":57611,"comment_status":"open","ping_status":"open","sticky":false,"template":"","format":"standard","meta":{"footnotes":""},"categories":[25],"tags":[6721,147,151,652,739],"class_list":["post-57610","post","type-post","status-publish","format-standard","has-post-thumbnail","hentry","category-gundem","tag-aykiri","tag-komisyon","tag-mahkeme","tag-secim","tag-uye"],"_links":{"self":[{"href":"https:\/\/ikimisli.tr\/index.php\/wp-json\/wp\/v2\/posts\/57610","targetHints":{"allow":["GET"]}}],"collection":[{"href":"https:\/\/ikimisli.tr\/index.php\/wp-json\/wp\/v2\/posts"}],"about":[{"href":"https:\/\/ikimisli.tr\/index.php\/wp-json\/wp\/v2\/types\/post"}],"author":[{"embeddable":true,"href":"https:\/\/ikimisli.tr\/index.php\/wp-json\/wp\/v2\/users\/1"}],"replies":[{"embeddable":true,"href":"https:\/\/ikimisli.tr\/index.php\/wp-json\/wp\/v2\/comments?post=57610"}],"version-history":[{"count":1,"href":"https:\/\/ikimisli.tr\/index.php\/wp-json\/wp\/v2\/posts\/57610\/revisions"}],"predecessor-version":[{"id":57613,"href":"https:\/\/ikimisli.tr\/index.php\/wp-json\/wp\/v2\/posts\/57610\/revisions\/57613"}],"wp:featuredmedia":[{"embeddable":true,"href":"https:\/\/ikimisli.tr\/index.php\/wp-json\/wp\/v2\/media\/57611"}],"wp:attachment":[{"href":"https:\/\/ikimisli.tr\/index.php\/wp-json\/wp\/v2\/media?parent=57610"}],"wp:term":[{"taxonomy":"category","embeddable":true,"href":"https:\/\/ikimisli.tr\/index.php\/wp-json\/wp\/v2\/categories?post=57610"},{"taxonomy":"post_tag","embeddable":true,"href":"https:\/\/ikimisli.tr\/index.php\/wp-json\/wp\/v2\/tags?post=57610"}],"curies":[{"name":"wp","href":"https:\/\/api.w.org\/{rel}","templated":true}]}}