{"id":57620,"date":"2025-07-20T04:47:47","date_gmt":"2025-07-20T04:47:47","guid":{"rendered":"https:\/\/ikimisli.tr\/?p=57620"},"modified":"2025-07-20T04:47:47","modified_gmt":"2025-07-20T04:47:47","slug":"solskjaerden-savunma-icin-kritik-karar","status":"publish","type":"post","link":"https:\/\/ikimisli.tr\/index.php\/2025\/07\/20\/solskjaerden-savunma-icin-kritik-karar\/","title":{"rendered":"Solskjaer&#8217;den savunma i\u00e7in kritik karar!"},"content":{"rendered":"<p>Be\u015fikta\u015f, Avusturya kamp\u0131nda yaln\u0131zca St. P\u00f6lten\u2019i 2-0 yendi, zay\u0131f rakipleri Wacker ile 1-1 berabere kald\u0131, Wolfsberger\u2019e 3-2, Petrzalka\u2019ya 2-1 ma\u011flup oldu. Bu ma\u00e7larda att\u0131\u011f\u0131 6 gole kar\u015f\u0131l\u0131k kalesinde de 6 gol g\u00f6rd\u00fc. Bu \u015fu demek: \u201cTak\u0131m\u0131n transfere gereksinimi var. Paulista ve Uduokhai inan\u00e7 vermiyor.\u201d<\/p>\n<p><b>PEST\u0130LLER\u0130 \u00c7IKTI<\/b><\/p>\n<p>Ge\u00e7en y\u0131la nazaran \u00e7ok profesyonel tesislerde kamp yap\u0131ld\u0131. Demir Ege ve Kartal, kampta \u0131\u015f\u0131l \u0131\u015f\u0131l parlad\u0131. Kamp\u0131n teknik taraf\u0131nda da bir y\u0131ld\u0131z\u0131 vard\u0131: Antren\u00f6r Jonny Northeast. Fizik-kondisyon konusunda idmanlar\u0131n ve planlaman\u0131n ba\u015f\u0131ndayd\u0131 daima. Oyuncular ma\u00e7larda yorgundu ve kamp sert ge\u00e7ti.<\/p>\n<p><b>\u0130K\u0130S\u0130 SINIFTA KALDI<\/b><\/p>\n<p>Jurasek uygun g\u00f6r\u00fcnd\u00fc ancak bir \u00f6teki yeni transfer Abraham m\u00fcdafaa emelli yaln\u0131zca 45 dakika oynad\u0131. Sakatl\u0131\u011f\u0131 bulunan Gedson Fernandes \u015fimdi %100 haz\u0131r de\u011fil. Rafa Silva kendini riske etmedi. Arroyo uygundu fakat ma\u00e7 eksi\u011fi var. Mu\u00e7i kamp\u0131n son g\u00fcnleri ekiple \u00e7al\u0131\u015ft\u0131. Mario ve Rashica da ge\u00e7er not alamad\u0131.<\/p>\n","protected":false},"excerpt":{"rendered":"<p>Avusturya kamp\u0131nda Paulista ve Uduokhai inan\u00e7 vermedi. Gedson Fernandes de y\u00fczde 100 haz\u0131r de\u011fil. Rafa kendini riske etmedi. Demir Ege ve Kartal Kayra ise kamp\u0131n parlayan y\u0131ld\u0131zlar\u0131yd\u0131.<\/p>\n","protected":false},"author":1,"featured_media":57621,"comment_status":"open","ping_status":"open","sticky":false,"template":"","format":"standard","meta":{"footnotes":""},"categories":[30],"tags":[6021],"class_list":["post-57620","post","type-post","status-publish","format-standard","has-post-thumbnail","hentry","category-spor","tag-kamp"],"_links":{"self":[{"href":"https:\/\/ikimisli.tr\/index.php\/wp-json\/wp\/v2\/posts\/57620","targetHints":{"allow":["GET"]}}],"collection":[{"href":"https:\/\/ikimisli.tr\/index.php\/wp-json\/wp\/v2\/posts"}],"about":[{"href":"https:\/\/ikimisli.tr\/index.php\/wp-json\/wp\/v2\/types\/post"}],"author":[{"embeddable":true,"href":"https:\/\/ikimisli.tr\/index.php\/wp-json\/wp\/v2\/users\/1"}],"replies":[{"embeddable":true,"href":"https:\/\/ikimisli.tr\/index.php\/wp-json\/wp\/v2\/comments?post=57620"}],"version-history":[{"count":1,"href":"https:\/\/ikimisli.tr\/index.php\/wp-json\/wp\/v2\/posts\/57620\/revisions"}],"predecessor-version":[{"id":57622,"href":"https:\/\/ikimisli.tr\/index.php\/wp-json\/wp\/v2\/posts\/57620\/revisions\/57622"}],"wp:featuredmedia":[{"embeddable":true,"href":"https:\/\/ikimisli.tr\/index.php\/wp-json\/wp\/v2\/media\/57621"}],"wp:attachment":[{"href":"https:\/\/ikimisli.tr\/index.php\/wp-json\/wp\/v2\/media?parent=57620"}],"wp:term":[{"taxonomy":"category","embeddable":true,"href":"https:\/\/ikimisli.tr\/index.php\/wp-json\/wp\/v2\/categories?post=57620"},{"taxonomy":"post_tag","embeddable":true,"href":"https:\/\/ikimisli.tr\/index.php\/wp-json\/wp\/v2\/tags?post=57620"}],"curies":[{"name":"wp","href":"https:\/\/api.w.org\/{rel}","templated":true}]}}