{"id":57928,"date":"2025-07-20T22:47:45","date_gmt":"2025-07-20T22:47:45","guid":{"rendered":"https:\/\/ikimisli.tr\/?p=57928"},"modified":"2025-07-20T22:47:45","modified_gmt":"2025-07-20T22:47:45","slug":"corumlu-sirket-italyanin-dev-firmasini-satin-aldi","status":"publish","type":"post","link":"https:\/\/ikimisli.tr\/index.php\/2025\/07\/20\/corumlu-sirket-italyanin-dev-firmasini-satin-aldi\/","title":{"rendered":"\u00c7orumlu \u015firket \u0130talya&#8217;n\u0131n dev firmas\u0131n\u0131 sat\u0131n ald\u0131"},"content":{"rendered":"<p>T\u00fcrk savunma sanayiinde faaliyet g\u00f6steren ARCA Savunma, \u0130talya merkezli m\u00fchimmat imha \u015firketi Esplodenti Sabino\u2019yu sat\u0131n ald\u0131. Sat\u0131n alma s\u00fcreci, ARCA Y\u00f6netim Kurulu Lideri \u0130smail Terlemez\u2019in y\u00fcr\u00fctt\u00fc\u011f\u00fc g\u00f6r\u00fc\u015fmelerin akabinde tamamland\u0131.<\/p>\n<p><b>SATIN ALMA S\u00dcREC\u0130 AYLAR S\u00dcRD\u00dc<\/b><\/p>\n<p>\u0130talya bas\u0131n\u0131nda da yank\u0131 bulan geli\u015fme, birka\u00e7 ayl\u0131k m\u00fczakere s\u00fcrecinin sonucunda ger\u00e7ekle\u015fti. Taraflar, sat\u0131\u015f\u0131n mali ayr\u0131nt\u0131lar\u0131n\u0131 kamuoyuyla payla\u015fmad\u0131.<\/p>\n<p><img decoding=\"async\" src=\"https:\/\/ikimisli.tr\/wp-content\/uploads\/2025\/07\/corumlu-sirket-italyanin-dev-firmasini-satin-aldi-0-8lH6YqVb.jpeg\"\/><\/p>\n<p><b>\u015e\u0130RKET NATO VE \u0130TALYA SAVUNMA BAKANLI\u011eI \u0130LE \u00c7ALI\u015eTI<\/b><\/p>\n<p>Esplodenti Sabino, Avrupa\u2019da m\u00fchimmat, f\u00fcze ve patlay\u0131c\u0131 imhas\u0131 yapan az say\u0131daki firmadan biri olarak biliniyor. \u015eirket ge\u00e7mi\u015fte NATO \u00fclkeleri ve \u0130talya Savunma Bakanl\u0131\u011f\u0131&#8217;yla \u00e7e\u015fitli projelerde yer ald\u0131.<\/p>\n<p><b>\u00dcRET\u0130M TES\u0130S\u0130 CASALBORD\u0130NO&#8217;DA BULUNUYOR<\/b><\/p>\n<p>Sat\u0131n al\u0131nan tesis, \u0130talya\u2019n\u0131n Casalbordino b\u00f6lgesinde yer al\u0131yor. ARCA Savunma\u2019n\u0131n bu tesiste yapaca\u011f\u0131 de\u011fi\u015fiklikler ve \u00fcretim planlar\u0131 \u015fimdi a\u00e7\u0131klanmad\u0131. \u015eirketin \u0130talya\u2019daki ofisi ise Milano\u2019da faaliyet g\u00f6steriyor.<\/p>\n<p><b>T\u00dcRK\u0130YE&#8217;DEK\u0130 TES\u0130STE M\u00dcH\u0130MMAT VE ROKET \u00dcRET\u0130L\u0130YOR<\/b><\/p>\n<p>ARCA Savunma, T\u00fcrkiye\u2019de farkl\u0131 kalibrelerde top, havan ve silah m\u00fchimmat\u0131 ile 20\u201340 kilometre menzilli roketler ve plastik patlay\u0131c\u0131lar \u00fcretiyor. \u00c7orum\u2019daki \u00fcretim tesisinde a\u011f\u0131r bir \u00fcretim kapasitesi bulunuyor.<\/p>\n","protected":false},"excerpt":{"rendered":"<p>T\u00fcrkiye\u2019nin m\u00fchimmat \u00fcretimi yapan firmalar\u0131ndan ARCA Savunma, Avrupa\u2019n\u0131n de\u011ferli askeri sanayi kurulu\u015flar\u0131ndan \u0130talyan Esplodenti Sabino\u2019yu sat\u0131n alarak bir prensip daha imza att\u0131.<\/p>\n","protected":false},"author":1,"featured_media":57929,"comment_status":"open","ping_status":"open","sticky":false,"template":"","format":"standard","meta":{"footnotes":""},"categories":[24],"tags":[140,1404],"class_list":["post-57928","post","type-post","status-publish","format-standard","has-post-thumbnail","hentry","category-ekonomi","tag-italya","tag-savunma"],"_links":{"self":[{"href":"https:\/\/ikimisli.tr\/index.php\/wp-json\/wp\/v2\/posts\/57928","targetHints":{"allow":["GET"]}}],"collection":[{"href":"https:\/\/ikimisli.tr\/index.php\/wp-json\/wp\/v2\/posts"}],"about":[{"href":"https:\/\/ikimisli.tr\/index.php\/wp-json\/wp\/v2\/types\/post"}],"author":[{"embeddable":true,"href":"https:\/\/ikimisli.tr\/index.php\/wp-json\/wp\/v2\/users\/1"}],"replies":[{"embeddable":true,"href":"https:\/\/ikimisli.tr\/index.php\/wp-json\/wp\/v2\/comments?post=57928"}],"version-history":[{"count":1,"href":"https:\/\/ikimisli.tr\/index.php\/wp-json\/wp\/v2\/posts\/57928\/revisions"}],"predecessor-version":[{"id":57931,"href":"https:\/\/ikimisli.tr\/index.php\/wp-json\/wp\/v2\/posts\/57928\/revisions\/57931"}],"wp:featuredmedia":[{"embeddable":true,"href":"https:\/\/ikimisli.tr\/index.php\/wp-json\/wp\/v2\/media\/57929"}],"wp:attachment":[{"href":"https:\/\/ikimisli.tr\/index.php\/wp-json\/wp\/v2\/media?parent=57928"}],"wp:term":[{"taxonomy":"category","embeddable":true,"href":"https:\/\/ikimisli.tr\/index.php\/wp-json\/wp\/v2\/categories?post=57928"},{"taxonomy":"post_tag","embeddable":true,"href":"https:\/\/ikimisli.tr\/index.php\/wp-json\/wp\/v2\/tags?post=57928"}],"curies":[{"name":"wp","href":"https:\/\/api.w.org\/{rel}","templated":true}]}}