{"id":57932,"date":"2025-07-20T22:59:46","date_gmt":"2025-07-20T22:59:46","guid":{"rendered":"https:\/\/ikimisli.tr\/?p=57932"},"modified":"2025-07-20T22:59:46","modified_gmt":"2025-07-20T22:59:46","slug":"devletin-anaokulu-bile-12-bin-tl-oldu","status":"publish","type":"post","link":"https:\/\/ikimisli.tr\/index.php\/2025\/07\/20\/devletin-anaokulu-bile-12-bin-tl-oldu\/","title":{"rendered":"Devletin anaokulu bile 12 bin TL\u00a0oldu"},"content":{"rendered":"<p>T\u00fcrkiye\u2019de okul \u00f6ncesi e\u011fitimin eri\u015filebilir ve fiyats\u0131z olmas\u0131, f\u0131rsat e\u015fitli\u011finin sa\u011flanmas\u0131 a\u00e7\u0131s\u0131ndan b\u00fcy\u00fck k\u0131ymet ta\u015f\u0131yor. Lakin son y\u0131llarda devlet anaokullar\u0131nda talep edilen fiyatlar\u0131n artmas\u0131, pek \u00e7ok ailenin bu hizmetten yararlanmas\u0131n\u0131 zorla\u015ft\u0131r\u0131yor. S\u0131k\u0131nt\u0131 ekonomik \u015fartlar alt\u0131nda ge\u00e7im u\u011fra\u015f\u0131 veren aileler, \u00e7ocuklar\u0131n\u0131 devlet anaokullar\u0131na g\u00f6nderemiyor ya da maddi fedak\u00e2rl\u0131klar yapmak zorunda kal\u0131yor.<\/p>\n<p>T\u00fcrkiye\u2019de devlet anaokullar\u0131 kay\u0131t kademesinde fiyat talep etmiyor, lakin beslenme, k\u0131rtasiye, pakl\u0131k \u00fczere hizmetler i\u00e7in &#8220;katk\u0131 pay\u0131&#8221; ismi alt\u0131nda aidatlar\u0131 ayl\u0131k ya da y\u0131ll\u0131k olarak velilerden talep ediyor. Belirlenen fiyatlar vilayet, il\u00e7e seviyesinde de\u011fi\u015fkenlik g\u00f6steriyor.<\/p>\n<p><b>&#8220;Size bir ho\u015fluk yapal\u0131m&#8221;<\/b><\/p>\n<p>Asgari fiyatla ge\u00e7inen ailelerin \u00e7ocuklar\u0131n\u0131 anaokuluna yazd\u0131rmakta zorlanmas\u0131n\u0131, t\u0131pk\u0131 sorunu ya\u015fayan evli ve \u00fc\u00e7 \u00e7ocuk babas\u0131 G.\u015e., ile konu\u015ftuk. 2004 y\u0131l\u0131ndan bu yana Ankara&#8217;da motokuryelik yapan G.\u015e., 4 ya\u015f\u0131ndaki k\u0131z \u00e7ocu\u011funu anaokuluna yazd\u0131rmak i\u00e7in gitti\u011fi anaokulunda \u201ckatk\u0131 pay\u0131\u201d talebiyle kar\u015f\u0131la\u015ft\u0131\u011f\u0131n\u0131 anlatt\u0131. Kendisinden 12 bin liral\u0131k fiyat talep edildi\u011fini belirten G.\u015e, bu fiyat\u0131 \u00f6deyemeyece\u011fini s\u00f6ylemesinin \u00fczerine kendisine &#8220;Size bir ho\u015fluk yapal\u0131m. O vakit 3 bin liras\u0131n\u0131 pe\u015fin verin, kalan\u0131n\u0131 taksitle \u00f6deyin&#8221; formunda bir kar\u015f\u0131l\u0131k verildi\u011fini s\u00f6yledi. Bunun \u00fczerine Ulusal E\u011fitim Bakanl\u0131\u011f\u0131\u2019n\u0131 arad\u0131\u011f\u0131n\u0131 anlatan G.\u015e., bakanl\u0131k yetkililerinin kendisine bu fiyat\u0131n Nisan ay\u0131ndan bu yana talep ettiklerini s\u00f6yledi\u011fini hat\u0131rlatt\u0131.<\/p>\n<p><b>&#8220;K\u0131z \u00e7ocu\u011fuma yeteri kadar bir e\u011fitim sa\u011flayamamaktan h\u00fcz\u00fcn duyuyorum&#8221;<\/b><\/p>\n<p>&#8220;Acaba \u00e7ocu\u011fumu bu sene okutmasam m\u0131? \u00c7ocu\u011fum okul \u00f6ncesi e\u011fitim almasa m\u0131? diye d\u00fc\u015f\u00fcnd\u00fcm\u201d diyen G.\u015e., i\u00e7erisinde bulundu\u011fu ekonomik durumu ise 17 bin 500 lira kira \u00f6dedi\u011fini, kredi kartlar\u0131n\u0131n ise limitinin kalmad\u0131\u011f\u0131n\u0131 hat\u0131rlatarak anlatt\u0131 ve \u015fu tabirleri kulland\u0131:<\/p>\n<p>&#8220;Ne yapaca\u011f\u0131m\u0131 \u015fa\u015f\u0131rd\u0131m. Ben \u00e7ocuklar\u0131m i\u00e7in \u00fcz\u00fcl\u00fcyorum. K\u0131z \u00e7ocu\u011fuma yeteri kadar bir e\u011fitim sa\u011flayamamaktan keder duyuyorum. Ben her vakit istiyorum ki k\u0131z\u0131m\u0131 \u00fcniversiteye kadar okutabileyim. Bir meslek sahibi olsun. Fakat \u015fu anki ekonomik \u015fartlara bakt\u0131\u011f\u0131m\u0131z vakit bu \u00e7ok g\u00fc\u00e7. Her \u015fey ate\u015f k\u0131ymeti. \u00c7anta, defter, suluk her \u015fey&#8230; Ne yapaca\u011f\u0131m\u0131 bilemiyorum. Ulusal E\u011fitim Bakan\u0131\u2019na \u015funu s\u00f6ylemek istiyorum. Ekonomik durumu y\u00fcz\u00fcnden kendi \u00e7ocu\u011funu okula yazd\u0131ramasayd\u0131 ne hissederdi? Ben bir baba olarak \u00e7ok makus hissettim. Kendisini benim yerime koysun. Ne hissetti\u011fimi d\u00fc\u015f\u00fcns\u00fcn. Ben evlad\u0131ma d\u00fczg\u00fcn bir hayat sunamayaca\u011f\u0131m\u0131 d\u00fc\u015f\u00fcnd\u00fcm.<\/p>\n<p><b>&#8220;\u015eimdi ben \u00e7ocuklar\u0131m\u0131 nas\u0131l okutay\u0131m?&#8221;<\/b><\/p>\n<p>Bu k\u0131z \u00e7ocu\u011fu daha anas\u0131n\u0131f\u0131na ba\u015fl\u0131yor. \u00d6n\u00fcmde \u00e7abucak direkt a\u011fabeyi akl\u0131ma geldi. Lisede olan bir \u00e7ocu\u011fum var. Sanki bunun i\u00e7in bu sene neler isteyecekler benden? Art\u0131k ben \u00e7ocuklar\u0131m\u0131 nas\u0131l okutay\u0131m? Okutup da \u00fcniversiteye yollayabilecek miyim? Ben dedi\u011fim \u00fczere motokuryeyim. On bir kere kaza ge\u00e7irdim. Ben d\u00fc\u015f\u00fcnemiyorum \u00e7al\u0131\u015f\u0131p, para kazanamazsam, \u00e7ocuklar\u0131ma nas\u0131l bakaca\u011f\u0131m. O denli bir durumda e\u011fitim masraflar\u0131n\u0131 nas\u0131l kar\u015f\u0131layaca\u011f\u0131m\u0131 d\u00fc\u015f\u00fcn\u00fcyorum.&#8221;<\/p>\n","protected":false},"excerpt":{"rendered":"<p>Devlet anaokullar\u0131 kay\u0131t kademesinde beslenme, k\u0131rtasiye, pakl\u0131k hizmetleri i\u00e7in para talep ediyor. Fiyatlar okula nazaran de\u011fi\u015fiyor. 4 ya\u015f\u0131ndaki k\u0131z\u0131n\u0131 anaokuluna yazd\u0131rmak isteyen G.\u015e isimli baba, talep edilen 12 bin TL\u2019yi \u00f6deyemeyece\u011fini belirtti.<\/p>\n","protected":false},"author":1,"featured_media":57933,"comment_status":"open","ping_status":"open","sticky":false,"template":"","format":"standard","meta":{"footnotes":""},"categories":[25],"tags":[3285,675,1328,1183,814],"class_list":["post-57932","post","type-post","status-publish","format-standard","has-post-thumbnail","hentry","category-gundem","tag-cocugum","tag-cocuk","tag-egitim","tag-kiz","tag-ucret"],"_links":{"self":[{"href":"https:\/\/ikimisli.tr\/index.php\/wp-json\/wp\/v2\/posts\/57932","targetHints":{"allow":["GET"]}}],"collection":[{"href":"https:\/\/ikimisli.tr\/index.php\/wp-json\/wp\/v2\/posts"}],"about":[{"href":"https:\/\/ikimisli.tr\/index.php\/wp-json\/wp\/v2\/types\/post"}],"author":[{"embeddable":true,"href":"https:\/\/ikimisli.tr\/index.php\/wp-json\/wp\/v2\/users\/1"}],"replies":[{"embeddable":true,"href":"https:\/\/ikimisli.tr\/index.php\/wp-json\/wp\/v2\/comments?post=57932"}],"version-history":[{"count":1,"href":"https:\/\/ikimisli.tr\/index.php\/wp-json\/wp\/v2\/posts\/57932\/revisions"}],"predecessor-version":[{"id":57934,"href":"https:\/\/ikimisli.tr\/index.php\/wp-json\/wp\/v2\/posts\/57932\/revisions\/57934"}],"wp:featuredmedia":[{"embeddable":true,"href":"https:\/\/ikimisli.tr\/index.php\/wp-json\/wp\/v2\/media\/57933"}],"wp:attachment":[{"href":"https:\/\/ikimisli.tr\/index.php\/wp-json\/wp\/v2\/media?parent=57932"}],"wp:term":[{"taxonomy":"category","embeddable":true,"href":"https:\/\/ikimisli.tr\/index.php\/wp-json\/wp\/v2\/categories?post=57932"},{"taxonomy":"post_tag","embeddable":true,"href":"https:\/\/ikimisli.tr\/index.php\/wp-json\/wp\/v2\/tags?post=57932"}],"curies":[{"name":"wp","href":"https:\/\/api.w.org\/{rel}","templated":true}]}}