{"id":57954,"date":"2025-07-21T00:11:45","date_gmt":"2025-07-21T00:11:45","guid":{"rendered":"https:\/\/ikimisli.tr\/?p=57954"},"modified":"2025-07-21T00:11:45","modified_gmt":"2025-07-21T00:11:45","slug":"otomobilde-otv-degisimi-yasalasti","status":"publish","type":"post","link":"https:\/\/ikimisli.tr\/index.php\/2025\/07\/21\/otomobilde-otv-degisimi-yasalasti\/","title":{"rendered":"Otomobilde \u00d6TV de\u011fi\u015fimi yasala\u015ft\u0131"},"content":{"rendered":"<p>Baz\u0131 fosil yak\u0131tl\u0131 ve hibrit ara\u00e7lar\u0131n \u00d6zel T\u00fcketim Vergisi (\u00d6TV) matrahlar\u0131nda ve oranlar\u0131nda de\u011fi\u015fiklik \u00f6ng\u00f6ren d\u00fczenleme, maddele\u015fti. Yeni d\u00fczenlemeyle birlikte, ara\u00e7 tipine nazaran farkl\u0131 vergi oranlar\u0131 uygulanacak.<\/p>\n<p><b>\u00d6TV ORANLARI Y\u00dcZDE 80 \u0130LE 220 ORTASINDA DE\u011e\u0130\u015eECEK<\/b><\/p>\n<p>Yasaya nazaran; fosil yak\u0131tla \u00e7al\u0131\u015fan binek arabalar ile hem fosil yak\u0131t hem de elektrik motoru bulunan kimi hibrit arabalar\u0131n \u00d6TV matrah e\u015fikleri ve oranlar\u0131nda de\u011fi\u015fikli\u011fe gidilecek. Bu kapsamda ara\u00e7lar\u0131n motor silindir hacmi ve elektrik motor g\u00fcc\u00fcne nazaran uygulanacak \u00d6TV oranlar\u0131 y\u00fczde 80 ile y\u00fczde 220 ortas\u0131nda de\u011fi\u015fecek.<\/p>\n<p><b>ARAZ\u0130 TA\u015eITLARINDA YEN\u0130 ORAN: Y\u00dcZDE 50<\/b><\/p>\n<p>Kamyonet cinsi ara\u00e7lardan, azami y\u00fck k\u00fctlesi 3 bin 500 kilogram\u0131 ge\u00e7meyen arazi ta\u015f\u0131tlar\u0131 i\u00e7in \u00d6TV oran\u0131 y\u00fczde 50 olarak uygulanacak.<\/p>\n<p><img decoding=\"async\" src=\"https:\/\/ikimisli.tr\/wp-content\/uploads\/2025\/07\/otomobilde-otv-degisimi-yasalasti-0-1rxVxI9C.jpg\"\/><\/p>\n<p><b>LPG T\u0130CARET\u0130NDE SINIRLAMA 2026\u2019DA BA\u015eLIYOR<\/b><\/p>\n<p>LPG Piyasas\u0131 Kanunu ve Elektrik Piyasas\u0131 Kanunu\u2019nda yap\u0131lan de\u011fi\u015fiklikle, da\u011f\u0131t\u0131c\u0131lar\u0131n di\u011fer bir da\u011f\u0131t\u0131c\u0131dan LPG almas\u0131na m\u00fcsaade verilecek. Lakin al\u0131nan LPG, di\u011fer bir da\u011f\u0131t\u0131c\u0131ya sat\u0131lamayacak. Bu karar, 1 Ocak 2026 tarihinde y\u00fcr\u00fcrl\u00fc\u011fe girecek.<\/p>\n<p><b>KAMU ARA\u00c7 ALIMINDA \u00d6TV MUAF\u0130YET\u0130<\/b><\/p>\n<p>D\u00fczenlemeye nazaran, \u00d6TV Kanunu\u2019nun II say\u0131l\u0131 listesinde yer alan ve yerli katk\u0131 oran\u0131 en az y\u00fczde 40 olan binek arabalar, kamyonlar, kamyonetler, arazi ta\u015f\u0131tlar\u0131 ve motosikletler i\u00e7in birtak\u0131m kurumlara \u00d6TV muafiyeti tan\u0131nacak.<\/p>\n<p>Milli Savunma Bakanl\u0131\u011f\u0131, \u0130\u00e7i\u015fleri Bakanl\u0131\u011f\u0131, Savunma Sanayii Ba\u015fkanl\u0131\u011f\u0131 ve Ulusal \u0130stihbarat Te\u015fkilat\u0131 taraf\u0131ndan sadece savunma ve i\u00e7 g\u00fcvenlik gereksinimlerinde kullan\u0131lmak \u00fczere yap\u0131lacak birinci al\u0131mlar \u00d6TV\u2019den muaf tutulacak. Yerli \u00fcretimi bulunmayan hafif ticari ara\u00e7lar da bu kapsama al\u0131nabilecek.<\/p>\n<p><b>CUMHURBA\u015eKANI&#8217;NA YEN\u0130 YETK\u0130LER<\/b><\/p>\n<p>Yasa kapsam\u0131nda Cumhurba\u015fkan\u0131, \u00d6TV matrahlar\u0131n\u0131n alt ve \u00fcst sonlar\u0131n\u0131 3 kat\u0131na kadar art\u0131rma yahut s\u0131f\u0131ra indirme yetkisine sahip olacak. Ayr\u0131yeten motor silindir hacmi, menzil ve batarya kapasitesine nazaran farkl\u0131 vergi oranlar\u0131 belirleyebilecek.<\/p>\n","protected":false},"excerpt":{"rendered":"<p>Birtak\u0131m araba k\u00fcmelerinde \u00d6zel T\u00fcketim Vergisi (\u00d6TV) oranlar\u0131 ve matrah e\u015fikleri yine d\u00fczenlendi. Fosil yak\u0131tl\u0131 ve hibrit ara\u00e7lar\u0131 kapsayan yasa de\u011fi\u015fikli\u011fiyle birlikte, motor silindir hacmi ve elektrik motor g\u00fcc\u00fcne nazaran uygulanacak vergi oranlar\u0131 netle\u015fti. D\u00fczenleme kapsam\u0131nda kimi kamyonet ve arazi ara\u00e7lar\u0131na da yeni \u00d6TV oran\u0131 getirildi.<\/p>\n","protected":false},"author":1,"featured_media":57955,"comment_status":"open","ping_status":"open","sticky":false,"template":"","format":"standard","meta":{"footnotes":""},"categories":[28],"tags":[917,1573,1637],"class_list":["post-57954","post","type-post","status-publish","format-standard","has-post-thumbnail","hentry","category-otomobil","tag-arac","tag-oranlari","tag-otv"],"_links":{"self":[{"href":"https:\/\/ikimisli.tr\/index.php\/wp-json\/wp\/v2\/posts\/57954","targetHints":{"allow":["GET"]}}],"collection":[{"href":"https:\/\/ikimisli.tr\/index.php\/wp-json\/wp\/v2\/posts"}],"about":[{"href":"https:\/\/ikimisli.tr\/index.php\/wp-json\/wp\/v2\/types\/post"}],"author":[{"embeddable":true,"href":"https:\/\/ikimisli.tr\/index.php\/wp-json\/wp\/v2\/users\/1"}],"replies":[{"embeddable":true,"href":"https:\/\/ikimisli.tr\/index.php\/wp-json\/wp\/v2\/comments?post=57954"}],"version-history":[{"count":1,"href":"https:\/\/ikimisli.tr\/index.php\/wp-json\/wp\/v2\/posts\/57954\/revisions"}],"predecessor-version":[{"id":57957,"href":"https:\/\/ikimisli.tr\/index.php\/wp-json\/wp\/v2\/posts\/57954\/revisions\/57957"}],"wp:featuredmedia":[{"embeddable":true,"href":"https:\/\/ikimisli.tr\/index.php\/wp-json\/wp\/v2\/media\/57955"}],"wp:attachment":[{"href":"https:\/\/ikimisli.tr\/index.php\/wp-json\/wp\/v2\/media?parent=57954"}],"wp:term":[{"taxonomy":"category","embeddable":true,"href":"https:\/\/ikimisli.tr\/index.php\/wp-json\/wp\/v2\/categories?post=57954"},{"taxonomy":"post_tag","embeddable":true,"href":"https:\/\/ikimisli.tr\/index.php\/wp-json\/wp\/v2\/tags?post=57954"}],"curies":[{"name":"wp","href":"https:\/\/api.w.org\/{rel}","templated":true}]}}