{"id":57961,"date":"2025-07-21T00:47:45","date_gmt":"2025-07-21T00:47:45","guid":{"rendered":"https:\/\/ikimisli.tr\/?p=57961"},"modified":"2025-07-21T00:47:45","modified_gmt":"2025-07-21T00:47:45","slug":"14i-kirmizi-bultenle-biri-ulusal-seviyede-aranan-15-suclu-yakalandi","status":"publish","type":"post","link":"https:\/\/ikimisli.tr\/index.php\/2025\/07\/21\/14i-kirmizi-bultenle-biri-ulusal-seviyede-aranan-15-suclu-yakalandi\/","title":{"rendered":"14&#8217;i k\u0131rm\u0131z\u0131 b\u00fcltenle, biri ulusal seviyede aranan 15 su\u00e7lu yakaland\u0131"},"content":{"rendered":"<p>\u0130\u00e7i\u015fleri Bakan\u0131 Ali Yerlikaya, X \u00fczerinden yapt\u0131\u011f\u0131 a\u00e7\u0131klamada, &#8220;K\u0131rm\u0131z\u0131 B\u00fcltenle Arad\u0131\u011f\u0131m\u0131z 14, Ulusal D\u00fczeyde Arad\u0131\u011f\u0131m\u0131z 1 olmak \u00fczere 15 Hatal\u0131y\u0131 G\u00dcRC\u0130STAN (8), ALMANYA (3), YUNAN\u0130STAN, BEL\u00c7\u0130KA ve SIRB\u0130STAN ve KKTC&#8217;den \u00dclkemize Getirdik.&#8221; dedi.<\/p>\n<p>&#8220;Bu kabine devrimizde 407 c\u00fcr\u00fcml\u00fcn\u00fcn \u00fclkemize iadesini sa\u011flad\u0131k. Enselerindeyiz, Bizden Ka\u00e7amayacaklar&#8221; diyen Bakan Yerlikaya \u015funlar\u0131 kaydetti:<\/p>\n<p>&#8220;K\u0131rm\u0131z\u0131 b\u00fcltenle memleketler aras\u0131 d\u00fczeyde aranan A.\u00d6., S.\u00c7., \u0130.K., D.T., \u0130.\u00c7., A.\u015e., \u0130.K., \u00d6.B., M.Y., \u015e.A., \u00d6.G., B.\u015e., A.G. ve K.K. ile ulusal d\u00fczeyde aranan C.K. isimli \u015fah\u0131slar yakaland\u0131 ve \u00fclkemize iadeleri sa\u011fland\u0131. Yurt d\u0131\u015f\u0131na ka\u00e7an ve haklar\u0131nda arama karar\u0131 bulunan \u015fah\u0131slar\u0131n izini s\u00fcrd\u00fck.<\/p>\n<p>Yap\u0131lan \u00e7al\u0131\u015fmalar sonucu;<\/p>\n<p>INTERPOL data tabanlar\u0131, emniyet bilgi sistemleri, toplumsal medya ve a\u00e7\u0131k kaynaklardan elde edilen bilgiler,<\/p>\n<p>\u0130stihbarat, Narkotik, Asayi\u015f, G\u00f6\u00e7men Ka\u00e7ak\u00e7\u0131l\u0131\u011f\u0131 ve Siber C\u00fcr\u00fcmlerle \u00c7aba Daire Ba\u015fkanl\u0131klar\u0131m\u0131z\u0131n tahlilleriyle \u015fah\u0131slar\u0131n sakland\u0131klar\u0131 \u00fclkeler tek tek belirlendi.<\/p>\n<p>Adalet Bakanl\u0131\u011f\u0131m\u0131z uyumunda; Haklar\u0131nda \u00e7\u0131kar\u0131lan k\u0131rm\u0131z\u0131 b\u00fcltenle milletleraras\u0131 d\u00fczeyde ve ulusal d\u00fczeyde arad\u0131\u011f\u0131m\u0131z bu \u015fah\u0131slar; ilgili \u00fclkelerin kolluk \u00fcniteleriyle kurulan operasyonel temaslar sonucu;<\/p>\n<p>&#8220;Uyu\u015fturucu yahut uyar\u0131c\u0131 unsur ticareti&#8221; kabahatinden K\u0131rm\u0131z\u0131 B\u00fcltenle milletleraras\u0131 d\u00fczeyde aranan A.\u00d6. isimli \u015fah\u0131s G\u00fcrcistan\u2019da,<\/p>\n<p>&#8220;Bili\u015fim sistemlerinin kullan\u0131lmas\u0131 suretiyle doland\u0131r\u0131c\u0131l\u0131k ve g\u00f6\u00e7men ka\u00e7ak\u00e7\u0131l\u0131\u011f\u0131&#8221; hatalar\u0131ndan K\u0131rm\u0131z\u0131 B\u00fcltenle memleketler aras\u0131 d\u00fczeyde aranan S.\u00c7. isimli \u015fah\u0131s G\u00fcrcistan\u2019da,<\/p>\n<p>&#8220;Ki\u015fiyi h\u00fcrriyetinden mahrum k\u0131lma, yaralama, konut dokunulmazl\u0131\u011f\u0131n\u0131 ihlal etme, silahla tehdit ve mala ziyan verme&#8221; hatalar\u0131ndan K\u0131rm\u0131z\u0131 B\u00fcltenle milletleraras\u0131 d\u00fczeyde aranan \u0130.K. isimli \u015fah\u0131s G\u00fcrcistan\u2019da,<\/p>\n<p>&#8220;Kasten yaralama, misyonu yapt\u0131rmamak i\u00e7in direnme, kamu mal\u0131na ziyan verme, hakaret ve ruhsats\u0131z Silah&#8221; kabahatlerinden K\u0131rm\u0131z\u0131 B\u00fcltenle milletleraras\u0131 d\u00fczeyde aranan D.T. isimli \u015fah\u0131s G\u00fcrcistan\u2019da,<\/p>\n<p>&#8220;H\u00fck\u00fcml\u00fc yahut tutuklunun ka\u00e7mas\u0131, adam \u00f6ld\u00fcrme, infaz kurumuna yahut tutukevine yasak e\u015fya sokma&#8221; hatalar\u0131ndan K\u0131rm\u0131z\u0131 B\u00fcltenle memleketler aras\u0131 d\u00fczeyde aranan \u0130.\u00c7. isimli \u015fah\u0131s G\u00fcrcistan\u2019da,<\/p>\n<p>&#8220;\u00c7ocu\u011fun cinsel istismar\u0131, cebir, tehdit yahut hileyle ki\u015fiyi h\u00fcrriyetinden mahrum k\u0131lma&#8221; kabahatlerinden K\u0131rm\u0131z\u0131 B\u00fcltenle memleketler aras\u0131 d\u00fczeyde aranan A.\u015e. isimli \u015fah\u0131s G\u00fcrcistan\u2019da,<\/p>\n<p>&#8220;Yaralama, nitelikli ya\u011fma, ki\u015fiyi h\u00fcrriyetinden mahrum k\u0131lma, resmi dok\u00fcman\u0131n d\u00fczenlenmesinde palavra beyan, sahtecilik, doland\u0131r\u0131c\u0131l\u0131k, uydurma para basma&#8221; c\u00fcr\u00fcmlerinden K\u0131rm\u0131z\u0131 B\u00fcltenle milletleraras\u0131 d\u00fczeyde aranan \u0130.K. isimli \u015fah\u0131s G\u00fcrcistan\u2019da,<\/p>\n<p>&#8220;Silahla ya\u011fma, tehdit, hakaret, birden fazla ki\u015fi taraf\u0131ndan silahla ya\u011fma, ki\u015fiyi h\u00fcrriyetinden mahrum k\u0131lma ve silahla tehdit\u201d kabahatlerinden K\u0131rm\u0131z\u0131 B\u00fcltenle memleketler aras\u0131 d\u00fczeyde aranan \u00d6.B. isimli \u015fah\u0131s G\u00fcrcistan\u2019da,<\/p>\n<p>&#8220;Uyu\u015fturucu, uyar\u0131c\u0131 husus ticareti yapmak yahut sa\u011flamak&#8221; kabahatinden K\u0131rm\u0131z\u0131 B\u00fcltenle memleketler aras\u0131 d\u00fczeyde aranan M.Y. isimli \u015fah\u0131s Almanya\u2019da,<\/p>\n<p>&#8220;Kasten \u00d6ld\u00fcrme&#8221; kabahatinden K\u0131rm\u0131z\u0131 B\u00fcltenle milletleraras\u0131 d\u00fczeyde aranan \u015e.A. isimli \u015fah\u0131s Almanya\u2019da,<\/p>\n<p>&#8220;Bili\u015fim sistemlerinin kullan\u0131lmas\u0131 suretiyle doland\u0131r\u0131c\u0131l\u0131k&#8221; c\u00fcrm\u00fcnden K\u0131rm\u0131z\u0131 B\u00fcltenle memleketler aras\u0131 d\u00fczeyde aranan \u00d6.G. isimli \u015fah\u0131s Almanya\u2019da,<\/p>\n<p>&#8220;H\u0131rs\u0131zl\u0131k, konut dokunulmazl\u0131\u011f\u0131n\u0131 ihlal etme ve mala ziyan verme&#8221; hatalar\u0131ndan K\u0131rm\u0131z\u0131 B\u00fcltenle milletleraras\u0131 d\u00fczeyde aranan B.\u015e. isimli \u015fah\u0131s Yunanistan\u2019da,<\/p>\n<p>&#8220;Kasten Yaralama&#8221; kabahatinden K\u0131rm\u0131z\u0131 B\u00fcltenle memleketler aras\u0131 d\u00fczeyde aranan A.G. isimli \u015fah\u0131s Bel\u00e7ika\u2019da,<\/p>\n<p>&#8220;Uyu\u015fturucu yahut uyar\u0131c\u0131 unsur ticareti yapma yahut sa\u011flama&#8221; c\u00fcr\u00fcmlerinden K\u0131rm\u0131z\u0131 B\u00fcltenle memleketler aras\u0131 d\u00fczeyde aranan K.K. isimli \u015fah\u0131s S\u0131rbistan\u2019da,<\/p>\n<p>&#8220;\u00d6zel evrakta sahtecilik, doland\u0131r\u0131c\u0131l\u0131k ve Tefecilik&#8221; kabahatlerinden ulusal d\u00fczeyde aranan C.K. isimli \u015fah\u0131s KKTC\u2019nde yakaland\u0131 ve \u00fclkemize iadeleri sa\u011fland\u0131.&#8221;<\/p>\n","protected":false},"excerpt":{"rendered":"<p>\u0130\u00e7i\u015fleri Bakan\u0131 Ali Yerlikaya, k\u0131rm\u0131z\u0131 b\u00fcltenle aranan 14 ki\u015fi ile ulusal d\u00fczeyde aranan bir ki\u015finin yakaland\u0131\u011f\u0131n\u0131 duyurdu.<\/p>\n","protected":false},"author":1,"featured_media":57962,"comment_status":"open","ping_status":"open","sticky":false,"template":"","format":"standard","meta":{"footnotes":""},"categories":[25],"tags":[2964,2015],"class_list":["post-57961","post","type-post","status-publish","format-standard","has-post-thumbnail","hentry","category-gundem","tag-aranan","tag-sucundan"],"_links":{"self":[{"href":"https:\/\/ikimisli.tr\/index.php\/wp-json\/wp\/v2\/posts\/57961","targetHints":{"allow":["GET"]}}],"collection":[{"href":"https:\/\/ikimisli.tr\/index.php\/wp-json\/wp\/v2\/posts"}],"about":[{"href":"https:\/\/ikimisli.tr\/index.php\/wp-json\/wp\/v2\/types\/post"}],"author":[{"embeddable":true,"href":"https:\/\/ikimisli.tr\/index.php\/wp-json\/wp\/v2\/users\/1"}],"replies":[{"embeddable":true,"href":"https:\/\/ikimisli.tr\/index.php\/wp-json\/wp\/v2\/comments?post=57961"}],"version-history":[{"count":1,"href":"https:\/\/ikimisli.tr\/index.php\/wp-json\/wp\/v2\/posts\/57961\/revisions"}],"predecessor-version":[{"id":57963,"href":"https:\/\/ikimisli.tr\/index.php\/wp-json\/wp\/v2\/posts\/57961\/revisions\/57963"}],"wp:featuredmedia":[{"embeddable":true,"href":"https:\/\/ikimisli.tr\/index.php\/wp-json\/wp\/v2\/media\/57962"}],"wp:attachment":[{"href":"https:\/\/ikimisli.tr\/index.php\/wp-json\/wp\/v2\/media?parent=57961"}],"wp:term":[{"taxonomy":"category","embeddable":true,"href":"https:\/\/ikimisli.tr\/index.php\/wp-json\/wp\/v2\/categories?post=57961"},{"taxonomy":"post_tag","embeddable":true,"href":"https:\/\/ikimisli.tr\/index.php\/wp-json\/wp\/v2\/tags?post=57961"}],"curies":[{"name":"wp","href":"https:\/\/api.w.org\/{rel}","templated":true}]}}