{"id":58058,"date":"2025-07-21T06:23:46","date_gmt":"2025-07-21T06:23:46","guid":{"rendered":"https:\/\/ikimisli.tr\/?p=58058"},"modified":"2025-07-21T06:23:46","modified_gmt":"2025-07-21T06:23:46","slug":"kirmizi-bultenle-aranan-15-suclu-turkiyeye-iade-edildi","status":"publish","type":"post","link":"https:\/\/ikimisli.tr\/index.php\/2025\/07\/21\/kirmizi-bultenle-aranan-15-suclu-turkiyeye-iade-edildi\/","title":{"rendered":"K\u0131rm\u0131z\u0131 b\u00fcltenle aranan 15 su\u00e7lu T\u00fcrkiye&#8217;ye iade edildi"},"content":{"rendered":"<p>Bakan Yerlikaya, sosyal medya hesab\u0131ndan, k\u0131rm\u0131z\u0131 b\u00fcltenle ve ulusal d\u00fczeyde aranan 15 c\u00fcr\u00fcml\u00fcn\u00fcn T\u00fcrkiye&#8217;ye iadesine ait a\u00e7\u0131klama yapt\u0131.<\/p>\n<p>Yap\u0131lan \u00e7al\u0131\u015fmalar sonucu Interpol bilgi tabanlar\u0131, emniyet bilgi sistemleri, toplumsal medya ve a\u00e7\u0131k kaynaklardan elde edilen bilgiler ile istihbarat, narkotik, asayi\u015f, g\u00f6\u00e7men ka\u00e7ak\u00e7\u0131l\u0131\u011f\u0131 ve insan ticaretiyle gayret ile siber c\u00fcr\u00fcmlerle u\u011fra\u015f daire ba\u015fkanl\u0131klar\u0131n\u0131n tahlilleriyle aranan \u015fah\u0131slar\u0131n sakland\u0131klar\u0131 \u00fclkelerin tek tek tespit edildi\u011fini belirten Yerlikaya, &#8220;K\u0131rm\u0131z\u0131 b\u00fcltenle memleketler aras\u0131 d\u00fczeyde aranan A.\u00d6, S.\u00c7, \u0130.K, D.T, \u0130.\u00c7, A.\u015e, \u0130.K, \u00d6.B, M.Y, \u015e.A, \u00d6.G, B.\u015e, A.G. ve K.K. ile ulusal d\u00fczeyde aranan C.K. isimli \u015fah\u0131slar yakaland\u0131 ve \u00fclkemize iadeleri sa\u011fland\u0131.&#8221; bilgisini payla\u015ft\u0131.<\/p>\n<p>Bakan Yerlikaya, yakalanan ki\u015filerin hangi c\u00fcr\u00fcmlerden arand\u0131\u011f\u0131na ait, \u015funlar\u0131 kaydetti:<\/p>\n<p>&#8220;&#8216;Uyu\u015fturucu yahut uyar\u0131c\u0131 husus ticareti&#8217; kabahatinden k\u0131rm\u0131z\u0131 b\u00fcltenle milletleraras\u0131 d\u00fczeyde aranan A.\u00d6, &#8216;bili\u015fim sistemlerinin kullan\u0131lmas\u0131 suretiyle doland\u0131r\u0131c\u0131l\u0131k ve g\u00f6\u00e7men ka\u00e7ak\u00e7\u0131l\u0131\u011f\u0131&#8217; c\u00fcr\u00fcmlerinden k\u0131rm\u0131z\u0131 b\u00fcltenle milletleraras\u0131 d\u00fczeyde aranan S.\u00c7, &#8216;ki\u015fiyi h\u00fcrriyetinden mahrum k\u0131lma, yaralama, konut dokunulmazl\u0131\u011f\u0131n\u0131 ihlal etme, silahla tehdit ve mala ziyan verme&#8217; c\u00fcr\u00fcmlerinden k\u0131rm\u0131z\u0131 b\u00fcltenle memleketler aras\u0131 d\u00fczeyde aranan \u0130.K, &#8216;kasten yaralama, misyonu yapt\u0131rmamak i\u00e7in direnme, kamu mal\u0131na ziyan verme, hakaret ve ruhsats\u0131z silah&#8217; hatalar\u0131ndan k\u0131rm\u0131z\u0131 b\u00fcltenle memleketler aras\u0131 d\u00fczeyde aranan D.T, &#8216;h\u00fck\u00fcml\u00fc yahut tutuklunun ka\u00e7mas\u0131, adam \u00f6ld\u00fcrme, infaz kurumuna yahut tutukevine yasak e\u015fya sokma&#8217; kabahatlerinden k\u0131rm\u0131z\u0131 b\u00fcltenle milletleraras\u0131 d\u00fczeyde aranan \u0130.\u00c7, &#8216;\u00e7ocu\u011fun cinsel istismar\u0131, cebir, tehdit yahut hileyle ki\u015fiyi h\u00fcrriyetinden mahrum k\u0131lma&#8217; hatalar\u0131ndan k\u0131rm\u0131z\u0131 b\u00fcltenle milletleraras\u0131 d\u00fczeyde aranan A.\u015e, &#8216;yaralama, nitelikli ya\u011fma, ki\u015fiyi h\u00fcrriyetinden mahrum k\u0131lma, resmi dok\u00fcman\u0131n d\u00fczenlenmesinde palavra beyan, sahtecilik, doland\u0131r\u0131c\u0131l\u0131k, d\u00fczmece para basma&#8217; c\u00fcr\u00fcmlerinden k\u0131rm\u0131z\u0131 b\u00fcltenle milletleraras\u0131 d\u00fczeyde aranan \u0130.K, &#8216;silahla ya\u011fma, tehdit, hakaret, birden fazla ki\u015fi taraf\u0131ndan silahla ya\u011fma, ki\u015fiyi h\u00fcrriyetinden mahrum k\u0131lma ve silahla tehdit&#8217; hatalar\u0131ndan k\u0131rm\u0131z\u0131 b\u00fcltenle milletleraras\u0131 d\u00fczeyde aranan \u00d6.B. isimli \u015fah\u0131slar G\u00fcrcistan&#8217;da yakaland\u0131.<\/p>\n<p>&#8216;Uyu\u015fturucu, uyar\u0131c\u0131 husus ticareti yapmak yahut sa\u011flamak&#8217; kabahatinden k\u0131rm\u0131z\u0131 b\u00fcltenle milletleraras\u0131 d\u00fczeyde aranan M.Y, &#8216;kasten \u00f6ld\u00fcrme&#8217; kabahatinden k\u0131rm\u0131z\u0131 b\u00fcltenle milletleraras\u0131 d\u00fczeyde aranan \u015e.A, &#8216;bili\u015fim sistemlerinin kullan\u0131lmas\u0131 suretiyle doland\u0131r\u0131c\u0131l\u0131k&#8217; hatas\u0131ndan k\u0131rm\u0131z\u0131 b\u00fcltenle milletleraras\u0131 d\u00fczeyde aranan \u00d6.G. isimli \u015fah\u0131slar Almanya&#8217;da, &#8216;h\u0131rs\u0131zl\u0131k, konut dokunulmazl\u0131\u011f\u0131n\u0131 ihlal etme ve mala ziyan verme&#8217; kabahatlerinden k\u0131rm\u0131z\u0131 b\u00fcltenle memleketler aras\u0131 d\u00fczeyde aranan B.\u015e. isimli \u015fah\u0131s Yunanistan&#8217;da, &#8216;kasten yaralama&#8217; kabahatinden k\u0131rm\u0131z\u0131 b\u00fcltenle memleketler aras\u0131 d\u00fczeyde aranan A.G. isimli \u015fah\u0131s Bel\u00e7ika&#8217;da, &#8216;uyu\u015fturucu yahut uyar\u0131c\u0131 unsur ticareti yapma yahut sa\u011flama&#8217; c\u00fcr\u00fcmlerinden k\u0131rm\u0131z\u0131 b\u00fcltenle memleketler aras\u0131 d\u00fczeyde aranan K.K. isimli \u015fah\u0131s S\u0131rbistan&#8217;da, &#8216;\u00f6zel dok\u00fcmanda sahtecilik, doland\u0131r\u0131c\u0131l\u0131k ve tefecilik&#8217; kabahatlerinden ulusal d\u00fczeyde aranan C.K. isimli \u015fah\u0131s KKTC&#8217;de yakaland\u0131 ve \u00fclkemize iadeleri sa\u011fland\u0131.&#8221;<\/p>\n<p>Adalet Bakanl\u0131\u011f\u0131na ve bakanl\u0131k \u00e7al\u0131\u015fanlar\u0131na te\u015fekk\u00fcr eden, Interpol Europol Daire Ba\u015fkanl\u0131\u011f\u0131n\u0131 tebrik eden Yerlikaya, &#8220;K\u0131rm\u0131z\u0131 b\u00fcltenle arad\u0131\u011f\u0131m\u0131z 14, ulusal d\u00fczeyde arad\u0131\u011f\u0131m\u0131z 1 olmak \u00fczere 15 hatal\u0131y\u0131 G\u00fcrcistan, Almanya, Yunanistan, Bel\u00e7ika, S\u0131rbistan ve KKTC&#8217;den \u00fclkemize getirdik. Bu kabine devrimizde 407 c\u00fcr\u00fcml\u00fcn\u00fcn \u00fclkemize iadesini sa\u011flad\u0131k. Enselerindeyiz, bizden ka\u00e7amayacaklar.&#8221; s\u00f6z\u00fcn\u00fc kulland\u0131.<\/p>\n","protected":false},"excerpt":{"rendered":"<p>\u0130\u00e7i\u015fleri Bakan\u0131 Ali Yerlikaya, k\u0131rm\u0131z\u0131 b\u00fcltenle aranan 14 ve ulusal d\u00fczeyde aranan 1 hatal\u0131n\u0131n G\u00fcrcistan, Almanya, Yunanistan, Bel\u00e7ika, S\u0131rbistan ve Kuzey K\u0131br\u0131s T\u00fcrk Cumhuriyeti&#8217;nde (KKTC) yakalanarak T\u00fcrkiye&#8217;ye iade edildi\u011fini duyurdu.<\/p>\n","protected":false},"author":1,"featured_media":58059,"comment_status":"open","ping_status":"open","sticky":false,"template":"","format":"standard","meta":{"footnotes":""},"categories":[25],"tags":[2964,2015],"class_list":["post-58058","post","type-post","status-publish","format-standard","has-post-thumbnail","hentry","category-gundem","tag-aranan","tag-sucundan"],"_links":{"self":[{"href":"https:\/\/ikimisli.tr\/index.php\/wp-json\/wp\/v2\/posts\/58058","targetHints":{"allow":["GET"]}}],"collection":[{"href":"https:\/\/ikimisli.tr\/index.php\/wp-json\/wp\/v2\/posts"}],"about":[{"href":"https:\/\/ikimisli.tr\/index.php\/wp-json\/wp\/v2\/types\/post"}],"author":[{"embeddable":true,"href":"https:\/\/ikimisli.tr\/index.php\/wp-json\/wp\/v2\/users\/1"}],"replies":[{"embeddable":true,"href":"https:\/\/ikimisli.tr\/index.php\/wp-json\/wp\/v2\/comments?post=58058"}],"version-history":[{"count":1,"href":"https:\/\/ikimisli.tr\/index.php\/wp-json\/wp\/v2\/posts\/58058\/revisions"}],"predecessor-version":[{"id":58060,"href":"https:\/\/ikimisli.tr\/index.php\/wp-json\/wp\/v2\/posts\/58058\/revisions\/58060"}],"wp:featuredmedia":[{"embeddable":true,"href":"https:\/\/ikimisli.tr\/index.php\/wp-json\/wp\/v2\/media\/58059"}],"wp:attachment":[{"href":"https:\/\/ikimisli.tr\/index.php\/wp-json\/wp\/v2\/media?parent=58058"}],"wp:term":[{"taxonomy":"category","embeddable":true,"href":"https:\/\/ikimisli.tr\/index.php\/wp-json\/wp\/v2\/categories?post=58058"},{"taxonomy":"post_tag","embeddable":true,"href":"https:\/\/ikimisli.tr\/index.php\/wp-json\/wp\/v2\/tags?post=58058"}],"curies":[{"name":"wp","href":"https:\/\/api.w.org\/{rel}","templated":true}]}}