{"id":58137,"date":"2025-07-21T10:47:48","date_gmt":"2025-07-21T10:47:48","guid":{"rendered":"https:\/\/ikimisli.tr\/?p=58137"},"modified":"2025-07-21T10:47:48","modified_gmt":"2025-07-21T10:47:48","slug":"hasat-basladi-tarladaki-mahsul-servet-degerinde-olunca-jandarma-gece-gunduz-basinda-nobet-tuttu","status":"publish","type":"post","link":"https:\/\/ikimisli.tr\/index.php\/2025\/07\/21\/hasat-basladi-tarladaki-mahsul-servet-degerinde-olunca-jandarma-gece-gunduz-basinda-nobet-tuttu\/","title":{"rendered":"Hasat ba\u015flad\u0131: Tarladaki mahsul servet de\u011ferinde olunca Jandarma gece g\u00fcnd\u00fcz ba\u015f\u0131nda n\u00f6bet tuttu"},"content":{"rendered":"<p>Bir y\u0131l mahsul verip, \u00f6teki y\u0131l vermeyen Antep f\u0131st\u0131\u011f\u0131 i\u00e7in hasat periyodunda \u00f6nlemler art\u0131r\u0131ld\u0131. H\u0131rs\u0131zl\u0131k olaylar\u0131na kar\u015f\u0131 g\u00fcvenlik tedbiri alan Gaziantep Vilayet Jandarma Komutanl\u0131\u011f\u0131 gruplar\u0131 O\u011fuzeli, Yavuzeli, Nizip ve Karkam\u0131\u015f il\u00e7elerinde karadan yaya ve motorlu devriye, havadan dron ile \u00f6nlemler ald\u0131. Ayr\u0131yeten ellerinde silahlar ile f\u0131st\u0131k yerleri i\u00e7erisinde komandolar devriye atarken, birtak\u0131m gruplar de yerlere yak\u0131n b\u00f6lgelerde uygulama noktalar\u0131 olu\u015fturdu.<\/p>\n<p><img decoding=\"async\" src=\"https:\/\/ikimisli.tr\/wp-content\/uploads\/2025\/07\/hasat-basladi-tarladaki-mahsul-servet-degerinde-olunca-jandarma-gece-gunduz-basinda-nobet-tuttu-0-IVNIKanv.jpg\"\/><\/p>\n<p><strong>TARLA HIRSIZLARININ B\u0130R NUMARALI HEDEF\u0130\u00a0<\/strong><\/p>\n<p>T\u00fcrkiye&#8217;de yeti\u015ftirilen safran, antep f\u0131st\u0131\u011f\u0131 ve f\u0131nd\u0131k \u00fczere eserler, piyasa fiyatlar\u0131n\u0131n son y\u0131llarda artmas\u0131yla birlikte tarla h\u0131rs\u0131zlar\u0131n\u0131n en b\u00fcy\u00fck maksatlar\u0131 ortas\u0131na girdi. Jandarma tak\u0131mlar\u0131, \u00e7ift\u00e7ileri birlikte tarlalar\u0131n g\u00fcvenli\u011fini sa\u011flarken, h\u0131rs\u0131zl\u0131k hadiselerini engellemek gayesiyle gece g\u00f6r\u00fc\u015fl\u00fc dron kameralardan yard\u0131m al\u0131n\u0131yor.\u00a0<\/p>\n<p><strong>TARLADA ATE\u015e YAKMAK YASAK\u00a0<\/strong><\/p>\n<p>Normal ko\u015fullar alt\u0131nda tarlada gece n\u00f6betine kalan \u00e7ift\u00e7iler, mahsullerini h\u0131rs\u0131zlara kar\u015f\u0131 korumak i\u00e7in n\u00f6betle\u015fe halde mahsul\u00fcn yan\u0131nda uyumaktayd\u0131. Lakin son g\u00fcnlerde art\u0131\u015f g\u00f6steren orman yang\u0131nlar\u0131 nedeniyle Jandarma tak\u0131mlar\u0131, \u00e7ift\u00e7ilerin tarlada ve ye\u015fil alan yak\u0131n\u0131nda ate\u015f yakmas\u0131na m\u00fcsaade etmemekte.\u00a0<\/p>\n<p><img decoding=\"async\" src=\"https:\/\/ikimisli.tr\/wp-content\/uploads\/2025\/07\/hasat-basladi-tarladaki-mahsul-servet-degerinde-olunca-jandarma-gece-gunduz-basinda-nobet-tuttu-1-Y42vRhN3.jpg\"\/><\/p>\n<p>Bu nedenle ortaya \u00e7\u0131kan g\u00fcvenlik a\u00e7\u0131\u011f\u0131 ise devriye gezen Jandarma say\u0131s\u0131n\u0131n art\u0131r\u0131lmas\u0131yla kapat\u0131lmakta. \u0130\u00e7i\u015fleri Bakanl\u0131\u011f\u0131&#8217;na ba\u011fl\u0131 Jandarma tak\u0131mlar\u0131 sorumluluk b\u00f6lgesinde gece ve g\u00fcnd\u00fcz devriye faaliyetlerini art\u0131rarak, dronlarla \u00f6nleyici g\u00fcvenlik hizmetleri ba\u015flatt\u0131. Jandarma gruplar\u0131, h\u0131rs\u0131zl\u0131k olaylar\u0131na kar\u015f\u0131 vatanda\u015flar\u0131 daha \u00f6nlemli olmalar\u0131 konusunda bilgilendirerek ihtarlar yapt\u0131.<\/p>\n","protected":false},"excerpt":{"rendered":"<p>G\u00fcneydo\u011fu Anadolu B\u00f6lgesi&#8217;nde &#8216;ye\u015fil alt\u0131n&#8217; olarak bilinen Antep f\u0131st\u0131\u011f\u0131 i\u00e7in hasat periyodunda g\u00fcvenlik \u00f6nlemleri art\u0131r\u0131ld\u0131. Vilayet Jandarma Komutanl\u0131\u011f\u0131\u2019na ba\u011fl\u0131 komando tak\u0131mlar\u0131, fiyat\u0131 alt\u0131nla yar\u0131\u015fan Antep f\u0131st\u0131klar\u0131n\u0131n korunmas\u0131 i\u00e7in f\u0131st\u0131k topraklar\u0131nda n\u00f6bete ba\u015flad\u0131.<\/p>\n","protected":false},"author":1,"featured_media":58138,"comment_status":"open","ping_status":"open","sticky":false,"template":"","format":"standard","meta":{"footnotes":""},"categories":[25],"tags":[1730,901],"class_list":["post-58137","post","type-post","status-publish","format-standard","has-post-thumbnail","hentry","category-gundem","tag-jandarma","tag-tarla"],"_links":{"self":[{"href":"https:\/\/ikimisli.tr\/index.php\/wp-json\/wp\/v2\/posts\/58137","targetHints":{"allow":["GET"]}}],"collection":[{"href":"https:\/\/ikimisli.tr\/index.php\/wp-json\/wp\/v2\/posts"}],"about":[{"href":"https:\/\/ikimisli.tr\/index.php\/wp-json\/wp\/v2\/types\/post"}],"author":[{"embeddable":true,"href":"https:\/\/ikimisli.tr\/index.php\/wp-json\/wp\/v2\/users\/1"}],"replies":[{"embeddable":true,"href":"https:\/\/ikimisli.tr\/index.php\/wp-json\/wp\/v2\/comments?post=58137"}],"version-history":[{"count":1,"href":"https:\/\/ikimisli.tr\/index.php\/wp-json\/wp\/v2\/posts\/58137\/revisions"}],"predecessor-version":[{"id":58141,"href":"https:\/\/ikimisli.tr\/index.php\/wp-json\/wp\/v2\/posts\/58137\/revisions\/58141"}],"wp:featuredmedia":[{"embeddable":true,"href":"https:\/\/ikimisli.tr\/index.php\/wp-json\/wp\/v2\/media\/58138"}],"wp:attachment":[{"href":"https:\/\/ikimisli.tr\/index.php\/wp-json\/wp\/v2\/media?parent=58137"}],"wp:term":[{"taxonomy":"category","embeddable":true,"href":"https:\/\/ikimisli.tr\/index.php\/wp-json\/wp\/v2\/categories?post=58137"},{"taxonomy":"post_tag","embeddable":true,"href":"https:\/\/ikimisli.tr\/index.php\/wp-json\/wp\/v2\/tags?post=58137"}],"curies":[{"name":"wp","href":"https:\/\/api.w.org\/{rel}","templated":true}]}}