{"id":58235,"date":"2025-07-21T15:23:45","date_gmt":"2025-07-21T15:23:45","guid":{"rendered":"https:\/\/ikimisli.tr\/?p=58235"},"modified":"2025-07-21T15:23:45","modified_gmt":"2025-07-21T15:23:45","slug":"abd-ankara-buyukelcisi-barracktan-suriyede-ateskes-aciklamasi","status":"publish","type":"post","link":"https:\/\/ikimisli.tr\/index.php\/2025\/07\/21\/abd-ankara-buyukelcisi-barracktan-suriyede-ateskes-aciklamasi\/","title":{"rendered":"ABD Ankara B\u00fcy\u00fckel\u00e7isi Barrack&#8217;tan Suriye&#8217;de ate\u015fkes a\u00e7\u0131klamas\u0131"},"content":{"rendered":"<p>Sosyal medya platformu X \u00fczerinden a\u00e7\u0131klamalarda bulunan Barrack, Suriye halk\u0131n\u0131n \u201cy\u0131llard\u0131r maruz kald\u0131\u011f\u0131 hayal edilemez ac\u0131lar ve zulm\u00fcn\u201d art\u0131k sona ermesi gerekti\u011fini vurgulad\u0131. ABD Ba\u015fkan\u0131 Donald Trump\u2019\u0131n Suriye\u2019ye y\u00f6nelik birtak\u0131m yapt\u0131r\u0131mlar\u0131 kald\u0131rma karar\u0131n\u0131 da &#8220;ilkeli bir ad\u0131m&#8221; olarak nitelendiren Barrack, bu ad\u0131m\u0131n \u201c\u00fclke halk\u0131na umut dolu bir gelece\u011fe ge\u00e7i\u015f talihi sundu\u011funu\u201d belirtti.<\/p>\n<p><b>&#8216;\u0130NT\u0130KAM D\u00d6NG\u00dcS\u00dc SONA ERMEL\u0130&#8217;<\/b><\/p>\n<p>Sahadaki sert \u00e7at\u0131\u015fmalar\u0131n ve kabileler ortas\u0131 intikam d\u00f6ng\u00fclerinin, yeni kurulan Suriye h\u00fck\u00fcmetinin k\u0131r\u0131lgan yap\u0131s\u0131n\u0131 daha da zay\u0131flatt\u0131\u011f\u0131n\u0131 s\u00f6z eden Barrack, \u015funlar\u0131 s\u00f6yledi:<\/p>\n<p>\u201cT\u00fcm taraflar, derhal silahlar\u0131n\u0131 b\u0131rakmal\u0131, d\u00fc\u015fmanl\u0131klar\u0131 sona erdirmeli ve kabileler ortas\u0131 intikam d\u00f6ng\u00fcs\u00fcnden vazge\u00e7meli. Suriye, bar\u0131\u015f ve diyalo\u011fun h\u00e2kim olmas\u0131 gereken \u00e7ok kritik bir d\u00f6neme\u00e7te bulunuyor ve bu ad\u0131m gecikmeden at\u0131lmal\u0131.\u201d<\/p>\n<p><b>17.00 PREST\u0130J\u0130YLE \u00c7ATI\u015eMALAR DURDU<\/b><\/p>\n<p>Barrack, yapt\u0131\u011f\u0131 bir ba\u015fka payla\u015f\u0131mda ise taraflar\u0131n 17.00 (\u015eam saatiyle) prestijiyle \u00e7at\u0131\u015fmalar\u0131 durdurmaya y\u00f6neldi\u011fini a\u00e7\u0131klad\u0131. Ate\u015fkesin s\u00fcrd\u00fcr\u00fclebilir olmas\u0131 i\u00e7in \u201c\u015fiddetin durmas\u0131, g\u00fcnahs\u0131z sivillerin korunmas\u0131, insani yard\u0131mlar\u0131n ge\u00e7i\u015fine m\u00fcsaade verilmesi ve taraflar\u0131n tansiyonu d\u00fc\u015f\u00fcrmeye y\u00f6nelik somut ad\u0131mlar atmas\u0131\u201d gerekti\u011fini belirtti.<\/p>\n<p>Bar\u0131\u015f s\u00fcrecinde bir sonraki ad\u0131m\u0131n tutuklu ve tutsaklar\u0131n kar\u015f\u0131l\u0131kl\u0131 de\u011fi\u015fimi oldu\u011funu vurgulayan Barrack, bu s\u00fcrece ait lojistik haz\u0131rl\u0131klar\u0131n devam etti\u011fini s\u00f6yledi.<\/p>\n<p>Suriye&#8217;nin g\u00fcneyindeki S\u00fcveyda kentinde son g\u00fcnlerde ya\u015fanan \u00e7at\u0131\u015fmalar, h\u00fck\u00fcmetin taraflara yapt\u0131\u011f\u0131 bask\u0131 ve davet sonucu b\u00fcy\u00fck \u00f6l\u00e7\u00fcde sona erdi. B\u00f6lgedeki Bedevi Arap sava\u015f\u00e7\u0131lar ve onlara takviye veren a\u015firet g\u00fc\u00e7leri kentten \u00e7ekildi.<\/p>\n<p>Ancak ge\u00e7mi\u015fte yap\u0131lan ate\u015fkeslere bazen uyan, bazen kar\u015f\u0131 \u00e7\u0131kan ve \u0130srail taraf\u0131ndan desteklendi\u011fi \u00f6ne s\u00fcr\u00fclen D\u00fcrzi \u00f6nder Hikmet el-Hecri\u2019nin tavr\u0131 merak konusu olmaya devam ediyor.<\/p>\n","protected":false},"excerpt":{"rendered":"<p>ABD\u2019nin Suriye \u00d6zel Temsilcisi ve Ankara B\u00fcy\u00fckel\u00e7isi Tom Barrack, Suriye\u2019de yine t\u0131rmanan \u00e7at\u0131\u015fmalar ve kabileler ortas\u0131 tansiyonlara ait dikkat \u00e7eken a\u00e7\u0131klamalarda bulundu. Barrack, t\u00fcm taraflara derhal silah b\u0131rakma ve d\u00fc\u015fmanl\u0131klar\u0131 sona erdirme daveti yapt\u0131.<\/p>\n","protected":false},"author":1,"featured_media":58236,"comment_status":"open","ping_status":"open","sticky":false,"template":"","format":"standard","meta":{"footnotes":""},"categories":[25],"tags":[5136,7572,295],"class_list":["post-58235","post","type-post","status-publish","format-standard","has-post-thumbnail","hentry","category-gundem","tag-adim","tag-barrack","tag-suriye"],"_links":{"self":[{"href":"https:\/\/ikimisli.tr\/index.php\/wp-json\/wp\/v2\/posts\/58235","targetHints":{"allow":["GET"]}}],"collection":[{"href":"https:\/\/ikimisli.tr\/index.php\/wp-json\/wp\/v2\/posts"}],"about":[{"href":"https:\/\/ikimisli.tr\/index.php\/wp-json\/wp\/v2\/types\/post"}],"author":[{"embeddable":true,"href":"https:\/\/ikimisli.tr\/index.php\/wp-json\/wp\/v2\/users\/1"}],"replies":[{"embeddable":true,"href":"https:\/\/ikimisli.tr\/index.php\/wp-json\/wp\/v2\/comments?post=58235"}],"version-history":[{"count":1,"href":"https:\/\/ikimisli.tr\/index.php\/wp-json\/wp\/v2\/posts\/58235\/revisions"}],"predecessor-version":[{"id":58237,"href":"https:\/\/ikimisli.tr\/index.php\/wp-json\/wp\/v2\/posts\/58235\/revisions\/58237"}],"wp:featuredmedia":[{"embeddable":true,"href":"https:\/\/ikimisli.tr\/index.php\/wp-json\/wp\/v2\/media\/58236"}],"wp:attachment":[{"href":"https:\/\/ikimisli.tr\/index.php\/wp-json\/wp\/v2\/media?parent=58235"}],"wp:term":[{"taxonomy":"category","embeddable":true,"href":"https:\/\/ikimisli.tr\/index.php\/wp-json\/wp\/v2\/categories?post=58235"},{"taxonomy":"post_tag","embeddable":true,"href":"https:\/\/ikimisli.tr\/index.php\/wp-json\/wp\/v2\/tags?post=58235"}],"curies":[{"name":"wp","href":"https:\/\/api.w.org\/{rel}","templated":true}]}}