{"id":58413,"date":"2025-07-22T03:59:42","date_gmt":"2025-07-22T03:59:42","guid":{"rendered":"https:\/\/ikimisli.tr\/?p=58413"},"modified":"2025-07-22T03:59:42","modified_gmt":"2025-07-22T03:59:42","slug":"aile-hekimliginde-yeni-donem-basliyor","status":"publish","type":"post","link":"https:\/\/ikimisli.tr\/index.php\/2025\/07\/22\/aile-hekimliginde-yeni-donem-basliyor\/","title":{"rendered":"Aile hekimli\u011finde yeni d\u00f6nem ba\u015fl\u0131yor"},"content":{"rendered":"<p>Kabul edilen yeni d\u00fczenlemeye nazaran, kontratl\u0131 aile doktoru olarak misyon yapan s\u0131hhat \u00e7al\u0131\u015fanlar\u0131, makul kaideleri ta\u015f\u0131malar\u0131 halinde merkezi yerle\u015ftirme olmaks\u0131z\u0131n uzmanl\u0131k e\u011fitimi alabilecek. Emel, saha aile hekimli\u011fi uzmanl\u0131\u011f\u0131 \u00fczerinden sistemdeki tabip say\u0131s\u0131n\u0131 art\u0131rmak ve s\u0131hhat hizmetlerinin aktifli\u011fini y\u00fckseltmek.<\/p>\n<p><b>UZMANLIK E\u011e\u0130T\u0130M\u0130NE MERKEZ\u0130 YERLE\u015eME OLMADAN G\u0130R\u0130LEB\u0130LECEK<\/b><\/p>\n<p>1 Ocak 2025\u2019e kadar, ilgili kanun \u00e7er\u00e7evesinde kontratl\u0131 aile tabibi olarak g\u00f6rev yapanlar, T\u0131pta Uzmanl\u0131k S\u0131nav\u0131 (TUS) sonu\u00e7lar\u0131na nazaran ve T\u0131pta Uzmanl\u0131k Kurulu taraf\u0131ndan belirlenen as\u0131llara uygun olarak aile hekimli\u011fi uzmanl\u0131k e\u011fitimi alabilecek. Bu s\u00fcre\u00e7te merkezi yerle\u015ftirme ko\u015fulu aranmayacak.<\/p>\n<p>E\u011fitim m\u00fcddeti genel olarak uzaktan yahut yar\u0131 vakitli bi\u00e7imde en az 6 y\u0131l olacak. Fakat, e\u011fitime ba\u015flamadan evvel en az 5 y\u0131l aile doktoru olarak \u00e7al\u0131\u015fanlar i\u00e7in bu m\u00fcddet en az 4 y\u0131la indirilebilecek.<\/p>\n<p><b>E\u011e\u0130T\u0130M M\u00dcDDET\u0130NDE MAA\u015e DI\u015eINDA EK \u00d6DEME OLMAYACAK<\/b><\/p>\n<p>S\u00f6zle\u015fmeli aile doktoru olarak uzmanl\u0131k e\u011fitimi alanlar, bu s\u00fcre\u00e7te d\u00f6ner sermaye ek \u00f6demelerinden s\u0131rf motivasyon art\u0131r\u0131c\u0131 \u00f6deme d\u0131\u015f\u0131nda rastgele bir ek yarardan yararlanamayacak. B\u00f6ylelikle sistemdeki adil fiyatland\u0131rma yap\u0131s\u0131n\u0131n korunmas\u0131 hedefleniyor.<\/p>\n<p><b>SA\u011eLIK MESLEK L\u0130SELER\u0130NDE UNVAN DE\u011e\u0130\u015e\u0130KL\u0130\u011e\u0130<\/b><\/p>\n<p>Yasayla birlikte s\u0131hhat meslek liselerinde birtak\u0131m unvanlar da de\u011fi\u015fiyor.<br \/>\u201cHem\u015fire yard\u0131mc\u0131s\u0131\u201d ve \u201cebe yard\u0131mc\u0131s\u0131\u201d unvanlar\u0131 kald\u0131r\u0131larak, bu \u00f6\u011frencilerin mezuniyet sonras\u0131 stat\u00fcleri \u201csa\u011fl\u0131k bak\u0131m teknisyeni\u201d \u00e7at\u0131s\u0131 alt\u0131nda birle\u015ftirilecek. Ayr\u0131yeten \u201cdi\u015f protez teknisyeni\u201d unvan\u0131 kapsam\u0131nda \u00f6\u011frenci al\u0131m\u0131na uygun yeni programlar da belirlenecek.<\/p>\n","protected":false},"excerpt":{"rendered":"<p>Yeni maddeyle birlikte aile hekimli\u011fi uzmanl\u0131k s\u00fcrecinde dikkat \u00e7eken de\u011fi\u015fiklikler geliyor. Alandaki aile tabibi say\u0131s\u0131n\u0131 art\u0131rmay\u0131 hedefleyen d\u00fczenleme Resm\u00ee Gazete\u2019de yay\u0131mlanarak y\u00fcr\u00fcrl\u00fc\u011fe girdi.<\/p>\n","protected":false},"author":1,"featured_media":58414,"comment_status":"open","ping_status":"open","sticky":false,"template":"","format":"standard","meta":{"footnotes":""},"categories":[29],"tags":[87,1328,595,150,7709],"class_list":["post-58413","post","type-post","status-publish","format-standard","has-post-thumbnail","hentry","category-saglik","tag-aile","tag-egitim","tag-hekim","tag-saglik","tag-uzmanlik"],"_links":{"self":[{"href":"https:\/\/ikimisli.tr\/index.php\/wp-json\/wp\/v2\/posts\/58413","targetHints":{"allow":["GET"]}}],"collection":[{"href":"https:\/\/ikimisli.tr\/index.php\/wp-json\/wp\/v2\/posts"}],"about":[{"href":"https:\/\/ikimisli.tr\/index.php\/wp-json\/wp\/v2\/types\/post"}],"author":[{"embeddable":true,"href":"https:\/\/ikimisli.tr\/index.php\/wp-json\/wp\/v2\/users\/1"}],"replies":[{"embeddable":true,"href":"https:\/\/ikimisli.tr\/index.php\/wp-json\/wp\/v2\/comments?post=58413"}],"version-history":[{"count":1,"href":"https:\/\/ikimisli.tr\/index.php\/wp-json\/wp\/v2\/posts\/58413\/revisions"}],"predecessor-version":[{"id":58415,"href":"https:\/\/ikimisli.tr\/index.php\/wp-json\/wp\/v2\/posts\/58413\/revisions\/58415"}],"wp:featuredmedia":[{"embeddable":true,"href":"https:\/\/ikimisli.tr\/index.php\/wp-json\/wp\/v2\/media\/58414"}],"wp:attachment":[{"href":"https:\/\/ikimisli.tr\/index.php\/wp-json\/wp\/v2\/media?parent=58413"}],"wp:term":[{"taxonomy":"category","embeddable":true,"href":"https:\/\/ikimisli.tr\/index.php\/wp-json\/wp\/v2\/categories?post=58413"},{"taxonomy":"post_tag","embeddable":true,"href":"https:\/\/ikimisli.tr\/index.php\/wp-json\/wp\/v2\/tags?post=58413"}],"curies":[{"name":"wp","href":"https:\/\/api.w.org\/{rel}","templated":true}]}}