{"id":58446,"date":"2025-07-22T05:59:42","date_gmt":"2025-07-22T05:59:42","guid":{"rendered":"https:\/\/ikimisli.tr\/?p=58446"},"modified":"2025-07-22T05:59:42","modified_gmt":"2025-07-22T05:59:42","slug":"fatih-altayli-erdogan-o-masayi-devirdiginde-bakirhanin-yuzunu-gormek-isterim","status":"publish","type":"post","link":"https:\/\/ikimisli.tr\/index.php\/2025\/07\/22\/fatih-altayli-erdogan-o-masayi-devirdiginde-bakirhanin-yuzunu-gormek-isterim\/","title":{"rendered":"Fatih Altayl\u0131: &#8216;Erdo\u011fan o masay\u0131 devirdi\u011finde Bak\u0131rhan&#8217;\u0131n y\u00fcz\u00fcn\u00fc g\u00f6rmek isterim&#8217;"},"content":{"rendered":"<p>Gazeteci Fatih Altayl\u0131, Silivri Cezaevi&#8217;nde tutuklulu\u011funun 30. g\u00fcn\u00fcnde, &#8220;bo\u015f koltuk&#8221; serisinde konu\u015ftu.<\/p>\n<p>Altayl\u0131, DEM Partili Bak\u0131rhan&#8217;\u0131n tutuklu \u0130BB Ba\u015fkan\u0131 Ekrem \u0130mamo\u011flu&#8217;na y\u00f6nelik, &#8220;Siyasal olaylar\u0131 yanl\u0131\u015f g\u00f6ren ve k\u0131ymetlendiren bir yerde duruyor&#8221; ve &#8220;Masada Cumhuriyet Halk Partisi olursa tahminen de \u0130mamo\u011flu d\u0131\u015far\u0131da olacak&#8221; s\u00f6zlerini yorumlad\u0131.\u00a0<\/p>\n<p>&#8220;DEM&#8217;li Tuncer Bak\u0131rhan&#8217;\u0131n &#8216;anayasa masas\u0131na oturun, tutuklular h\u00fcr kals\u0131n&#8217; c\u00fcmlesi de tam felaket&#8221; diyen <strong>Altayl\u0131 \u015funlar\u0131 kaydetti:<\/strong><\/p>\n<p><b>&#8220;PER\u015eEMBE&#8217;N\u0130N GEL\u0130\u015e\u0130 \u00c7AR\u015eAMBA&#8217;DAN BELL\u0130YD\u0130&#8221;<\/b><\/p>\n<p>T\u00fcrkiye&#8217;de demokrasinin geli\u015fmesi i\u00e7in k\u0131ymetli katk\u0131lar sunaca\u011f\u0131n\u0131 d\u00fc\u015f\u00fcnd\u00fc\u011f\u00fcm DEM Parti ya da siyasal K\u00fcrt hareketi, Cumhur \u0130ttifak\u0131&#8217;na dokundu\u011fu anda vir\u00fcs\u00fc kapm\u0131\u015f ve antidemokratik cepheye kat\u0131lm\u0131\u015f g\u00f6r\u00fcn\u00fcyor. Ne var ki Per\u015fembe&#8217;nin geli\u015fi \u00c7ar\u015famba&#8217;dan belirliydi.<\/p>\n<p><b>&#8220;AM\u0130RLER\u0130 \u00d6CALAN BUNLARI B\u0130R FIR\u00c7ALASA&#8230;&#8221;<\/b><\/p>\n<p>DEM Parti maden yasas\u0131 parlamentodan ge\u00e7irilirken hi\u00e7bir \u015fey yapmad\u0131. Me\u011fer d\u00fcne kadar bu bahislerde pek hassasm\u0131\u015f \u00fczere yaparlard\u0131r. Bari amirleri \u00d6calan bunlar\u0131 bir f\u0131r\u00e7alasa. O denli ya \u00d6calan y\u0131llard\u0131r ekolojik toplum diye y\u00fczlerce makale yazd\u0131, biz de ciddiye al\u0131p okuduk. Umar\u0131m Bak\u0131rhan&#8217;\u0131n s\u00f6zleri benim izleyebildi\u011fim televizyon ve gazeteler yanl\u0131\u015f aktarm\u0131\u015f olsun. Aksi takdirde bu c\u00fcmleler tam felaket.<\/p>\n<p><b>&#8220;ERDO\u011eAN MASAYI DEV\u0130RD\u0130\u011e\u0130NDE&#8230;&#8221;<\/b><\/p>\n<p>Herkes bilsin ki; demokrasi, hukuk, adalet yok ise hi\u00e7bir sorun \u00e7\u00f6z\u00fclmez. Yar\u0131n 2 puan oy kaybetti\u011fini g\u00f6r\u00fcnce Erdo\u011fan o masay\u0131 devirdi\u011finde Bak\u0131rhan&#8217;\u0131n y\u00fcz\u00fcn\u00fc g\u00f6rmek isterim. Bu kadar y\u0131l\u0131n ac\u0131 deneyimleriyle demlenmi\u015f bir partinin bu kadar yanl\u0131\u015f bir durum almas\u0131 ak\u0131l tutulmas\u0131 olabilir. Ayr\u0131yeten Bak\u0131rhan&#8217;\u0131n, &#8216;masaya oturun tutuklular \u00f6zg\u00fcr kals\u0131n&#8217; kelamlar\u0131na birinci itiraz\u0131 Cumhurba\u015fkan\u0131 yapmal\u0131. Zira kendisini t\u00f6hmet alt\u0131nda b\u0131rak\u0131yor.&#8221;<\/p>\n<p>Altayl\u0131 ayr\u0131yeten CHP&#8217;nin s\u00fcrece ait konumunu, &#8220;CHP Ter\u00f6rs\u00fcz T\u00fcrkiye&#8217; masas\u0131nda yok de\u011fil, gitmedi\u011fi masa anayasa masas\u0131&#8221; diyerek yorumlad\u0131.\u00a0<\/p>\n<p><b>NE OLMU\u015eTU?<\/b><\/p>\n<p>DEM Parti E\u015f Genel Lideri Tuncer Bak\u0131rhan, T24&#8217;e verdi\u011fi r\u00f6portajda CHP&#8217;nin iktidar\u0131n &#8220;Ter\u00f6rs\u00fcz T\u00fcrkiye&#8221; ismini verdi\u011fi s\u00fcre\u00e7te komitede olmas\u0131 gerekti\u011fine vurgu yaparak, \u0130mamo\u011flu i\u00e7in, &#8220;Siyasal olaylar\u0131 yanl\u0131\u015f g\u00f6ren ve k\u0131ymetlendiren bir yerde duruyor&#8221; dedi. Bak\u0131rhan ayr\u0131yeten, &#8220;Masada Cumhuriyet Halk Partisi olursa tahminen de \u0130mamo\u011flu d\u0131\u015far\u0131da olacak&#8221; s\u00f6zlerini kulland\u0131.<\/p>\n","protected":false},"excerpt":{"rendered":"<p>Gazeteci Fatih Altayl\u0131, DEM Parti E\u015f Genel Lideri Tuncer Bak\u0131rhan&#8217;\u0131n CHP ve \u0130mamo\u011flu&#8217;na y\u00f6nelik tenkitlerine kar\u015f\u0131l\u0131k verdi.<\/p>\n","protected":false},"author":1,"featured_media":58447,"comment_status":"open","ping_status":"open","sticky":false,"template":"","format":"standard","meta":{"footnotes":""},"categories":[25],"tags":[255,3998,189],"class_list":["post-58446","post","type-post","status-publish","format-standard","has-post-thumbnail","hentry","category-gundem","tag-dem","tag-masa","tag-parti"],"_links":{"self":[{"href":"https:\/\/ikimisli.tr\/index.php\/wp-json\/wp\/v2\/posts\/58446","targetHints":{"allow":["GET"]}}],"collection":[{"href":"https:\/\/ikimisli.tr\/index.php\/wp-json\/wp\/v2\/posts"}],"about":[{"href":"https:\/\/ikimisli.tr\/index.php\/wp-json\/wp\/v2\/types\/post"}],"author":[{"embeddable":true,"href":"https:\/\/ikimisli.tr\/index.php\/wp-json\/wp\/v2\/users\/1"}],"replies":[{"embeddable":true,"href":"https:\/\/ikimisli.tr\/index.php\/wp-json\/wp\/v2\/comments?post=58446"}],"version-history":[{"count":1,"href":"https:\/\/ikimisli.tr\/index.php\/wp-json\/wp\/v2\/posts\/58446\/revisions"}],"predecessor-version":[{"id":58448,"href":"https:\/\/ikimisli.tr\/index.php\/wp-json\/wp\/v2\/posts\/58446\/revisions\/58448"}],"wp:featuredmedia":[{"embeddable":true,"href":"https:\/\/ikimisli.tr\/index.php\/wp-json\/wp\/v2\/media\/58447"}],"wp:attachment":[{"href":"https:\/\/ikimisli.tr\/index.php\/wp-json\/wp\/v2\/media?parent=58446"}],"wp:term":[{"taxonomy":"category","embeddable":true,"href":"https:\/\/ikimisli.tr\/index.php\/wp-json\/wp\/v2\/categories?post=58446"},{"taxonomy":"post_tag","embeddable":true,"href":"https:\/\/ikimisli.tr\/index.php\/wp-json\/wp\/v2\/tags?post=58446"}],"curies":[{"name":"wp","href":"https:\/\/api.w.org\/{rel}","templated":true}]}}